{"id":12452,"date":"2023-05-15T20:07:30","date_gmt":"2023-05-15T18:07:30","guid":{"rendered":"https:\/\/www.ladiagonale.net\/?p=12452"},"modified":"2023-05-16T13:18:28","modified_gmt":"2023-05-16T11:18:28","slug":"lemarechal-nest-pas-oppose-a-lidee-de-rester-a-brest","status":"publish","type":"post","link":"https:\/\/www.ladiagonale.net\/index.php\/2023\/05\/15\/lemarechal-nest-pas-oppose-a-lidee-de-rester-a-brest\/","title":{"rendered":"Lemarechal n&rsquo;est pas oppos\u00e9 \u00e0 l&rsquo;id\u00e9e de rester \u00e0 Brest"},"content":{"rendered":"\n\n\n<p>En janvier, F\u00e9lix Lemarechal a travers\u00e9 l&rsquo;Hexagone pour rejoindre Brest, o\u00f9 il a \u00e9t\u00e9 <a href=\"https:\/\/www.ladiagonale.net\/index.php\/2023\/01\/31\/officiel-lemarechal-prete-a-brest\/\">pr\u00eat\u00e9 par l&rsquo;AS Monaco pour six mois sans option d&rsquo;achat<\/a>. Le milieu de terrain de 19 ans, qui n&rsquo;a jamais \u00e9t\u00e9 utilis\u00e9 par Philippe Clement lors de la premi\u00e8re partie de saison, reviendra \u00e0 Monaco en juin mais, dans les colonnes de <em>Ouest-France<\/em>, il n&rsquo;a pas ferm\u00e9 la porte \u00e0 une prolongation d&rsquo;exp\u00e9rience dans le Finist\u00e8re : \u00ab&nbsp;<em>Oui j\u2019aimerais bien rester, je me plais bien ici. Et il y a plein de choses que je ne ma\u00eetrise pas<\/em>&nbsp;\u00bb<\/p>\n\n\n\n<p>S&rsquo;il est sous contrat avec le club de la Principaut\u00e9 jusqu&rsquo;en juin 2024, la question de son avenir se posera forc\u00e9ment pour les d\u00e9cideurs mon\u00e9gasques, alors qu&rsquo;il n&rsquo;a disput\u00e9 que deux rencontres avec le maillot \u00e0 la diagonale. Quoiqu&rsquo;il en soit, Lemarechal profite de de ce pr\u00eat pour \u00ab\u00a0<em>prendre de l\u2019exp\u00e9rience en Ligue 1 en grappillant des minutes de jeu<\/em>\u00a0\u00bb. S&rsquo;il est utilis\u00e9 avec parcimonie par Eric Roy, il a tout de m\u00eame pris part \u00e0 dix rencontres depuis janvier dont deux en tant que titulaire, contre Lille (le 24 f\u00e9vrier) et contre Lorient (le 7 mai).<\/p>\n","protected":false},"excerpt":{"rendered":"<p>En janvier, F\u00e9lix Lemarechal a travers\u00e9 l&rsquo;Hexagone pour rejoindre Brest, o\u00f9 il a \u00e9t\u00e9 pr\u00eat\u00e9 par l&rsquo;AS Monaco pour six mois sans option d&rsquo;achat. Le milieu de terrain de 19 ans, qui n&rsquo;a jamais \u00e9t\u00e9 utilis\u00e9 par Philippe Clement lors de la premi\u00e8re partie de saison, reviendra \u00e0 Monaco en juin mais, dans les colonnes [&#8230;]\n","protected":false},"author":2,"featured_media":0,"comment_status":"open","ping_status":"open","sticky":false,"template":"","format":"standard","meta":[],"categories":[6],"tags":[86,309,219,111,110],"yoast_head":"<!-- This site is optimized with the Yoast SEO plugin v19.8 - https:\/\/yoast.com\/wordpress\/plugins\/seo\/ -->\n<title>Lemarechal n&#039;est pas oppos\u00e9 \u00e0 l&#039;id\u00e9e de rester \u00e0 Brest - La Diagonale<\/title>\n<meta name=\"robots\" content=\"index, follow, max-snippet:-1, max-image-preview:large, max-video-preview:-1\" \/>\n<link rel=\"canonical\" href=\"https:\/\/www.ladiagonale.net\/index.php\/2023\/05\/15\/lemarechal-nest-pas-oppose-a-lidee-de-rester-a-brest\/\" \/>\n<meta property=\"og:locale\" content=\"fr_FR\" \/>\n<meta property=\"og:type\" content=\"article\" \/>\n<meta property=\"og:title\" content=\"Lemarechal n&#039;est pas oppos\u00e9 \u00e0 l&#039;id\u00e9e de rester \u00e0 Brest - La Diagonale\" \/>\n<meta property=\"og:description\" content=\"En janvier, F\u00e9lix Lemarechal a travers\u00e9 l&rsquo;Hexagone pour rejoindre Brest, o\u00f9 il a \u00e9t\u00e9 pr\u00eat\u00e9 par l&rsquo;AS Monaco pour six mois sans option d&rsquo;achat. Le milieu de terrain de 19 ans, qui n&rsquo;a jamais \u00e9t\u00e9 utilis\u00e9 par Philippe Clement lors de la premi\u00e8re partie de saison, reviendra \u00e0 Monaco en juin mais, dans les colonnes [...]\" \/>\n<meta property=\"og:url\" content=\"https:\/\/www.ladiagonale.net\/index.php\/2023\/05\/15\/lemarechal-nest-pas-oppose-a-lidee-de-rester-a-brest\/\" \/>\n<meta property=\"og:site_name\" content=\"La Diagonale\" \/>\n<meta property=\"article:published_time\" content=\"2023-05-15T18:07:30+00:00\" \/>\n<meta property=\"article:modified_time\" content=\"2023-05-16T11:18:28+00:00\" \/>\n<meta property=\"og:image\" content=\"https:\/\/www.ladiagonale.net\/wp-content\/uploads\/2023\/02\/lemarechal-brest.png\" \/>\n\t<meta property=\"og:image:width\" content=\"1160\" \/>\n\t<meta property=\"og:image:height\" content=\"650\" \/>\n\t<meta property=\"og:image:type\" content=\"image\/png\" \/>\n<meta name=\"author\" content=\"Damien Dellerba\" \/>\n<meta name=\"twitter:card\" content=\"summary_large_image\" \/>\n<meta name=\"twitter:image\" content=\"https:\/\/www.ladiagonale.net\/wp-content\/uploads\/2023\/02\/lemarechal-brest.png\" \/>\n<meta name=\"twitter:label1\" content=\"\u00c9crit par\" \/>\n\t<meta name=\"twitter:data1\" content=\"Damien Dellerba\" \/>\n\t<meta name=\"twitter:label2\" content=\"Dur\u00e9e de lecture estim\u00e9e\" \/>\n\t<meta name=\"twitter:data2\" content=\"1 minute\" \/>\n<script type=\"application\/ld+json\" class=\"yoast-schema-graph\">{\"@context\":\"https:\/\/schema.org\",\"@graph\":[{\"@type\":\"WebPage\",\"@id\":\"https:\/\/www.ladiagonale.net\/index.php\/2023\/05\/15\/lemarechal-nest-pas-oppose-a-lidee-de-rester-a-brest\/\",\"url\":\"https:\/\/www.ladiagonale.net\/index.php\/2023\/05\/15\/lemarechal-nest-pas-oppose-a-lidee-de-rester-a-brest\/\",\"name\":\"Lemarechal n'est pas oppos\u00e9 \u00e0 l'id\u00e9e de rester \u00e0 Brest - La Diagonale\",\"isPartOf\":{\"@id\":\"https:\/\/www.ladiagonale.net\/#website\"},\"datePublished\":\"2023-05-15T18:07:30+00:00\",\"dateModified\":\"2023-05-16T11:18:28+00:00\",\"author\":{\"@id\":\"https:\/\/www.ladiagonale.net\/#\/schema\/person\/79ff1e7b0853ed01b2aa26e64ad300bf\"},\"breadcrumb\":{\"@id\":\"https:\/\/www.ladiagonale.net\/index.php\/2023\/05\/15\/lemarechal-nest-pas-oppose-a-lidee-de-rester-a-brest\/#breadcrumb\"},\"inLanguage\":\"fr-FR\",\"potentialAction\":[{\"@type\":\"ReadAction\",\"target\":[\"https:\/\/www.ladiagonale.net\/index.php\/2023\/05\/15\/lemarechal-nest-pas-oppose-a-lidee-de-rester-a-brest\/\"]}]},{\"@type\":\"BreadcrumbList\",\"@id\":\"https:\/\/www.ladiagonale.net\/index.php\/2023\/05\/15\/lemarechal-nest-pas-oppose-a-lidee-de-rester-a-brest\/#breadcrumb\",\"itemListElement\":[{\"@type\":\"ListItem\",\"position\":1,\"name\":\"Accueil\",\"item\":\"https:\/\/www.ladiagonale.net\/\"},{\"@type\":\"ListItem\",\"position\":2,\"name\":\"Lemarechal n&rsquo;est pas oppos\u00e9 \u00e0 l&rsquo;id\u00e9e de rester \u00e0 Brest\"}]},{\"@type\":\"WebSite\",\"@id\":\"https:\/\/www.ladiagonale.net\/#website\",\"url\":\"https:\/\/www.ladiagonale.net\/\",\"name\":\"La Diagonale\",\"description\":\"Le site des supporters de l&#039;AS Monaco FC\",\"potentialAction\":[{\"@type\":\"SearchAction\",\"target\":{\"@type\":\"EntryPoint\",\"urlTemplate\":\"https:\/\/www.ladiagonale.net\/?s={search_term_string}\"},\"query-input\":\"required name=search_term_string\"}],\"inLanguage\":\"fr-FR\"},{\"@type\":\"Person\",\"@id\":\"https:\/\/www.ladiagonale.net\/#\/schema\/person\/79ff1e7b0853ed01b2aa26e64ad300bf\",\"name\":\"Damien Dellerba\",\"image\":{\"@type\":\"ImageObject\",\"inLanguage\":\"fr-FR\",\"@id\":\"https:\/\/www.ladiagonale.net\/#\/schema\/person\/image\/\",\"url\":\"https:\/\/secure.gravatar.com\/avatar\/c7850e06d3ff63cdbaee88b7fc16e2f0?s=96&d=mm&r=g\",\"contentUrl\":\"https:\/\/secure.gravatar.com\/avatar\/c7850e06d3ff63cdbaee88b7fc16e2f0?s=96&d=mm&r=g\",\"caption\":\"Damien Dellerba\"},\"url\":\"https:\/\/www.ladiagonale.net\/index.php\/author\/damien\/\"}]}<\/script>\n<!-- \/ Yoast SEO plugin. -->","yoast_head_json":{"title":"Lemarechal n'est pas oppos\u00e9 \u00e0 l'id\u00e9e de rester \u00e0 Brest - La Diagonale","robots":{"index":"index","follow":"follow","max-snippet":"max-snippet:-1","max-image-preview":"max-image-preview:large","max-video-preview":"max-video-preview:-1"},"canonical":"https:\/\/www.ladiagonale.net\/index.php\/2023\/05\/15\/lemarechal-nest-pas-oppose-a-lidee-de-rester-a-brest\/","og_locale":"fr_FR","og_type":"article","og_title":"Lemarechal n'est pas oppos\u00e9 \u00e0 l'id\u00e9e de rester \u00e0 Brest - La Diagonale","og_description":"En janvier, F\u00e9lix Lemarechal a travers\u00e9 l&rsquo;Hexagone pour rejoindre Brest, o\u00f9 il a \u00e9t\u00e9 pr\u00eat\u00e9 par l&rsquo;AS Monaco pour six mois sans option d&rsquo;achat. Le milieu de terrain de 19 ans, qui n&rsquo;a jamais \u00e9t\u00e9 utilis\u00e9 par Philippe Clement lors de la premi\u00e8re partie de saison, reviendra \u00e0 Monaco en juin mais, dans les colonnes [...]","og_url":"https:\/\/www.ladiagonale.net\/index.php\/2023\/05\/15\/lemarechal-nest-pas-oppose-a-lidee-de-rester-a-brest\/","og_site_name":"La Diagonale","article_published_time":"2023-05-15T18:07:30+00:00","article_modified_time":"2023-05-16T11:18:28+00:00","og_image":[{"width":1160,"height":650,"url":"https:\/\/www.ladiagonale.net\/wp-content\/uploads\/2023\/02\/lemarechal-brest.png","type":"image\/png"}],"author":"Damien Dellerba","twitter_card":"summary_large_image","twitter_image":"https:\/\/www.ladiagonale.net\/wp-content\/uploads\/2023\/02\/lemarechal-brest.png","twitter_misc":{"\u00c9crit par":"Damien Dellerba","Dur\u00e9e de lecture estim\u00e9e":"1 minute"},"schema":{"@context":"https:\/\/schema.org","@graph":[{"@type":"WebPage","@id":"https:\/\/www.ladiagonale.net\/index.php\/2023\/05\/15\/lemarechal-nest-pas-oppose-a-lidee-de-rester-a-brest\/","url":"https:\/\/www.ladiagonale.net\/index.php\/2023\/05\/15\/lemarechal-nest-pas-oppose-a-lidee-de-rester-a-brest\/","name":"Lemarechal n'est pas oppos\u00e9 \u00e0 l'id\u00e9e de rester \u00e0 Brest - La Diagonale","isPartOf":{"@id":"https:\/\/www.ladiagonale.net\/#website"},"datePublished":"2023-05-15T18:07:30+00:00","dateModified":"2023-05-16T11:18:28+00:00","author":{"@id":"https:\/\/www.ladiagonale.net\/#\/schema\/person\/79ff1e7b0853ed01b2aa26e64ad300bf"},"breadcrumb":{"@id":"https:\/\/www.ladiagonale.net\/index.php\/2023\/05\/15\/lemarechal-nest-pas-oppose-a-lidee-de-rester-a-brest\/#breadcrumb"},"inLanguage":"fr-FR","potentialAction":[{"@type":"ReadAction","target":["https:\/\/www.ladiagonale.net\/index.php\/2023\/05\/15\/lemarechal-nest-pas-oppose-a-lidee-de-rester-a-brest\/"]}]},{"@type":"BreadcrumbList","@id":"https:\/\/www.ladiagonale.net\/index.php\/2023\/05\/15\/lemarechal-nest-pas-oppose-a-lidee-de-rester-a-brest\/#breadcrumb","itemListElement":[{"@type":"ListItem","position":1,"name":"Accueil","item":"https:\/\/www.ladiagonale.net\/"},{"@type":"ListItem","position":2,"name":"Lemarechal n&rsquo;est pas oppos\u00e9 \u00e0 l&rsquo;id\u00e9e de rester \u00e0 Brest"}]},{"@type":"WebSite","@id":"https:\/\/www.ladiagonale.net\/#website","url":"https:\/\/www.ladiagonale.net\/","name":"La Diagonale","description":"Le site des supporters de l&#039;AS Monaco FC","potentialAction":[{"@type":"SearchAction","target":{"@type":"EntryPoint","urlTemplate":"https:\/\/www.ladiagonale.net\/?s={search_term_string}"},"query-input":"required name=search_term_string"}],"inLanguage":"fr-FR"},{"@type":"Person","@id":"https:\/\/www.ladiagonale.net\/#\/schema\/person\/79ff1e7b0853ed01b2aa26e64ad300bf","name":"Damien Dellerba","image":{"@type":"ImageObject","inLanguage":"fr-FR","@id":"https:\/\/www.ladiagonale.net\/#\/schema\/person\/image\/","url":"https:\/\/secure.gravatar.com\/avatar\/c7850e06d3ff63cdbaee88b7fc16e2f0?s=96&d=mm&r=g","contentUrl":"https:\/\/secure.gravatar.com\/avatar\/c7850e06d3ff63cdbaee88b7fc16e2f0?s=96&d=mm&r=g","caption":"Damien Dellerba"},"url":"https:\/\/www.ladiagonale.net\/index.php\/author\/damien\/"}]}},"_links":{"self":[{"href":"https:\/\/www.ladiagonale.net\/index.php\/wp-json\/wp\/v2\/posts\/12452"}],"collection":[{"href":"https:\/\/www.ladiagonale.net\/index.php\/wp-json\/wp\/v2\/posts"}],"about":[{"href":"https:\/\/www.ladiagonale.net\/index.php\/wp-json\/wp\/v2\/types\/post"}],"author":[{"embeddable":true,"href":"https:\/\/www.ladiagonale.net\/index.php\/wp-json\/wp\/v2\/users\/2"}],"replies":[{"embeddable":true,"href":"https:\/\/www.ladiagonale.net\/index.php\/wp-json\/wp\/v2\/comments?post=12452"}],"version-history":[{"count":2,"href":"https:\/\/www.ladiagonale.net\/index.php\/wp-json\/wp\/v2\/posts\/12452\/revisions"}],"predecessor-version":[{"id":12457,"href":"https:\/\/www.ladiagonale.net\/index.php\/wp-json\/wp\/v2\/posts\/12452\/revisions\/12457"}],"wp:attachment":[{"href":"https:\/\/www.ladiagonale.net\/index.php\/wp-json\/wp\/v2\/media?parent=12452"}],"wp:term":[{"taxonomy":"category","embeddable":true,"href":"https:\/\/www.ladiagonale.net\/index.php\/wp-json\/wp\/v2\/categories?post=12452"},{"taxonomy":"post_tag","embeddable":true,"href":"https:\/\/www.ladiagonale.net\/index.php\/wp-json\/wp\/v2\/tags?post=12452"}],"curies":[{"name":"wp","href":"https:\/\/api.w.org\/{rel}","templated":true}]}}