{"id":12458,"date":"2023-05-16T14:41:57","date_gmt":"2023-05-16T12:41:57","guid":{"rendered":"https:\/\/www.ladiagonale.net\/?p=12458"},"modified":"2023-05-16T14:42:01","modified_gmt":"2023-05-16T12:42:01","slug":"cabral-retenu-avec-lequipe-de-france-u16","status":"publish","type":"post","link":"https:\/\/www.ladiagonale.net\/index.php\/2023\/05\/16\/cabral-retenu-avec-lequipe-de-france-u16\/","title":{"rendered":"Cabral retenu avec l&rsquo;\u00e9quipe de France U16"},"content":{"rendered":"\n\n\n<p> Si <a href=\"https:\/\/www.ladiagonale.net\/index.php\/2023\/05\/15\/les-u17-ratent-la-phase-finale\/\">la plupart de ses co\u00e9quipiers sont d\u00e9sormais en vacances<\/a>, Pape Cabral va devoir jouer les prolongations. Le milieu de terrain U17 de l&rsquo;AS Monaco sera sur le pont encore quelques semaines, puisqu&rsquo;il a \u00e9t\u00e9 s\u00e9lectionn\u00e9 une nouvelle fois par Jos\u00e9 Alcocer avec l&rsquo;\u00e9quipe de France U16.<\/p>\n\n\n\n<p>Le rassemblement des Bleuets d\u00e9butera le 22 mai et comportera deux rencontres amicales face \u00e0 l&rsquo;Allemagne, au Parkstadion Dillingen, vers Sarrebruck. La premi\u00e8re aura lieu le 25 mai (11h) et la seconde le 28 mai (11h).<\/p>\n\n\n\n<p>Auteur d&rsquo;une saison pleine avec les U17 de l&rsquo;AS Monaco et \u00e9galement vainqueur de la Coupe Gambardella <a href=\"https:\/\/www.ladiagonale.net\/index.php\/2023\/04\/29\/monaco-remporte-la-coupe-gambardella\/\">avec un but inscrit en finale contre Clermont<\/a>, Pape Cabral a aussi d\u00e9couvert l&rsquo;\u00e9quipe de France U16 (6 s\u00e9lections) pour sa premi\u00e8re ann\u00e9e au sein de l&rsquo;Academy.<\/p>\n\n\n<div class=\"wp-block-image\">\n<figure class=\"aligncenter size-large is-resized\"><img loading=\"lazy\" src=\"https:\/\/www.ladiagonale.net\/wp-content\/uploads\/2023\/05\/FwPWRp0WAAEJJjD-666x1024.jpg\" alt=\"\" class=\"wp-image-12460\" width=\"500\" height=\"768\" srcset=\"https:\/\/www.ladiagonale.net\/wp-content\/uploads\/2023\/05\/FwPWRp0WAAEJJjD-666x1024.jpg 666w, https:\/\/www.ladiagonale.net\/wp-content\/uploads\/2023\/05\/FwPWRp0WAAEJJjD-195x300.jpg 195w, https:\/\/www.ladiagonale.net\/wp-content\/uploads\/2023\/05\/FwPWRp0WAAEJJjD-768x1180.jpg 768w, https:\/\/www.ladiagonale.net\/wp-content\/uploads\/2023\/05\/FwPWRp0WAAEJJjD-999x1536.jpg 999w, https:\/\/www.ladiagonale.net\/wp-content\/uploads\/2023\/05\/FwPWRp0WAAEJJjD-83x128.jpg 83w, https:\/\/www.ladiagonale.net\/wp-content\/uploads\/2023\/05\/FwPWRp0WAAEJJjD-21x32.jpg 21w, https:\/\/www.ladiagonale.net\/wp-content\/uploads\/2023\/05\/FwPWRp0WAAEJJjD.jpg 1015w\" sizes=\"(max-width: 500px) 100vw, 500px\" \/><\/figure><\/div>","protected":false},"excerpt":{"rendered":"<p>Si la plupart de ses co\u00e9quipiers sont d\u00e9sormais en vacances, Pape Cabral va devoir jouer les prolongations. Le milieu de terrain U17 de l&rsquo;AS Monaco sera sur le pont encore quelques semaines, puisqu&rsquo;il a \u00e9t\u00e9 s\u00e9lectionn\u00e9 une nouvelle fois par Jos\u00e9 Alcocer avec l&rsquo;\u00e9quipe de France U16. Le rassemblement des Bleuets d\u00e9butera le 22 mai [&#8230;]\n","protected":false},"author":2,"featured_media":0,"comment_status":"open","ping_status":"open","sticky":false,"template":"","format":"standard","meta":[],"categories":[6],"tags":[76,86,281,268,116],"yoast_head":"<!-- This site is optimized with the Yoast SEO plugin v19.8 - https:\/\/yoast.com\/wordpress\/plugins\/seo\/ -->\n<title>Cabral retenu avec l&#039;\u00e9quipe de France U16 - La Diagonale<\/title>\n<meta name=\"robots\" content=\"index, follow, max-snippet:-1, max-image-preview:large, max-video-preview:-1\" \/>\n<link rel=\"canonical\" href=\"https:\/\/www.ladiagonale.net\/index.php\/2023\/05\/16\/cabral-retenu-avec-lequipe-de-france-u16\/\" \/>\n<meta property=\"og:locale\" content=\"fr_FR\" \/>\n<meta property=\"og:type\" content=\"article\" \/>\n<meta property=\"og:title\" content=\"Cabral retenu avec l&#039;\u00e9quipe de France U16 - La Diagonale\" \/>\n<meta property=\"og:description\" content=\"Si la plupart de ses co\u00e9quipiers sont d\u00e9sormais en vacances, Pape Cabral va devoir jouer les prolongations. Le milieu de terrain U17 de l&rsquo;AS Monaco sera sur le pont encore quelques semaines, puisqu&rsquo;il a \u00e9t\u00e9 s\u00e9lectionn\u00e9 une nouvelle fois par Jos\u00e9 Alcocer avec l&rsquo;\u00e9quipe de France U16. Le rassemblement des Bleuets d\u00e9butera le 22 mai [...]\" \/>\n<meta property=\"og:url\" content=\"https:\/\/www.ladiagonale.net\/index.php\/2023\/05\/16\/cabral-retenu-avec-lequipe-de-france-u16\/\" \/>\n<meta property=\"og:site_name\" content=\"La Diagonale\" \/>\n<meta property=\"article:published_time\" content=\"2023-05-16T12:41:57+00:00\" \/>\n<meta property=\"article:modified_time\" content=\"2023-05-16T12:42:01+00:00\" \/>\n<meta property=\"og:image\" content=\"https:\/\/www.ladiagonale.net\/wp-content\/uploads\/2023\/05\/cabral-france.png\" \/>\n\t<meta property=\"og:image:width\" content=\"1160\" \/>\n\t<meta property=\"og:image:height\" content=\"650\" \/>\n\t<meta property=\"og:image:type\" content=\"image\/png\" \/>\n<meta name=\"author\" content=\"Damien Dellerba\" \/>\n<meta name=\"twitter:card\" content=\"summary_large_image\" \/>\n<meta name=\"twitter:image\" content=\"https:\/\/www.ladiagonale.net\/wp-content\/uploads\/2023\/05\/cabral-france.png\" \/>\n<meta name=\"twitter:label1\" content=\"\u00c9crit par\" \/>\n\t<meta name=\"twitter:data1\" content=\"Damien Dellerba\" \/>\n\t<meta name=\"twitter:label2\" content=\"Dur\u00e9e de lecture estim\u00e9e\" \/>\n\t<meta name=\"twitter:data2\" content=\"1 minute\" \/>\n<script type=\"application\/ld+json\" class=\"yoast-schema-graph\">{\"@context\":\"https:\/\/schema.org\",\"@graph\":[{\"@type\":\"WebPage\",\"@id\":\"https:\/\/www.ladiagonale.net\/index.php\/2023\/05\/16\/cabral-retenu-avec-lequipe-de-france-u16\/\",\"url\":\"https:\/\/www.ladiagonale.net\/index.php\/2023\/05\/16\/cabral-retenu-avec-lequipe-de-france-u16\/\",\"name\":\"Cabral retenu avec l'\u00e9quipe de France U16 - La Diagonale\",\"isPartOf\":{\"@id\":\"https:\/\/www.ladiagonale.net\/#website\"},\"datePublished\":\"2023-05-16T12:41:57+00:00\",\"dateModified\":\"2023-05-16T12:42:01+00:00\",\"author\":{\"@id\":\"https:\/\/www.ladiagonale.net\/#\/schema\/person\/79ff1e7b0853ed01b2aa26e64ad300bf\"},\"breadcrumb\":{\"@id\":\"https:\/\/www.ladiagonale.net\/index.php\/2023\/05\/16\/cabral-retenu-avec-lequipe-de-france-u16\/#breadcrumb\"},\"inLanguage\":\"fr-FR\",\"potentialAction\":[{\"@type\":\"ReadAction\",\"target\":[\"https:\/\/www.ladiagonale.net\/index.php\/2023\/05\/16\/cabral-retenu-avec-lequipe-de-france-u16\/\"]}]},{\"@type\":\"BreadcrumbList\",\"@id\":\"https:\/\/www.ladiagonale.net\/index.php\/2023\/05\/16\/cabral-retenu-avec-lequipe-de-france-u16\/#breadcrumb\",\"itemListElement\":[{\"@type\":\"ListItem\",\"position\":1,\"name\":\"Accueil\",\"item\":\"https:\/\/www.ladiagonale.net\/\"},{\"@type\":\"ListItem\",\"position\":2,\"name\":\"Cabral retenu avec l&rsquo;\u00e9quipe de France U16\"}]},{\"@type\":\"WebSite\",\"@id\":\"https:\/\/www.ladiagonale.net\/#website\",\"url\":\"https:\/\/www.ladiagonale.net\/\",\"name\":\"La Diagonale\",\"description\":\"Le site des supporters de l&#039;AS Monaco FC\",\"potentialAction\":[{\"@type\":\"SearchAction\",\"target\":{\"@type\":\"EntryPoint\",\"urlTemplate\":\"https:\/\/www.ladiagonale.net\/?s={search_term_string}\"},\"query-input\":\"required name=search_term_string\"}],\"inLanguage\":\"fr-FR\"},{\"@type\":\"Person\",\"@id\":\"https:\/\/www.ladiagonale.net\/#\/schema\/person\/79ff1e7b0853ed01b2aa26e64ad300bf\",\"name\":\"Damien Dellerba\",\"image\":{\"@type\":\"ImageObject\",\"inLanguage\":\"fr-FR\",\"@id\":\"https:\/\/www.ladiagonale.net\/#\/schema\/person\/image\/\",\"url\":\"https:\/\/secure.gravatar.com\/avatar\/c7850e06d3ff63cdbaee88b7fc16e2f0?s=96&d=mm&r=g\",\"contentUrl\":\"https:\/\/secure.gravatar.com\/avatar\/c7850e06d3ff63cdbaee88b7fc16e2f0?s=96&d=mm&r=g\",\"caption\":\"Damien Dellerba\"},\"url\":\"https:\/\/www.ladiagonale.net\/index.php\/author\/damien\/\"}]}<\/script>\n<!-- \/ Yoast SEO plugin. -->","yoast_head_json":{"title":"Cabral retenu avec l'\u00e9quipe de France U16 - La Diagonale","robots":{"index":"index","follow":"follow","max-snippet":"max-snippet:-1","max-image-preview":"max-image-preview:large","max-video-preview":"max-video-preview:-1"},"canonical":"https:\/\/www.ladiagonale.net\/index.php\/2023\/05\/16\/cabral-retenu-avec-lequipe-de-france-u16\/","og_locale":"fr_FR","og_type":"article","og_title":"Cabral retenu avec l'\u00e9quipe de France U16 - La Diagonale","og_description":"Si la plupart de ses co\u00e9quipiers sont d\u00e9sormais en vacances, Pape Cabral va devoir jouer les prolongations. Le milieu de terrain U17 de l&rsquo;AS Monaco sera sur le pont encore quelques semaines, puisqu&rsquo;il a \u00e9t\u00e9 s\u00e9lectionn\u00e9 une nouvelle fois par Jos\u00e9 Alcocer avec l&rsquo;\u00e9quipe de France U16. Le rassemblement des Bleuets d\u00e9butera le 22 mai [...]","og_url":"https:\/\/www.ladiagonale.net\/index.php\/2023\/05\/16\/cabral-retenu-avec-lequipe-de-france-u16\/","og_site_name":"La Diagonale","article_published_time":"2023-05-16T12:41:57+00:00","article_modified_time":"2023-05-16T12:42:01+00:00","og_image":[{"width":1160,"height":650,"url":"https:\/\/www.ladiagonale.net\/wp-content\/uploads\/2023\/05\/cabral-france.png","type":"image\/png"}],"author":"Damien Dellerba","twitter_card":"summary_large_image","twitter_image":"https:\/\/www.ladiagonale.net\/wp-content\/uploads\/2023\/05\/cabral-france.png","twitter_misc":{"\u00c9crit par":"Damien Dellerba","Dur\u00e9e de lecture estim\u00e9e":"1 minute"},"schema":{"@context":"https:\/\/schema.org","@graph":[{"@type":"WebPage","@id":"https:\/\/www.ladiagonale.net\/index.php\/2023\/05\/16\/cabral-retenu-avec-lequipe-de-france-u16\/","url":"https:\/\/www.ladiagonale.net\/index.php\/2023\/05\/16\/cabral-retenu-avec-lequipe-de-france-u16\/","name":"Cabral retenu avec l'\u00e9quipe de France U16 - La Diagonale","isPartOf":{"@id":"https:\/\/www.ladiagonale.net\/#website"},"datePublished":"2023-05-16T12:41:57+00:00","dateModified":"2023-05-16T12:42:01+00:00","author":{"@id":"https:\/\/www.ladiagonale.net\/#\/schema\/person\/79ff1e7b0853ed01b2aa26e64ad300bf"},"breadcrumb":{"@id":"https:\/\/www.ladiagonale.net\/index.php\/2023\/05\/16\/cabral-retenu-avec-lequipe-de-france-u16\/#breadcrumb"},"inLanguage":"fr-FR","potentialAction":[{"@type":"ReadAction","target":["https:\/\/www.ladiagonale.net\/index.php\/2023\/05\/16\/cabral-retenu-avec-lequipe-de-france-u16\/"]}]},{"@type":"BreadcrumbList","@id":"https:\/\/www.ladiagonale.net\/index.php\/2023\/05\/16\/cabral-retenu-avec-lequipe-de-france-u16\/#breadcrumb","itemListElement":[{"@type":"ListItem","position":1,"name":"Accueil","item":"https:\/\/www.ladiagonale.net\/"},{"@type":"ListItem","position":2,"name":"Cabral retenu avec l&rsquo;\u00e9quipe de France U16"}]},{"@type":"WebSite","@id":"https:\/\/www.ladiagonale.net\/#website","url":"https:\/\/www.ladiagonale.net\/","name":"La Diagonale","description":"Le site des supporters de l&#039;AS Monaco FC","potentialAction":[{"@type":"SearchAction","target":{"@type":"EntryPoint","urlTemplate":"https:\/\/www.ladiagonale.net\/?s={search_term_string}"},"query-input":"required name=search_term_string"}],"inLanguage":"fr-FR"},{"@type":"Person","@id":"https:\/\/www.ladiagonale.net\/#\/schema\/person\/79ff1e7b0853ed01b2aa26e64ad300bf","name":"Damien Dellerba","image":{"@type":"ImageObject","inLanguage":"fr-FR","@id":"https:\/\/www.ladiagonale.net\/#\/schema\/person\/image\/","url":"https:\/\/secure.gravatar.com\/avatar\/c7850e06d3ff63cdbaee88b7fc16e2f0?s=96&d=mm&r=g","contentUrl":"https:\/\/secure.gravatar.com\/avatar\/c7850e06d3ff63cdbaee88b7fc16e2f0?s=96&d=mm&r=g","caption":"Damien Dellerba"},"url":"https:\/\/www.ladiagonale.net\/index.php\/author\/damien\/"}]}},"_links":{"self":[{"href":"https:\/\/www.ladiagonale.net\/index.php\/wp-json\/wp\/v2\/posts\/12458"}],"collection":[{"href":"https:\/\/www.ladiagonale.net\/index.php\/wp-json\/wp\/v2\/posts"}],"about":[{"href":"https:\/\/www.ladiagonale.net\/index.php\/wp-json\/wp\/v2\/types\/post"}],"author":[{"embeddable":true,"href":"https:\/\/www.ladiagonale.net\/index.php\/wp-json\/wp\/v2\/users\/2"}],"replies":[{"embeddable":true,"href":"https:\/\/www.ladiagonale.net\/index.php\/wp-json\/wp\/v2\/comments?post=12458"}],"version-history":[{"count":1,"href":"https:\/\/www.ladiagonale.net\/index.php\/wp-json\/wp\/v2\/posts\/12458\/revisions"}],"predecessor-version":[{"id":12461,"href":"https:\/\/www.ladiagonale.net\/index.php\/wp-json\/wp\/v2\/posts\/12458\/revisions\/12461"}],"wp:attachment":[{"href":"https:\/\/www.ladiagonale.net\/index.php\/wp-json\/wp\/v2\/media?parent=12458"}],"wp:term":[{"taxonomy":"category","embeddable":true,"href":"https:\/\/www.ladiagonale.net\/index.php\/wp-json\/wp\/v2\/categories?post=12458"},{"taxonomy":"post_tag","embeddable":true,"href":"https:\/\/www.ladiagonale.net\/index.php\/wp-json\/wp\/v2\/tags?post=12458"}],"curies":[{"name":"wp","href":"https:\/\/api.w.org\/{rel}","templated":true}]}}