{"id":12511,"date":"2023-05-17T18:39:47","date_gmt":"2023-05-17T16:39:47","guid":{"rendered":"https:\/\/www.ladiagonale.net\/?p=12511"},"modified":"2023-05-17T19:10:48","modified_gmt":"2023-05-17T17:10:48","slug":"bouabre-decisif-avec-la-france-a-leuro-u17-tincres-rate-un-penalty","status":"publish","type":"post","link":"https:\/\/www.ladiagonale.net\/index.php\/2023\/05\/17\/bouabre-decisif-avec-la-france-a-leuro-u17-tincres-rate-un-penalty\/","title":{"rendered":"Bouabr\u00e9 passeur \u00e0 l&rsquo;Euro U17, Tincres rate un p\u00e9nalty"},"content":{"rendered":"\n\n\n<p>Trois joueurs de l&rsquo;Academy de l&rsquo;AS Monaco ont bien d\u00e9but\u00e9 l&rsquo;Euro U17 en Hongrie avec l&rsquo;\u00e9quipe de France. Les Bleuets se sont impos\u00e9s pour leur premier match contre l&rsquo;\u00c9cosse (1-3) mais le score aurait pu \u00eatre encore plus large s&rsquo;ils n&rsquo;avaient pas manqu\u00e9 deux p\u00e9naltys. Joan Tincres, entr\u00e9 en cours de jeu (80<sup>e<\/sup>) \u00e0 la place du Clermontois Bouchenna que <a href=\"https:\/\/www.ladiagonale.net\/index.php\/2023\/04\/29\/monaco-remporte-la-coupe-gambardella\/\">l&rsquo;ASM avait vaincu en finale de la Coupe Gambardella<\/a>, a obtenu et manqu\u00e9 un p\u00e9nalty dans le temps additionnel de la rencontre (90<sup>e<\/sup>+2), apr\u00e8s avoir pris le ballon des mains de Fod\u00e9 Sylla pour le frapper.<\/p>\n\n\n\n<figure class=\"wp-block-embed is-type-rich is-provider-twitter wp-block-embed-twitter\"><div class=\"wp-block-embed__wrapper\">\n<blockquote class=\"twitter-tweet\" data-width=\"550\" data-dnt=\"true\"><p lang=\"fr\" dir=\"ltr\">D\u00e9j\u00e0 une pass\u00e9 d\u00e9 pour Bouabr\u00e9 \ud83e\uddee <a href=\"https:\/\/twitter.com\/hashtag\/U17EURO?src=hash&amp;ref_src=twsrc%5Etfw\">#U17EURO<\/a> <a href=\"https:\/\/t.co\/70OovVw6HQ\">pic.twitter.com\/70OovVw6HQ<\/a><\/p>&mdash; La Diagonale (@LaDiagonale_) <a href=\"https:\/\/twitter.com\/LaDiagonale_\/status\/1658857096496963587?ref_src=twsrc%5Etfw\">May 17, 2023<\/a><\/blockquote><script async src=\"https:\/\/platform.twitter.com\/widgets.js\" charset=\"utf-8\"><\/script>\n<\/div><\/figure>\n\n\n\n<p>Plus t\u00f4t dans la rencontre, Sa\u00efmon Bouabr\u00e9 a \u00e9t\u00e9 d\u00e9cisif. Titularis\u00e9 dans le c\u0153ur du jeu par Jean-Luc Vannuchi, le U19 de l&rsquo;ASM a montr\u00e9 une grosse activit\u00e9 et s&rsquo;est montr\u00e9 \u00e0 son aise. Il a notamment d\u00e9livr\u00e9 une passe d\u00e9cisive pour Kouakou Gadou pour le deuxi\u00e8me but tricolore juste avant la pause (45<sup>e<\/sup>). Le milieu de terrain Rouge et Blanc a disput\u00e9 toute la rencontre. Le troisi\u00e8me Mon\u00e9gasque, Dan Sinat\u00e9, est quant \u00e0 lui rest\u00e9 sur le banc. Samedi (20h), les Bleuets affronteront l&rsquo;Allemagne pour leur deuxi\u00e8me rencontre du groupe C dont ils ont provisoirement pris la t\u00eate.<\/p>\n\n\n\n<iframe id=\"sofa-standings-embed-43103-50457\" src=\"https:\/\/widgets.sofascore.com\/embed\/tournament\/43103\/season\/50457\/standings\/U17%20UEFA%20%20European%20Championship%202023%2C%20Group%20C?widgetTitle=U17 UEFA  European Championship 2023, Group C&amp;showCompetitionLogo=true\" style=\"height:304px!important;max-width:620px!important;width:100%!important;\" scrolling=\"no\" frameborder=\"0\"><\/iframe>\n","protected":false},"excerpt":{"rendered":"<p>Trois joueurs de l&rsquo;Academy de l&rsquo;AS Monaco ont bien d\u00e9but\u00e9 l&rsquo;Euro U17 en Hongrie avec l&rsquo;\u00e9quipe de France. Les Bleuets se sont impos\u00e9s pour leur premier match contre l&rsquo;\u00c9cosse (1-3) mais le score aurait pu \u00eatre encore plus large s&rsquo;ils n&rsquo;avaient pas manqu\u00e9 deux p\u00e9naltys. Joan Tincres, entr\u00e9 en cours de jeu (80e) \u00e0 la [&#8230;]\n","protected":false},"author":2,"featured_media":0,"comment_status":"open","ping_status":"open","sticky":false,"template":"","format":"standard","meta":[],"categories":[6],"tags":[76,86,525,538,93,205,413,116],"yoast_head":"<!-- This site is optimized with the Yoast SEO plugin v19.8 - https:\/\/yoast.com\/wordpress\/plugins\/seo\/ -->\n<title>Bouabr\u00e9 passeur \u00e0 l&#039;Euro U17, Tincres rate un p\u00e9nalty - La Diagonale<\/title>\n<meta name=\"robots\" content=\"index, follow, max-snippet:-1, max-image-preview:large, max-video-preview:-1\" \/>\n<link rel=\"canonical\" href=\"https:\/\/www.ladiagonale.net\/index.php\/2023\/05\/17\/bouabre-decisif-avec-la-france-a-leuro-u17-tincres-rate-un-penalty\/\" \/>\n<meta property=\"og:locale\" content=\"fr_FR\" \/>\n<meta property=\"og:type\" content=\"article\" \/>\n<meta property=\"og:title\" content=\"Bouabr\u00e9 passeur \u00e0 l&#039;Euro U17, Tincres rate un p\u00e9nalty - La Diagonale\" \/>\n<meta property=\"og:description\" content=\"Trois joueurs de l&rsquo;Academy de l&rsquo;AS Monaco ont bien d\u00e9but\u00e9 l&rsquo;Euro U17 en Hongrie avec l&rsquo;\u00e9quipe de France. Les Bleuets se sont impos\u00e9s pour leur premier match contre l&rsquo;\u00c9cosse (1-3) mais le score aurait pu \u00eatre encore plus large s&rsquo;ils n&rsquo;avaient pas manqu\u00e9 deux p\u00e9naltys. Joan Tincres, entr\u00e9 en cours de jeu (80e) \u00e0 la [...]\" \/>\n<meta property=\"og:url\" content=\"https:\/\/www.ladiagonale.net\/index.php\/2023\/05\/17\/bouabre-decisif-avec-la-france-a-leuro-u17-tincres-rate-un-penalty\/\" \/>\n<meta property=\"og:site_name\" content=\"La Diagonale\" \/>\n<meta property=\"article:published_time\" content=\"2023-05-17T16:39:47+00:00\" \/>\n<meta property=\"article:modified_time\" content=\"2023-05-17T17:10:48+00:00\" \/>\n<meta property=\"og:image\" content=\"https:\/\/www.ladiagonale.net\/wp-content\/uploads\/2023\/05\/bouabre\u0301.png\" \/>\n\t<meta property=\"og:image:width\" content=\"1160\" \/>\n\t<meta property=\"og:image:height\" content=\"650\" \/>\n\t<meta property=\"og:image:type\" content=\"image\/png\" \/>\n<meta name=\"author\" content=\"Damien Dellerba\" \/>\n<meta name=\"twitter:card\" content=\"summary_large_image\" \/>\n<meta name=\"twitter:image\" content=\"https:\/\/www.ladiagonale.net\/wp-content\/uploads\/2023\/05\/bouabre\u0301.png\" \/>\n<meta name=\"twitter:label1\" content=\"\u00c9crit par\" \/>\n\t<meta name=\"twitter:data1\" content=\"Damien Dellerba\" \/>\n\t<meta name=\"twitter:label2\" content=\"Dur\u00e9e de lecture estim\u00e9e\" \/>\n\t<meta name=\"twitter:data2\" content=\"2 minutes\" \/>\n<script type=\"application\/ld+json\" class=\"yoast-schema-graph\">{\"@context\":\"https:\/\/schema.org\",\"@graph\":[{\"@type\":\"WebPage\",\"@id\":\"https:\/\/www.ladiagonale.net\/index.php\/2023\/05\/17\/bouabre-decisif-avec-la-france-a-leuro-u17-tincres-rate-un-penalty\/\",\"url\":\"https:\/\/www.ladiagonale.net\/index.php\/2023\/05\/17\/bouabre-decisif-avec-la-france-a-leuro-u17-tincres-rate-un-penalty\/\",\"name\":\"Bouabr\u00e9 passeur \u00e0 l'Euro U17, Tincres rate un p\u00e9nalty - La Diagonale\",\"isPartOf\":{\"@id\":\"https:\/\/www.ladiagonale.net\/#website\"},\"datePublished\":\"2023-05-17T16:39:47+00:00\",\"dateModified\":\"2023-05-17T17:10:48+00:00\",\"author\":{\"@id\":\"https:\/\/www.ladiagonale.net\/#\/schema\/person\/79ff1e7b0853ed01b2aa26e64ad300bf\"},\"breadcrumb\":{\"@id\":\"https:\/\/www.ladiagonale.net\/index.php\/2023\/05\/17\/bouabre-decisif-avec-la-france-a-leuro-u17-tincres-rate-un-penalty\/#breadcrumb\"},\"inLanguage\":\"fr-FR\",\"potentialAction\":[{\"@type\":\"ReadAction\",\"target\":[\"https:\/\/www.ladiagonale.net\/index.php\/2023\/05\/17\/bouabre-decisif-avec-la-france-a-leuro-u17-tincres-rate-un-penalty\/\"]}]},{\"@type\":\"BreadcrumbList\",\"@id\":\"https:\/\/www.ladiagonale.net\/index.php\/2023\/05\/17\/bouabre-decisif-avec-la-france-a-leuro-u17-tincres-rate-un-penalty\/#breadcrumb\",\"itemListElement\":[{\"@type\":\"ListItem\",\"position\":1,\"name\":\"Accueil\",\"item\":\"https:\/\/www.ladiagonale.net\/\"},{\"@type\":\"ListItem\",\"position\":2,\"name\":\"Bouabr\u00e9 passeur \u00e0 l&rsquo;Euro U17, Tincres rate un p\u00e9nalty\"}]},{\"@type\":\"WebSite\",\"@id\":\"https:\/\/www.ladiagonale.net\/#website\",\"url\":\"https:\/\/www.ladiagonale.net\/\",\"name\":\"La Diagonale\",\"description\":\"Le site des supporters de l&#039;AS Monaco FC\",\"potentialAction\":[{\"@type\":\"SearchAction\",\"target\":{\"@type\":\"EntryPoint\",\"urlTemplate\":\"https:\/\/www.ladiagonale.net\/?s={search_term_string}\"},\"query-input\":\"required name=search_term_string\"}],\"inLanguage\":\"fr-FR\"},{\"@type\":\"Person\",\"@id\":\"https:\/\/www.ladiagonale.net\/#\/schema\/person\/79ff1e7b0853ed01b2aa26e64ad300bf\",\"name\":\"Damien Dellerba\",\"image\":{\"@type\":\"ImageObject\",\"inLanguage\":\"fr-FR\",\"@id\":\"https:\/\/www.ladiagonale.net\/#\/schema\/person\/image\/\",\"url\":\"https:\/\/secure.gravatar.com\/avatar\/c7850e06d3ff63cdbaee88b7fc16e2f0?s=96&d=mm&r=g\",\"contentUrl\":\"https:\/\/secure.gravatar.com\/avatar\/c7850e06d3ff63cdbaee88b7fc16e2f0?s=96&d=mm&r=g\",\"caption\":\"Damien Dellerba\"},\"url\":\"https:\/\/www.ladiagonale.net\/index.php\/author\/damien\/\"}]}<\/script>\n<!-- \/ Yoast SEO plugin. -->","yoast_head_json":{"title":"Bouabr\u00e9 passeur \u00e0 l'Euro U17, Tincres rate un p\u00e9nalty - La Diagonale","robots":{"index":"index","follow":"follow","max-snippet":"max-snippet:-1","max-image-preview":"max-image-preview:large","max-video-preview":"max-video-preview:-1"},"canonical":"https:\/\/www.ladiagonale.net\/index.php\/2023\/05\/17\/bouabre-decisif-avec-la-france-a-leuro-u17-tincres-rate-un-penalty\/","og_locale":"fr_FR","og_type":"article","og_title":"Bouabr\u00e9 passeur \u00e0 l'Euro U17, Tincres rate un p\u00e9nalty - La Diagonale","og_description":"Trois joueurs de l&rsquo;Academy de l&rsquo;AS Monaco ont bien d\u00e9but\u00e9 l&rsquo;Euro U17 en Hongrie avec l&rsquo;\u00e9quipe de France. Les Bleuets se sont impos\u00e9s pour leur premier match contre l&rsquo;\u00c9cosse (1-3) mais le score aurait pu \u00eatre encore plus large s&rsquo;ils n&rsquo;avaient pas manqu\u00e9 deux p\u00e9naltys. Joan Tincres, entr\u00e9 en cours de jeu (80e) \u00e0 la [...]","og_url":"https:\/\/www.ladiagonale.net\/index.php\/2023\/05\/17\/bouabre-decisif-avec-la-france-a-leuro-u17-tincres-rate-un-penalty\/","og_site_name":"La Diagonale","article_published_time":"2023-05-17T16:39:47+00:00","article_modified_time":"2023-05-17T17:10:48+00:00","og_image":[{"width":1160,"height":650,"url":"https:\/\/www.ladiagonale.net\/wp-content\/uploads\/2023\/05\/bouabre\u0301.png","type":"image\/png"}],"author":"Damien Dellerba","twitter_card":"summary_large_image","twitter_image":"https:\/\/www.ladiagonale.net\/wp-content\/uploads\/2023\/05\/bouabre\u0301.png","twitter_misc":{"\u00c9crit par":"Damien Dellerba","Dur\u00e9e de lecture estim\u00e9e":"2 minutes"},"schema":{"@context":"https:\/\/schema.org","@graph":[{"@type":"WebPage","@id":"https:\/\/www.ladiagonale.net\/index.php\/2023\/05\/17\/bouabre-decisif-avec-la-france-a-leuro-u17-tincres-rate-un-penalty\/","url":"https:\/\/www.ladiagonale.net\/index.php\/2023\/05\/17\/bouabre-decisif-avec-la-france-a-leuro-u17-tincres-rate-un-penalty\/","name":"Bouabr\u00e9 passeur \u00e0 l'Euro U17, Tincres rate un p\u00e9nalty - La Diagonale","isPartOf":{"@id":"https:\/\/www.ladiagonale.net\/#website"},"datePublished":"2023-05-17T16:39:47+00:00","dateModified":"2023-05-17T17:10:48+00:00","author":{"@id":"https:\/\/www.ladiagonale.net\/#\/schema\/person\/79ff1e7b0853ed01b2aa26e64ad300bf"},"breadcrumb":{"@id":"https:\/\/www.ladiagonale.net\/index.php\/2023\/05\/17\/bouabre-decisif-avec-la-france-a-leuro-u17-tincres-rate-un-penalty\/#breadcrumb"},"inLanguage":"fr-FR","potentialAction":[{"@type":"ReadAction","target":["https:\/\/www.ladiagonale.net\/index.php\/2023\/05\/17\/bouabre-decisif-avec-la-france-a-leuro-u17-tincres-rate-un-penalty\/"]}]},{"@type":"BreadcrumbList","@id":"https:\/\/www.ladiagonale.net\/index.php\/2023\/05\/17\/bouabre-decisif-avec-la-france-a-leuro-u17-tincres-rate-un-penalty\/#breadcrumb","itemListElement":[{"@type":"ListItem","position":1,"name":"Accueil","item":"https:\/\/www.ladiagonale.net\/"},{"@type":"ListItem","position":2,"name":"Bouabr\u00e9 passeur \u00e0 l&rsquo;Euro U17, Tincres rate un p\u00e9nalty"}]},{"@type":"WebSite","@id":"https:\/\/www.ladiagonale.net\/#website","url":"https:\/\/www.ladiagonale.net\/","name":"La Diagonale","description":"Le site des supporters de l&#039;AS Monaco FC","potentialAction":[{"@type":"SearchAction","target":{"@type":"EntryPoint","urlTemplate":"https:\/\/www.ladiagonale.net\/?s={search_term_string}"},"query-input":"required name=search_term_string"}],"inLanguage":"fr-FR"},{"@type":"Person","@id":"https:\/\/www.ladiagonale.net\/#\/schema\/person\/79ff1e7b0853ed01b2aa26e64ad300bf","name":"Damien Dellerba","image":{"@type":"ImageObject","inLanguage":"fr-FR","@id":"https:\/\/www.ladiagonale.net\/#\/schema\/person\/image\/","url":"https:\/\/secure.gravatar.com\/avatar\/c7850e06d3ff63cdbaee88b7fc16e2f0?s=96&d=mm&r=g","contentUrl":"https:\/\/secure.gravatar.com\/avatar\/c7850e06d3ff63cdbaee88b7fc16e2f0?s=96&d=mm&r=g","caption":"Damien Dellerba"},"url":"https:\/\/www.ladiagonale.net\/index.php\/author\/damien\/"}]}},"_links":{"self":[{"href":"https:\/\/www.ladiagonale.net\/index.php\/wp-json\/wp\/v2\/posts\/12511"}],"collection":[{"href":"https:\/\/www.ladiagonale.net\/index.php\/wp-json\/wp\/v2\/posts"}],"about":[{"href":"https:\/\/www.ladiagonale.net\/index.php\/wp-json\/wp\/v2\/types\/post"}],"author":[{"embeddable":true,"href":"https:\/\/www.ladiagonale.net\/index.php\/wp-json\/wp\/v2\/users\/2"}],"replies":[{"embeddable":true,"href":"https:\/\/www.ladiagonale.net\/index.php\/wp-json\/wp\/v2\/comments?post=12511"}],"version-history":[{"count":3,"href":"https:\/\/www.ladiagonale.net\/index.php\/wp-json\/wp\/v2\/posts\/12511\/revisions"}],"predecessor-version":[{"id":12515,"href":"https:\/\/www.ladiagonale.net\/index.php\/wp-json\/wp\/v2\/posts\/12511\/revisions\/12515"}],"wp:attachment":[{"href":"https:\/\/www.ladiagonale.net\/index.php\/wp-json\/wp\/v2\/media?parent=12511"}],"wp:term":[{"taxonomy":"category","embeddable":true,"href":"https:\/\/www.ladiagonale.net\/index.php\/wp-json\/wp\/v2\/categories?post=12511"},{"taxonomy":"post_tag","embeddable":true,"href":"https:\/\/www.ladiagonale.net\/index.php\/wp-json\/wp\/v2\/tags?post=12511"}],"curies":[{"name":"wp","href":"https:\/\/api.w.org\/{rel}","templated":true}]}}