{"id":12641,"date":"2023-05-21T11:27:36","date_gmt":"2023-05-21T09:27:36","guid":{"rendered":"https:\/\/www.ladiagonale.net\/?p=12641"},"modified":"2023-05-21T11:27:41","modified_gmt":"2023-05-21T09:27:41","slug":"sinate-decisif-avec-lequipe-de-france-a-leuro-u17-malgre-la-defaite","status":"publish","type":"post","link":"https:\/\/www.ladiagonale.net\/index.php\/2023\/05\/21\/sinate-decisif-avec-lequipe-de-france-a-leuro-u17-malgre-la-defaite\/","title":{"rendered":"Sinat\u00e9 d\u00e9cisif avec l&rsquo;\u00e9quipe de France \u00e0 l&rsquo;Euro U17 malgr\u00e9 la d\u00e9faite"},"content":{"rendered":"\n\n\n<p>L&rsquo;\u00e9quipe de France s&rsquo;est inclin\u00e9e samedi contre l&rsquo;Allemagne (1-3) malgr\u00e9 la pr\u00e9sence des trois jeunes Mon\u00e9gasques dans son onze de d\u00e9part. Dan Sinat\u00e9, Sa\u00efmon Bouabr\u00e9 et Joan Tincres ont \u00e9t\u00e9 titularis\u00e9s par Jean-Luc Vannuchi mais seul le premier a \u00e9t\u00e9 v\u00e9ritablement d\u00e9cisif, passeur sur le but tricolore de Fod\u00e9 Sylla pour l&rsquo;ouverture du score. Sinat\u00e9 a disput\u00e9 toute la rencontre, au contraire de Bouabr\u00e9 et Tincres, sortis \u00e0 la 67e minute de jeu.<\/p>\n\n\n\n<figure class=\"wp-block-embed is-type-rich is-provider-twitter wp-block-embed-twitter\"><div class=\"wp-block-embed__wrapper\">\n<blockquote class=\"twitter-tweet\" data-width=\"550\" data-dnt=\"true\"><p lang=\"cy\" dir=\"ltr\">Fod\u00e9 Sylla \ud83c\uddeb\ud83c\uddf7\ud83c\uddec\ud83c\uddf3(2006) with the opener!<br>Dan Sinat\u00e9 \ud83c\uddeb\ud83c\uddf7\ud83c\uddf2\ud83c\uddf1(2006) with the assist!<a href=\"https:\/\/twitter.com\/hashtag\/U17Euro?src=hash&amp;ref_src=twsrc%5Etfw\">#U17Euro<\/a> <a href=\"https:\/\/t.co\/StmWdnLQQR\">pic.twitter.com\/StmWdnLQQR<\/a><\/p>&mdash; Football Report (@FootballReprt) <a href=\"https:\/\/twitter.com\/FootballReprt\/status\/1659993829435473927?ref_src=twsrc%5Etfw\">May 20, 2023<\/a><\/blockquote><script async src=\"https:\/\/platform.twitter.com\/widgets.js\" charset=\"utf-8\"><\/script>\n<\/div><\/figure>\n\n\n\n<p>Cette d\u00e9faite met l&rsquo;\u00e9quipe de France dos au mur pour une qualification en quarts de finale. Les Bleuets doivent imp\u00e9rativement \u00e9viter la d\u00e9faite face au Portugal mardi pour continuer leur aventure dans cet Euro hongrois. Les Fran\u00e7ais sont deuxi\u00e8mes de la poule C, avec trois points, tout comme le Portugal. L&rsquo;Allemagne a fait carton plein et m\u00e8ne les d\u00e9bats avec six points. <\/p>\n\n\n\n<iframe id=\"sofa-standings-embed-43103-50457\" src=\"https:\/\/widgets.sofascore.com\/embed\/tournament\/43103\/season\/50457\/standings\/U17%20UEFA%20%20European%20Championship%202023%2C%20Group%20C?widgetTitle=U17 UEFA  European Championship 2023, Group C&#038;showCompetitionLogo=true\" style=height:304px!important;max-width:620px!important;width:100%!important; frameborder=\"0\" scrolling=\"no\"><\/iframe>\n","protected":false},"excerpt":{"rendered":"<p>L&rsquo;\u00e9quipe de France s&rsquo;est inclin\u00e9e samedi contre l&rsquo;Allemagne (1-3) malgr\u00e9 la pr\u00e9sence des trois jeunes Mon\u00e9gasques dans son onze de d\u00e9part. Dan Sinat\u00e9, Sa\u00efmon Bouabr\u00e9 et Joan Tincres ont \u00e9t\u00e9 titularis\u00e9s par Jean-Luc Vannuchi mais seul le premier a \u00e9t\u00e9 v\u00e9ritablement d\u00e9cisif, passeur sur le but tricolore de Fod\u00e9 Sylla pour l&rsquo;ouverture du score. Sinat\u00e9 [&#8230;]\n","protected":false},"author":2,"featured_media":0,"comment_status":"open","ping_status":"open","sticky":false,"template":"","format":"standard","meta":[],"categories":[6],"tags":[76,86,525,538,93,205,413,116],"yoast_head":"<!-- This site is optimized with the Yoast SEO plugin v19.8 - https:\/\/yoast.com\/wordpress\/plugins\/seo\/ -->\n<title>Sinat\u00e9 d\u00e9cisif avec l&#039;\u00e9quipe de France \u00e0 l&#039;Euro U17 malgr\u00e9 la d\u00e9faite - La Diagonale<\/title>\n<meta name=\"robots\" content=\"index, follow, max-snippet:-1, max-image-preview:large, max-video-preview:-1\" \/>\n<link rel=\"canonical\" href=\"https:\/\/www.ladiagonale.net\/index.php\/2023\/05\/21\/sinate-decisif-avec-lequipe-de-france-a-leuro-u17-malgre-la-defaite\/\" \/>\n<meta property=\"og:locale\" content=\"fr_FR\" \/>\n<meta property=\"og:type\" content=\"article\" \/>\n<meta property=\"og:title\" content=\"Sinat\u00e9 d\u00e9cisif avec l&#039;\u00e9quipe de France \u00e0 l&#039;Euro U17 malgr\u00e9 la d\u00e9faite - La Diagonale\" \/>\n<meta property=\"og:description\" content=\"L&rsquo;\u00e9quipe de France s&rsquo;est inclin\u00e9e samedi contre l&rsquo;Allemagne (1-3) malgr\u00e9 la pr\u00e9sence des trois jeunes Mon\u00e9gasques dans son onze de d\u00e9part. Dan Sinat\u00e9, Sa\u00efmon Bouabr\u00e9 et Joan Tincres ont \u00e9t\u00e9 titularis\u00e9s par Jean-Luc Vannuchi mais seul le premier a \u00e9t\u00e9 v\u00e9ritablement d\u00e9cisif, passeur sur le but tricolore de Fod\u00e9 Sylla pour l&rsquo;ouverture du score. Sinat\u00e9 [...]\" \/>\n<meta property=\"og:url\" content=\"https:\/\/www.ladiagonale.net\/index.php\/2023\/05\/21\/sinate-decisif-avec-lequipe-de-france-a-leuro-u17-malgre-la-defaite\/\" \/>\n<meta property=\"og:site_name\" content=\"La Diagonale\" \/>\n<meta property=\"article:published_time\" content=\"2023-05-21T09:27:36+00:00\" \/>\n<meta property=\"article:modified_time\" content=\"2023-05-21T09:27:41+00:00\" \/>\n<meta property=\"og:image\" content=\"https:\/\/www.ladiagonale.net\/wp-content\/uploads\/2023\/02\/sinate-gambardella.png\" \/>\n\t<meta property=\"og:image:width\" content=\"1160\" \/>\n\t<meta property=\"og:image:height\" content=\"650\" \/>\n\t<meta property=\"og:image:type\" content=\"image\/png\" \/>\n<meta name=\"author\" content=\"Damien Dellerba\" \/>\n<meta name=\"twitter:card\" content=\"summary_large_image\" \/>\n<meta name=\"twitter:image\" content=\"https:\/\/www.ladiagonale.net\/wp-content\/uploads\/2023\/02\/sinate-gambardella.png\" \/>\n<meta name=\"twitter:label1\" content=\"\u00c9crit par\" \/>\n\t<meta name=\"twitter:data1\" content=\"Damien Dellerba\" \/>\n\t<meta name=\"twitter:label2\" content=\"Dur\u00e9e de lecture estim\u00e9e\" \/>\n\t<meta name=\"twitter:data2\" content=\"1 minute\" \/>\n<script type=\"application\/ld+json\" class=\"yoast-schema-graph\">{\"@context\":\"https:\/\/schema.org\",\"@graph\":[{\"@type\":\"WebPage\",\"@id\":\"https:\/\/www.ladiagonale.net\/index.php\/2023\/05\/21\/sinate-decisif-avec-lequipe-de-france-a-leuro-u17-malgre-la-defaite\/\",\"url\":\"https:\/\/www.ladiagonale.net\/index.php\/2023\/05\/21\/sinate-decisif-avec-lequipe-de-france-a-leuro-u17-malgre-la-defaite\/\",\"name\":\"Sinat\u00e9 d\u00e9cisif avec l'\u00e9quipe de France \u00e0 l'Euro U17 malgr\u00e9 la d\u00e9faite - La Diagonale\",\"isPartOf\":{\"@id\":\"https:\/\/www.ladiagonale.net\/#website\"},\"datePublished\":\"2023-05-21T09:27:36+00:00\",\"dateModified\":\"2023-05-21T09:27:41+00:00\",\"author\":{\"@id\":\"https:\/\/www.ladiagonale.net\/#\/schema\/person\/79ff1e7b0853ed01b2aa26e64ad300bf\"},\"breadcrumb\":{\"@id\":\"https:\/\/www.ladiagonale.net\/index.php\/2023\/05\/21\/sinate-decisif-avec-lequipe-de-france-a-leuro-u17-malgre-la-defaite\/#breadcrumb\"},\"inLanguage\":\"fr-FR\",\"potentialAction\":[{\"@type\":\"ReadAction\",\"target\":[\"https:\/\/www.ladiagonale.net\/index.php\/2023\/05\/21\/sinate-decisif-avec-lequipe-de-france-a-leuro-u17-malgre-la-defaite\/\"]}]},{\"@type\":\"BreadcrumbList\",\"@id\":\"https:\/\/www.ladiagonale.net\/index.php\/2023\/05\/21\/sinate-decisif-avec-lequipe-de-france-a-leuro-u17-malgre-la-defaite\/#breadcrumb\",\"itemListElement\":[{\"@type\":\"ListItem\",\"position\":1,\"name\":\"Accueil\",\"item\":\"https:\/\/www.ladiagonale.net\/\"},{\"@type\":\"ListItem\",\"position\":2,\"name\":\"Sinat\u00e9 d\u00e9cisif avec l&rsquo;\u00e9quipe de France \u00e0 l&rsquo;Euro U17 malgr\u00e9 la d\u00e9faite\"}]},{\"@type\":\"WebSite\",\"@id\":\"https:\/\/www.ladiagonale.net\/#website\",\"url\":\"https:\/\/www.ladiagonale.net\/\",\"name\":\"La Diagonale\",\"description\":\"Le site des supporters de l&#039;AS Monaco FC\",\"potentialAction\":[{\"@type\":\"SearchAction\",\"target\":{\"@type\":\"EntryPoint\",\"urlTemplate\":\"https:\/\/www.ladiagonale.net\/?s={search_term_string}\"},\"query-input\":\"required name=search_term_string\"}],\"inLanguage\":\"fr-FR\"},{\"@type\":\"Person\",\"@id\":\"https:\/\/www.ladiagonale.net\/#\/schema\/person\/79ff1e7b0853ed01b2aa26e64ad300bf\",\"name\":\"Damien Dellerba\",\"image\":{\"@type\":\"ImageObject\",\"inLanguage\":\"fr-FR\",\"@id\":\"https:\/\/www.ladiagonale.net\/#\/schema\/person\/image\/\",\"url\":\"https:\/\/secure.gravatar.com\/avatar\/c7850e06d3ff63cdbaee88b7fc16e2f0?s=96&d=mm&r=g\",\"contentUrl\":\"https:\/\/secure.gravatar.com\/avatar\/c7850e06d3ff63cdbaee88b7fc16e2f0?s=96&d=mm&r=g\",\"caption\":\"Damien Dellerba\"},\"url\":\"https:\/\/www.ladiagonale.net\/index.php\/author\/damien\/\"}]}<\/script>\n<!-- \/ Yoast SEO plugin. -->","yoast_head_json":{"title":"Sinat\u00e9 d\u00e9cisif avec l'\u00e9quipe de France \u00e0 l'Euro U17 malgr\u00e9 la d\u00e9faite - La Diagonale","robots":{"index":"index","follow":"follow","max-snippet":"max-snippet:-1","max-image-preview":"max-image-preview:large","max-video-preview":"max-video-preview:-1"},"canonical":"https:\/\/www.ladiagonale.net\/index.php\/2023\/05\/21\/sinate-decisif-avec-lequipe-de-france-a-leuro-u17-malgre-la-defaite\/","og_locale":"fr_FR","og_type":"article","og_title":"Sinat\u00e9 d\u00e9cisif avec l'\u00e9quipe de France \u00e0 l'Euro U17 malgr\u00e9 la d\u00e9faite - La Diagonale","og_description":"L&rsquo;\u00e9quipe de France s&rsquo;est inclin\u00e9e samedi contre l&rsquo;Allemagne (1-3) malgr\u00e9 la pr\u00e9sence des trois jeunes Mon\u00e9gasques dans son onze de d\u00e9part. Dan Sinat\u00e9, Sa\u00efmon Bouabr\u00e9 et Joan Tincres ont \u00e9t\u00e9 titularis\u00e9s par Jean-Luc Vannuchi mais seul le premier a \u00e9t\u00e9 v\u00e9ritablement d\u00e9cisif, passeur sur le but tricolore de Fod\u00e9 Sylla pour l&rsquo;ouverture du score. Sinat\u00e9 [...]","og_url":"https:\/\/www.ladiagonale.net\/index.php\/2023\/05\/21\/sinate-decisif-avec-lequipe-de-france-a-leuro-u17-malgre-la-defaite\/","og_site_name":"La Diagonale","article_published_time":"2023-05-21T09:27:36+00:00","article_modified_time":"2023-05-21T09:27:41+00:00","og_image":[{"width":1160,"height":650,"url":"https:\/\/www.ladiagonale.net\/wp-content\/uploads\/2023\/02\/sinate-gambardella.png","type":"image\/png"}],"author":"Damien Dellerba","twitter_card":"summary_large_image","twitter_image":"https:\/\/www.ladiagonale.net\/wp-content\/uploads\/2023\/02\/sinate-gambardella.png","twitter_misc":{"\u00c9crit par":"Damien Dellerba","Dur\u00e9e de lecture estim\u00e9e":"1 minute"},"schema":{"@context":"https:\/\/schema.org","@graph":[{"@type":"WebPage","@id":"https:\/\/www.ladiagonale.net\/index.php\/2023\/05\/21\/sinate-decisif-avec-lequipe-de-france-a-leuro-u17-malgre-la-defaite\/","url":"https:\/\/www.ladiagonale.net\/index.php\/2023\/05\/21\/sinate-decisif-avec-lequipe-de-france-a-leuro-u17-malgre-la-defaite\/","name":"Sinat\u00e9 d\u00e9cisif avec l'\u00e9quipe de France \u00e0 l'Euro U17 malgr\u00e9 la d\u00e9faite - La Diagonale","isPartOf":{"@id":"https:\/\/www.ladiagonale.net\/#website"},"datePublished":"2023-05-21T09:27:36+00:00","dateModified":"2023-05-21T09:27:41+00:00","author":{"@id":"https:\/\/www.ladiagonale.net\/#\/schema\/person\/79ff1e7b0853ed01b2aa26e64ad300bf"},"breadcrumb":{"@id":"https:\/\/www.ladiagonale.net\/index.php\/2023\/05\/21\/sinate-decisif-avec-lequipe-de-france-a-leuro-u17-malgre-la-defaite\/#breadcrumb"},"inLanguage":"fr-FR","potentialAction":[{"@type":"ReadAction","target":["https:\/\/www.ladiagonale.net\/index.php\/2023\/05\/21\/sinate-decisif-avec-lequipe-de-france-a-leuro-u17-malgre-la-defaite\/"]}]},{"@type":"BreadcrumbList","@id":"https:\/\/www.ladiagonale.net\/index.php\/2023\/05\/21\/sinate-decisif-avec-lequipe-de-france-a-leuro-u17-malgre-la-defaite\/#breadcrumb","itemListElement":[{"@type":"ListItem","position":1,"name":"Accueil","item":"https:\/\/www.ladiagonale.net\/"},{"@type":"ListItem","position":2,"name":"Sinat\u00e9 d\u00e9cisif avec l&rsquo;\u00e9quipe de France \u00e0 l&rsquo;Euro U17 malgr\u00e9 la d\u00e9faite"}]},{"@type":"WebSite","@id":"https:\/\/www.ladiagonale.net\/#website","url":"https:\/\/www.ladiagonale.net\/","name":"La Diagonale","description":"Le site des supporters de l&#039;AS Monaco FC","potentialAction":[{"@type":"SearchAction","target":{"@type":"EntryPoint","urlTemplate":"https:\/\/www.ladiagonale.net\/?s={search_term_string}"},"query-input":"required name=search_term_string"}],"inLanguage":"fr-FR"},{"@type":"Person","@id":"https:\/\/www.ladiagonale.net\/#\/schema\/person\/79ff1e7b0853ed01b2aa26e64ad300bf","name":"Damien Dellerba","image":{"@type":"ImageObject","inLanguage":"fr-FR","@id":"https:\/\/www.ladiagonale.net\/#\/schema\/person\/image\/","url":"https:\/\/secure.gravatar.com\/avatar\/c7850e06d3ff63cdbaee88b7fc16e2f0?s=96&d=mm&r=g","contentUrl":"https:\/\/secure.gravatar.com\/avatar\/c7850e06d3ff63cdbaee88b7fc16e2f0?s=96&d=mm&r=g","caption":"Damien Dellerba"},"url":"https:\/\/www.ladiagonale.net\/index.php\/author\/damien\/"}]}},"_links":{"self":[{"href":"https:\/\/www.ladiagonale.net\/index.php\/wp-json\/wp\/v2\/posts\/12641"}],"collection":[{"href":"https:\/\/www.ladiagonale.net\/index.php\/wp-json\/wp\/v2\/posts"}],"about":[{"href":"https:\/\/www.ladiagonale.net\/index.php\/wp-json\/wp\/v2\/types\/post"}],"author":[{"embeddable":true,"href":"https:\/\/www.ladiagonale.net\/index.php\/wp-json\/wp\/v2\/users\/2"}],"replies":[{"embeddable":true,"href":"https:\/\/www.ladiagonale.net\/index.php\/wp-json\/wp\/v2\/comments?post=12641"}],"version-history":[{"count":1,"href":"https:\/\/www.ladiagonale.net\/index.php\/wp-json\/wp\/v2\/posts\/12641\/revisions"}],"predecessor-version":[{"id":12642,"href":"https:\/\/www.ladiagonale.net\/index.php\/wp-json\/wp\/v2\/posts\/12641\/revisions\/12642"}],"wp:attachment":[{"href":"https:\/\/www.ladiagonale.net\/index.php\/wp-json\/wp\/v2\/media?parent=12641"}],"wp:term":[{"taxonomy":"category","embeddable":true,"href":"https:\/\/www.ladiagonale.net\/index.php\/wp-json\/wp\/v2\/categories?post=12641"},{"taxonomy":"post_tag","embeddable":true,"href":"https:\/\/www.ladiagonale.net\/index.php\/wp-json\/wp\/v2\/tags?post=12641"}],"curies":[{"name":"wp","href":"https:\/\/api.w.org\/{rel}","templated":true}]}}