{"id":12707,"date":"2023-05-22T22:25:33","date_gmt":"2023-05-22T20:25:33","guid":{"rendered":"https:\/\/www.ladiagonale.net\/?p=12707"},"modified":"2023-05-22T22:28:03","modified_gmt":"2023-05-22T20:28:03","slug":"debuts-compliques-pour-semedo-et-la-france-au-mondial-u20","status":"publish","type":"post","link":"https:\/\/www.ladiagonale.net\/index.php\/2023\/05\/22\/debuts-compliques-pour-semedo-et-la-france-au-mondial-u20\/","title":{"rendered":"D\u00e9buts compliqu\u00e9s pour Semedo et la France au Mondial U20"},"content":{"rendered":"\n\n\n<p>L\u2019\u00e9quipe de France et les jeunes joueurs de l\u2019AS Monaco ont rat\u00e9 leurs d\u00e9buts \u00e0 la Coupe du monde des moins de 20 ans, en s\u2019inclinant face \u00e0 la Cor\u00e9e du Sud pour la premi\u00e8re rencontre de la phase de poules (1-2) ce lundi. Jordan Semedo \u00e9tait titulaire au poste d\u2019arri\u00e8re gauche et n\u2019a pas non plus \u00e9t\u00e9 \u00e0 son avantage, impliqu\u00e9 sur les deux buts encaiss\u00e9s par les Bleuets. Sur le premier but, il a mal assur\u00e9 la couverture d&rsquo;un contre cor\u00e9en et a explos\u00e9 au duel face au passeur d\u00e9cisif (0-1, 22<sup>e<\/sup>). Quant au deuxi\u00e8me but, le lat\u00e9ral gauche a \u00e9t\u00e9 devanc\u00e9 de la t\u00eate sur un coup franc indirect par le buteur cor\u00e9en, Lee (0-2, 64<sup>e<\/sup>).<\/p>\n\n\n\n<p>Soungoutou Magassa et Malamine Efekele sont entr\u00e9s en cours de match, \u00e0 la 65<sup>e<\/sup> minute, alors que la France avait un retard de deux buts \u00e0 rattraper. Les Tricolores l\u2019ont combl\u00e9 en partie seulement, sur un p\u00e9nalty obtenu par Efekele. L\u2019attaquant as\u00e9miste s\u2019est trouv\u00e9 \u00e0 la r\u00e9ception d\u2019un centre dangereux de Semedo et a \u00e9t\u00e9 percut\u00e9 par le gardien adverse. Une action litigieuse qui a valu un carton jaune au portier cor\u00e9en, alors que ce dernier, sonn\u00e9, a pass\u00e9 de longues minutes au sol puis est finalement sorti dans la foul\u00e9e du p\u00e9nalty transform\u00e9 par le Lillois Virginius (1-2, 70<sup>e<\/sup>). Malamine Efekele a pu finir la rencontre sans encombre.<\/p>\n\n\n\n<p>Magassa a pour sa part affich\u00e9 une bonne ma\u00eetrise balle au pied et une certain assurance dans le jeu long et son orientation. Le quatri\u00e8me Mon\u00e9gasque, Yann Lienard, est rest\u00e9 sur le banc lors de cette rencontre. Pour les jeunes tricolores, il faudra imp\u00e9rativement corriger le tir lors de la prochaine rencontre de ce groupe F, jeudi, face \u00e0 la Gambie.<\/p>\n\n\n\n<iframe id=\"sofa-standings-embed-6079-50973\" src=\"https:\/\/widgets.sofascore.com\/embed\/tournament\/6079\/season\/50973\/standings\/U20%20World%20Cup%202023%2C%20Group%20F?widgetTitle=U20 World Cup 2023, Group F&amp;showCompetitionLogo=true\" style=\"height:304px!important;max-width:620px!important;width:100%!important;\" scrolling=\"no\" frameborder=\"0\"><\/iframe>\n","protected":false},"excerpt":{"rendered":"<p>L\u2019\u00e9quipe de France et les jeunes joueurs de l\u2019AS Monaco ont rat\u00e9 leurs d\u00e9buts \u00e0 la Coupe du monde des moins de 20 ans, en s\u2019inclinant face \u00e0 la Cor\u00e9e du Sud pour la premi\u00e8re rencontre de la phase de poules (1-2) ce lundi. Jordan Semedo \u00e9tait titulaire au poste d\u2019arri\u00e8re gauche et n\u2019a pas [&#8230;]\n","protected":false},"author":2,"featured_media":0,"comment_status":"open","ping_status":"open","sticky":false,"template":"","format":"standard","meta":[],"categories":[6],"tags":[76,86,457,445,116,147,146],"yoast_head":"<!-- This site is optimized with the Yoast SEO plugin v19.8 - https:\/\/yoast.com\/wordpress\/plugins\/seo\/ -->\n<title>D\u00e9buts compliqu\u00e9s pour Semedo et la France au Mondial U20 - La Diagonale<\/title>\n<meta name=\"robots\" content=\"index, follow, max-snippet:-1, max-image-preview:large, max-video-preview:-1\" \/>\n<link rel=\"canonical\" href=\"https:\/\/www.ladiagonale.net\/index.php\/2023\/05\/22\/debuts-compliques-pour-semedo-et-la-france-au-mondial-u20\/\" \/>\n<meta property=\"og:locale\" content=\"fr_FR\" \/>\n<meta property=\"og:type\" content=\"article\" \/>\n<meta property=\"og:title\" content=\"D\u00e9buts compliqu\u00e9s pour Semedo et la France au Mondial U20 - La Diagonale\" \/>\n<meta property=\"og:description\" content=\"L\u2019\u00e9quipe de France et les jeunes joueurs de l\u2019AS Monaco ont rat\u00e9 leurs d\u00e9buts \u00e0 la Coupe du monde des moins de 20 ans, en s\u2019inclinant face \u00e0 la Cor\u00e9e du Sud pour la premi\u00e8re rencontre de la phase de poules (1-2) ce lundi. Jordan Semedo \u00e9tait titulaire au poste d\u2019arri\u00e8re gauche et n\u2019a pas [...]\" \/>\n<meta property=\"og:url\" content=\"https:\/\/www.ladiagonale.net\/index.php\/2023\/05\/22\/debuts-compliques-pour-semedo-et-la-france-au-mondial-u20\/\" \/>\n<meta property=\"og:site_name\" content=\"La Diagonale\" \/>\n<meta property=\"article:published_time\" content=\"2023-05-22T20:25:33+00:00\" \/>\n<meta property=\"article:modified_time\" content=\"2023-05-22T20:28:03+00:00\" \/>\n<meta property=\"og:image\" content=\"https:\/\/www.ladiagonale.net\/wp-content\/uploads\/2022\/11\/semedo-france.png\" \/>\n\t<meta property=\"og:image:width\" content=\"1160\" \/>\n\t<meta property=\"og:image:height\" content=\"650\" \/>\n\t<meta property=\"og:image:type\" content=\"image\/png\" \/>\n<meta name=\"author\" content=\"Damien Dellerba\" \/>\n<meta name=\"twitter:card\" content=\"summary_large_image\" \/>\n<meta name=\"twitter:image\" content=\"https:\/\/www.ladiagonale.net\/wp-content\/uploads\/2022\/11\/semedo-france.png\" \/>\n<meta name=\"twitter:label1\" content=\"\u00c9crit par\" \/>\n\t<meta name=\"twitter:data1\" content=\"Damien Dellerba\" \/>\n\t<meta name=\"twitter:label2\" content=\"Dur\u00e9e de lecture estim\u00e9e\" \/>\n\t<meta name=\"twitter:data2\" content=\"2 minutes\" \/>\n<script type=\"application\/ld+json\" class=\"yoast-schema-graph\">{\"@context\":\"https:\/\/schema.org\",\"@graph\":[{\"@type\":\"WebPage\",\"@id\":\"https:\/\/www.ladiagonale.net\/index.php\/2023\/05\/22\/debuts-compliques-pour-semedo-et-la-france-au-mondial-u20\/\",\"url\":\"https:\/\/www.ladiagonale.net\/index.php\/2023\/05\/22\/debuts-compliques-pour-semedo-et-la-france-au-mondial-u20\/\",\"name\":\"D\u00e9buts compliqu\u00e9s pour Semedo et la France au Mondial U20 - La Diagonale\",\"isPartOf\":{\"@id\":\"https:\/\/www.ladiagonale.net\/#website\"},\"datePublished\":\"2023-05-22T20:25:33+00:00\",\"dateModified\":\"2023-05-22T20:28:03+00:00\",\"author\":{\"@id\":\"https:\/\/www.ladiagonale.net\/#\/schema\/person\/79ff1e7b0853ed01b2aa26e64ad300bf\"},\"breadcrumb\":{\"@id\":\"https:\/\/www.ladiagonale.net\/index.php\/2023\/05\/22\/debuts-compliques-pour-semedo-et-la-france-au-mondial-u20\/#breadcrumb\"},\"inLanguage\":\"fr-FR\",\"potentialAction\":[{\"@type\":\"ReadAction\",\"target\":[\"https:\/\/www.ladiagonale.net\/index.php\/2023\/05\/22\/debuts-compliques-pour-semedo-et-la-france-au-mondial-u20\/\"]}]},{\"@type\":\"BreadcrumbList\",\"@id\":\"https:\/\/www.ladiagonale.net\/index.php\/2023\/05\/22\/debuts-compliques-pour-semedo-et-la-france-au-mondial-u20\/#breadcrumb\",\"itemListElement\":[{\"@type\":\"ListItem\",\"position\":1,\"name\":\"Accueil\",\"item\":\"https:\/\/www.ladiagonale.net\/\"},{\"@type\":\"ListItem\",\"position\":2,\"name\":\"D\u00e9buts compliqu\u00e9s pour Semedo et la France au Mondial U20\"}]},{\"@type\":\"WebSite\",\"@id\":\"https:\/\/www.ladiagonale.net\/#website\",\"url\":\"https:\/\/www.ladiagonale.net\/\",\"name\":\"La Diagonale\",\"description\":\"Le site des supporters de l&#039;AS Monaco FC\",\"potentialAction\":[{\"@type\":\"SearchAction\",\"target\":{\"@type\":\"EntryPoint\",\"urlTemplate\":\"https:\/\/www.ladiagonale.net\/?s={search_term_string}\"},\"query-input\":\"required name=search_term_string\"}],\"inLanguage\":\"fr-FR\"},{\"@type\":\"Person\",\"@id\":\"https:\/\/www.ladiagonale.net\/#\/schema\/person\/79ff1e7b0853ed01b2aa26e64ad300bf\",\"name\":\"Damien Dellerba\",\"image\":{\"@type\":\"ImageObject\",\"inLanguage\":\"fr-FR\",\"@id\":\"https:\/\/www.ladiagonale.net\/#\/schema\/person\/image\/\",\"url\":\"https:\/\/secure.gravatar.com\/avatar\/c7850e06d3ff63cdbaee88b7fc16e2f0?s=96&d=mm&r=g\",\"contentUrl\":\"https:\/\/secure.gravatar.com\/avatar\/c7850e06d3ff63cdbaee88b7fc16e2f0?s=96&d=mm&r=g\",\"caption\":\"Damien Dellerba\"},\"url\":\"https:\/\/www.ladiagonale.net\/index.php\/author\/damien\/\"}]}<\/script>\n<!-- \/ Yoast SEO plugin. -->","yoast_head_json":{"title":"D\u00e9buts compliqu\u00e9s pour Semedo et la France au Mondial U20 - La Diagonale","robots":{"index":"index","follow":"follow","max-snippet":"max-snippet:-1","max-image-preview":"max-image-preview:large","max-video-preview":"max-video-preview:-1"},"canonical":"https:\/\/www.ladiagonale.net\/index.php\/2023\/05\/22\/debuts-compliques-pour-semedo-et-la-france-au-mondial-u20\/","og_locale":"fr_FR","og_type":"article","og_title":"D\u00e9buts compliqu\u00e9s pour Semedo et la France au Mondial U20 - La Diagonale","og_description":"L\u2019\u00e9quipe de France et les jeunes joueurs de l\u2019AS Monaco ont rat\u00e9 leurs d\u00e9buts \u00e0 la Coupe du monde des moins de 20 ans, en s\u2019inclinant face \u00e0 la Cor\u00e9e du Sud pour la premi\u00e8re rencontre de la phase de poules (1-2) ce lundi. Jordan Semedo \u00e9tait titulaire au poste d\u2019arri\u00e8re gauche et n\u2019a pas [...]","og_url":"https:\/\/www.ladiagonale.net\/index.php\/2023\/05\/22\/debuts-compliques-pour-semedo-et-la-france-au-mondial-u20\/","og_site_name":"La Diagonale","article_published_time":"2023-05-22T20:25:33+00:00","article_modified_time":"2023-05-22T20:28:03+00:00","og_image":[{"width":1160,"height":650,"url":"https:\/\/www.ladiagonale.net\/wp-content\/uploads\/2022\/11\/semedo-france.png","type":"image\/png"}],"author":"Damien Dellerba","twitter_card":"summary_large_image","twitter_image":"https:\/\/www.ladiagonale.net\/wp-content\/uploads\/2022\/11\/semedo-france.png","twitter_misc":{"\u00c9crit par":"Damien Dellerba","Dur\u00e9e de lecture estim\u00e9e":"2 minutes"},"schema":{"@context":"https:\/\/schema.org","@graph":[{"@type":"WebPage","@id":"https:\/\/www.ladiagonale.net\/index.php\/2023\/05\/22\/debuts-compliques-pour-semedo-et-la-france-au-mondial-u20\/","url":"https:\/\/www.ladiagonale.net\/index.php\/2023\/05\/22\/debuts-compliques-pour-semedo-et-la-france-au-mondial-u20\/","name":"D\u00e9buts compliqu\u00e9s pour Semedo et la France au Mondial U20 - La Diagonale","isPartOf":{"@id":"https:\/\/www.ladiagonale.net\/#website"},"datePublished":"2023-05-22T20:25:33+00:00","dateModified":"2023-05-22T20:28:03+00:00","author":{"@id":"https:\/\/www.ladiagonale.net\/#\/schema\/person\/79ff1e7b0853ed01b2aa26e64ad300bf"},"breadcrumb":{"@id":"https:\/\/www.ladiagonale.net\/index.php\/2023\/05\/22\/debuts-compliques-pour-semedo-et-la-france-au-mondial-u20\/#breadcrumb"},"inLanguage":"fr-FR","potentialAction":[{"@type":"ReadAction","target":["https:\/\/www.ladiagonale.net\/index.php\/2023\/05\/22\/debuts-compliques-pour-semedo-et-la-france-au-mondial-u20\/"]}]},{"@type":"BreadcrumbList","@id":"https:\/\/www.ladiagonale.net\/index.php\/2023\/05\/22\/debuts-compliques-pour-semedo-et-la-france-au-mondial-u20\/#breadcrumb","itemListElement":[{"@type":"ListItem","position":1,"name":"Accueil","item":"https:\/\/www.ladiagonale.net\/"},{"@type":"ListItem","position":2,"name":"D\u00e9buts compliqu\u00e9s pour Semedo et la France au Mondial U20"}]},{"@type":"WebSite","@id":"https:\/\/www.ladiagonale.net\/#website","url":"https:\/\/www.ladiagonale.net\/","name":"La Diagonale","description":"Le site des supporters de l&#039;AS Monaco FC","potentialAction":[{"@type":"SearchAction","target":{"@type":"EntryPoint","urlTemplate":"https:\/\/www.ladiagonale.net\/?s={search_term_string}"},"query-input":"required name=search_term_string"}],"inLanguage":"fr-FR"},{"@type":"Person","@id":"https:\/\/www.ladiagonale.net\/#\/schema\/person\/79ff1e7b0853ed01b2aa26e64ad300bf","name":"Damien Dellerba","image":{"@type":"ImageObject","inLanguage":"fr-FR","@id":"https:\/\/www.ladiagonale.net\/#\/schema\/person\/image\/","url":"https:\/\/secure.gravatar.com\/avatar\/c7850e06d3ff63cdbaee88b7fc16e2f0?s=96&d=mm&r=g","contentUrl":"https:\/\/secure.gravatar.com\/avatar\/c7850e06d3ff63cdbaee88b7fc16e2f0?s=96&d=mm&r=g","caption":"Damien Dellerba"},"url":"https:\/\/www.ladiagonale.net\/index.php\/author\/damien\/"}]}},"_links":{"self":[{"href":"https:\/\/www.ladiagonale.net\/index.php\/wp-json\/wp\/v2\/posts\/12707"}],"collection":[{"href":"https:\/\/www.ladiagonale.net\/index.php\/wp-json\/wp\/v2\/posts"}],"about":[{"href":"https:\/\/www.ladiagonale.net\/index.php\/wp-json\/wp\/v2\/types\/post"}],"author":[{"embeddable":true,"href":"https:\/\/www.ladiagonale.net\/index.php\/wp-json\/wp\/v2\/users\/2"}],"replies":[{"embeddable":true,"href":"https:\/\/www.ladiagonale.net\/index.php\/wp-json\/wp\/v2\/comments?post=12707"}],"version-history":[{"count":5,"href":"https:\/\/www.ladiagonale.net\/index.php\/wp-json\/wp\/v2\/posts\/12707\/revisions"}],"predecessor-version":[{"id":12712,"href":"https:\/\/www.ladiagonale.net\/index.php\/wp-json\/wp\/v2\/posts\/12707\/revisions\/12712"}],"wp:attachment":[{"href":"https:\/\/www.ladiagonale.net\/index.php\/wp-json\/wp\/v2\/media?parent=12707"}],"wp:term":[{"taxonomy":"category","embeddable":true,"href":"https:\/\/www.ladiagonale.net\/index.php\/wp-json\/wp\/v2\/categories?post=12707"},{"taxonomy":"post_tag","embeddable":true,"href":"https:\/\/www.ladiagonale.net\/index.php\/wp-json\/wp\/v2\/tags?post=12707"}],"curies":[{"name":"wp","href":"https:\/\/api.w.org\/{rel}","templated":true}]}}