{"id":12733,"date":"2023-05-23T08:14:00","date_gmt":"2023-05-23T06:14:00","guid":{"rendered":"https:\/\/www.ladiagonale.net\/?p=12733"},"modified":"2023-05-23T12:04:47","modified_gmt":"2023-05-23T10:04:47","slug":"mokabakila-et-silvente-rejoignent-cabral-en-equipe-de-france-u16","status":"publish","type":"post","link":"https:\/\/www.ladiagonale.net\/index.php\/2023\/05\/23\/mokabakila-et-silvente-rejoignent-cabral-en-equipe-de-france-u16\/","title":{"rendered":"Mokabakila et Silvente rejoignent Cabral en \u00e9quipe de France U16"},"content":{"rendered":"\n\n\n<p>Lundi, le rassemblement de l&rsquo;\u00e9quipe de France U16 a d\u00e9but\u00e9 \u00e0 Clairefontaine avec non pas <a href=\"https:\/\/www.ladiagonale.net\/index.php\/2023\/05\/16\/cabral-retenu-avec-lequipe-de-france-u16\/\">un seul Mon\u00e9gasque comme annonc\u00e9 pr\u00e9alablement<\/a>, mais avec trois. Le d\u00e9fenseur Nick Mokabakila et le milieu de terrain Joris Silvente ont retrouv\u00e9 leur co\u00e9quipier Pape Cabral des U17 de l&rsquo;AS Monaco \u00e0 la suite de nombreux changements apport\u00e9s \u00e0 la liste d&rsquo;origine. <\/p>\n\n\n\n<p>Comme Cabral, Mokabakila (4 s\u00e9lections) et Silvente (2 s\u00e9lections) ont \u00e9t\u00e9 appel\u00e9s \u00e0 plusieurs reprises par Jos\u00e9 Alcocer durant la saison. Mokabakila a m\u00eame disput\u00e9 en avril le tournoi de Montaigu que <a href=\"https:\/\/www.ladiagonale.net\/index.php\/2023\/04\/12\/mokabakila-troisieme-du-mondial-de-montaigu-avec-la-france\/\">la France a achev\u00e9 \u00e0 la troisi\u00e8me place<\/a>.<\/p>\n\n\n\n<p>Deux rencontres amicales face \u00e0 l\u2019Allemagne sont pr\u00e9vues lors de ce rassemblement, au Parkstadion Dillingen, vers Sarrebruck. La premi\u00e8re aura lieu le 25 mai (11h) et la seconde le 28 mai (11h). Apr\u00e8s quoi, les trois jeunes as\u00e9mistes pourront prendre quelques vacances bien m\u00e9rit\u00e9es.<\/p>\n","protected":false},"excerpt":{"rendered":"<p>Lundi, le rassemblement de l&rsquo;\u00e9quipe de France U16 a d\u00e9but\u00e9 \u00e0 Clairefontaine avec non pas un seul Mon\u00e9gasque comme annonc\u00e9 pr\u00e9alablement, mais avec trois. Le d\u00e9fenseur Nick Mokabakila et le milieu de terrain Joris Silvente ont retrouv\u00e9 leur co\u00e9quipier Pape Cabral des U17 de l&rsquo;AS Monaco \u00e0 la suite de nombreux changements apport\u00e9s \u00e0 la [&#8230;]\n","protected":false},"author":2,"featured_media":0,"comment_status":"open","ping_status":"open","sticky":false,"template":"","format":"standard","meta":[],"categories":[6],"tags":[76,86,281,326,325,268,116],"yoast_head":"<!-- This site is optimized with the Yoast SEO plugin v19.8 - https:\/\/yoast.com\/wordpress\/plugins\/seo\/ -->\n<title>Mokabakila et Silvente rejoignent Cabral en \u00e9quipe de France U16 - La Diagonale<\/title>\n<meta name=\"robots\" content=\"index, follow, max-snippet:-1, max-image-preview:large, max-video-preview:-1\" \/>\n<link rel=\"canonical\" href=\"https:\/\/www.ladiagonale.net\/index.php\/2023\/05\/23\/mokabakila-et-silvente-rejoignent-cabral-en-equipe-de-france-u16\/\" \/>\n<meta property=\"og:locale\" content=\"fr_FR\" \/>\n<meta property=\"og:type\" content=\"article\" \/>\n<meta property=\"og:title\" content=\"Mokabakila et Silvente rejoignent Cabral en \u00e9quipe de France U16 - La Diagonale\" \/>\n<meta property=\"og:description\" content=\"Lundi, le rassemblement de l&rsquo;\u00e9quipe de France U16 a d\u00e9but\u00e9 \u00e0 Clairefontaine avec non pas un seul Mon\u00e9gasque comme annonc\u00e9 pr\u00e9alablement, mais avec trois. Le d\u00e9fenseur Nick Mokabakila et le milieu de terrain Joris Silvente ont retrouv\u00e9 leur co\u00e9quipier Pape Cabral des U17 de l&rsquo;AS Monaco \u00e0 la suite de nombreux changements apport\u00e9s \u00e0 la [...]\" \/>\n<meta property=\"og:url\" content=\"https:\/\/www.ladiagonale.net\/index.php\/2023\/05\/23\/mokabakila-et-silvente-rejoignent-cabral-en-equipe-de-france-u16\/\" \/>\n<meta property=\"og:site_name\" content=\"La Diagonale\" \/>\n<meta property=\"article:published_time\" content=\"2023-05-23T06:14:00+00:00\" \/>\n<meta property=\"article:modified_time\" content=\"2023-05-23T10:04:47+00:00\" \/>\n<meta property=\"og:image\" content=\"https:\/\/www.ladiagonale.net\/wp-content\/uploads\/2023\/04\/mokabakila-france.png\" \/>\n\t<meta property=\"og:image:width\" content=\"1160\" \/>\n\t<meta property=\"og:image:height\" content=\"650\" \/>\n\t<meta property=\"og:image:type\" content=\"image\/png\" \/>\n<meta name=\"author\" content=\"Damien Dellerba\" \/>\n<meta name=\"twitter:card\" content=\"summary_large_image\" \/>\n<meta name=\"twitter:image\" content=\"https:\/\/www.ladiagonale.net\/wp-content\/uploads\/2023\/04\/mokabakila-france.png\" \/>\n<meta name=\"twitter:label1\" content=\"\u00c9crit par\" \/>\n\t<meta name=\"twitter:data1\" content=\"Damien Dellerba\" \/>\n\t<meta name=\"twitter:label2\" content=\"Dur\u00e9e de lecture estim\u00e9e\" \/>\n\t<meta name=\"twitter:data2\" content=\"1 minute\" \/>\n<script type=\"application\/ld+json\" class=\"yoast-schema-graph\">{\"@context\":\"https:\/\/schema.org\",\"@graph\":[{\"@type\":\"WebPage\",\"@id\":\"https:\/\/www.ladiagonale.net\/index.php\/2023\/05\/23\/mokabakila-et-silvente-rejoignent-cabral-en-equipe-de-france-u16\/\",\"url\":\"https:\/\/www.ladiagonale.net\/index.php\/2023\/05\/23\/mokabakila-et-silvente-rejoignent-cabral-en-equipe-de-france-u16\/\",\"name\":\"Mokabakila et Silvente rejoignent Cabral en \u00e9quipe de France U16 - La Diagonale\",\"isPartOf\":{\"@id\":\"https:\/\/www.ladiagonale.net\/#website\"},\"datePublished\":\"2023-05-23T06:14:00+00:00\",\"dateModified\":\"2023-05-23T10:04:47+00:00\",\"author\":{\"@id\":\"https:\/\/www.ladiagonale.net\/#\/schema\/person\/79ff1e7b0853ed01b2aa26e64ad300bf\"},\"breadcrumb\":{\"@id\":\"https:\/\/www.ladiagonale.net\/index.php\/2023\/05\/23\/mokabakila-et-silvente-rejoignent-cabral-en-equipe-de-france-u16\/#breadcrumb\"},\"inLanguage\":\"fr-FR\",\"potentialAction\":[{\"@type\":\"ReadAction\",\"target\":[\"https:\/\/www.ladiagonale.net\/index.php\/2023\/05\/23\/mokabakila-et-silvente-rejoignent-cabral-en-equipe-de-france-u16\/\"]}]},{\"@type\":\"BreadcrumbList\",\"@id\":\"https:\/\/www.ladiagonale.net\/index.php\/2023\/05\/23\/mokabakila-et-silvente-rejoignent-cabral-en-equipe-de-france-u16\/#breadcrumb\",\"itemListElement\":[{\"@type\":\"ListItem\",\"position\":1,\"name\":\"Accueil\",\"item\":\"https:\/\/www.ladiagonale.net\/\"},{\"@type\":\"ListItem\",\"position\":2,\"name\":\"Mokabakila et Silvente rejoignent Cabral en \u00e9quipe de France U16\"}]},{\"@type\":\"WebSite\",\"@id\":\"https:\/\/www.ladiagonale.net\/#website\",\"url\":\"https:\/\/www.ladiagonale.net\/\",\"name\":\"La Diagonale\",\"description\":\"Le site des supporters de l&#039;AS Monaco FC\",\"potentialAction\":[{\"@type\":\"SearchAction\",\"target\":{\"@type\":\"EntryPoint\",\"urlTemplate\":\"https:\/\/www.ladiagonale.net\/?s={search_term_string}\"},\"query-input\":\"required name=search_term_string\"}],\"inLanguage\":\"fr-FR\"},{\"@type\":\"Person\",\"@id\":\"https:\/\/www.ladiagonale.net\/#\/schema\/person\/79ff1e7b0853ed01b2aa26e64ad300bf\",\"name\":\"Damien Dellerba\",\"image\":{\"@type\":\"ImageObject\",\"inLanguage\":\"fr-FR\",\"@id\":\"https:\/\/www.ladiagonale.net\/#\/schema\/person\/image\/\",\"url\":\"https:\/\/secure.gravatar.com\/avatar\/c7850e06d3ff63cdbaee88b7fc16e2f0?s=96&d=mm&r=g\",\"contentUrl\":\"https:\/\/secure.gravatar.com\/avatar\/c7850e06d3ff63cdbaee88b7fc16e2f0?s=96&d=mm&r=g\",\"caption\":\"Damien Dellerba\"},\"url\":\"https:\/\/www.ladiagonale.net\/index.php\/author\/damien\/\"}]}<\/script>\n<!-- \/ Yoast SEO plugin. -->","yoast_head_json":{"title":"Mokabakila et Silvente rejoignent Cabral en \u00e9quipe de France U16 - La Diagonale","robots":{"index":"index","follow":"follow","max-snippet":"max-snippet:-1","max-image-preview":"max-image-preview:large","max-video-preview":"max-video-preview:-1"},"canonical":"https:\/\/www.ladiagonale.net\/index.php\/2023\/05\/23\/mokabakila-et-silvente-rejoignent-cabral-en-equipe-de-france-u16\/","og_locale":"fr_FR","og_type":"article","og_title":"Mokabakila et Silvente rejoignent Cabral en \u00e9quipe de France U16 - La Diagonale","og_description":"Lundi, le rassemblement de l&rsquo;\u00e9quipe de France U16 a d\u00e9but\u00e9 \u00e0 Clairefontaine avec non pas un seul Mon\u00e9gasque comme annonc\u00e9 pr\u00e9alablement, mais avec trois. Le d\u00e9fenseur Nick Mokabakila et le milieu de terrain Joris Silvente ont retrouv\u00e9 leur co\u00e9quipier Pape Cabral des U17 de l&rsquo;AS Monaco \u00e0 la suite de nombreux changements apport\u00e9s \u00e0 la [...]","og_url":"https:\/\/www.ladiagonale.net\/index.php\/2023\/05\/23\/mokabakila-et-silvente-rejoignent-cabral-en-equipe-de-france-u16\/","og_site_name":"La Diagonale","article_published_time":"2023-05-23T06:14:00+00:00","article_modified_time":"2023-05-23T10:04:47+00:00","og_image":[{"width":1160,"height":650,"url":"https:\/\/www.ladiagonale.net\/wp-content\/uploads\/2023\/04\/mokabakila-france.png","type":"image\/png"}],"author":"Damien Dellerba","twitter_card":"summary_large_image","twitter_image":"https:\/\/www.ladiagonale.net\/wp-content\/uploads\/2023\/04\/mokabakila-france.png","twitter_misc":{"\u00c9crit par":"Damien Dellerba","Dur\u00e9e de lecture estim\u00e9e":"1 minute"},"schema":{"@context":"https:\/\/schema.org","@graph":[{"@type":"WebPage","@id":"https:\/\/www.ladiagonale.net\/index.php\/2023\/05\/23\/mokabakila-et-silvente-rejoignent-cabral-en-equipe-de-france-u16\/","url":"https:\/\/www.ladiagonale.net\/index.php\/2023\/05\/23\/mokabakila-et-silvente-rejoignent-cabral-en-equipe-de-france-u16\/","name":"Mokabakila et Silvente rejoignent Cabral en \u00e9quipe de France U16 - La Diagonale","isPartOf":{"@id":"https:\/\/www.ladiagonale.net\/#website"},"datePublished":"2023-05-23T06:14:00+00:00","dateModified":"2023-05-23T10:04:47+00:00","author":{"@id":"https:\/\/www.ladiagonale.net\/#\/schema\/person\/79ff1e7b0853ed01b2aa26e64ad300bf"},"breadcrumb":{"@id":"https:\/\/www.ladiagonale.net\/index.php\/2023\/05\/23\/mokabakila-et-silvente-rejoignent-cabral-en-equipe-de-france-u16\/#breadcrumb"},"inLanguage":"fr-FR","potentialAction":[{"@type":"ReadAction","target":["https:\/\/www.ladiagonale.net\/index.php\/2023\/05\/23\/mokabakila-et-silvente-rejoignent-cabral-en-equipe-de-france-u16\/"]}]},{"@type":"BreadcrumbList","@id":"https:\/\/www.ladiagonale.net\/index.php\/2023\/05\/23\/mokabakila-et-silvente-rejoignent-cabral-en-equipe-de-france-u16\/#breadcrumb","itemListElement":[{"@type":"ListItem","position":1,"name":"Accueil","item":"https:\/\/www.ladiagonale.net\/"},{"@type":"ListItem","position":2,"name":"Mokabakila et Silvente rejoignent Cabral en \u00e9quipe de France U16"}]},{"@type":"WebSite","@id":"https:\/\/www.ladiagonale.net\/#website","url":"https:\/\/www.ladiagonale.net\/","name":"La Diagonale","description":"Le site des supporters de l&#039;AS Monaco FC","potentialAction":[{"@type":"SearchAction","target":{"@type":"EntryPoint","urlTemplate":"https:\/\/www.ladiagonale.net\/?s={search_term_string}"},"query-input":"required name=search_term_string"}],"inLanguage":"fr-FR"},{"@type":"Person","@id":"https:\/\/www.ladiagonale.net\/#\/schema\/person\/79ff1e7b0853ed01b2aa26e64ad300bf","name":"Damien Dellerba","image":{"@type":"ImageObject","inLanguage":"fr-FR","@id":"https:\/\/www.ladiagonale.net\/#\/schema\/person\/image\/","url":"https:\/\/secure.gravatar.com\/avatar\/c7850e06d3ff63cdbaee88b7fc16e2f0?s=96&d=mm&r=g","contentUrl":"https:\/\/secure.gravatar.com\/avatar\/c7850e06d3ff63cdbaee88b7fc16e2f0?s=96&d=mm&r=g","caption":"Damien Dellerba"},"url":"https:\/\/www.ladiagonale.net\/index.php\/author\/damien\/"}]}},"_links":{"self":[{"href":"https:\/\/www.ladiagonale.net\/index.php\/wp-json\/wp\/v2\/posts\/12733"}],"collection":[{"href":"https:\/\/www.ladiagonale.net\/index.php\/wp-json\/wp\/v2\/posts"}],"about":[{"href":"https:\/\/www.ladiagonale.net\/index.php\/wp-json\/wp\/v2\/types\/post"}],"author":[{"embeddable":true,"href":"https:\/\/www.ladiagonale.net\/index.php\/wp-json\/wp\/v2\/users\/2"}],"replies":[{"embeddable":true,"href":"https:\/\/www.ladiagonale.net\/index.php\/wp-json\/wp\/v2\/comments?post=12733"}],"version-history":[{"count":2,"href":"https:\/\/www.ladiagonale.net\/index.php\/wp-json\/wp\/v2\/posts\/12733\/revisions"}],"predecessor-version":[{"id":12739,"href":"https:\/\/www.ladiagonale.net\/index.php\/wp-json\/wp\/v2\/posts\/12733\/revisions\/12739"}],"wp:attachment":[{"href":"https:\/\/www.ladiagonale.net\/index.php\/wp-json\/wp\/v2\/media?parent=12733"}],"wp:term":[{"taxonomy":"category","embeddable":true,"href":"https:\/\/www.ladiagonale.net\/index.php\/wp-json\/wp\/v2\/categories?post=12733"},{"taxonomy":"post_tag","embeddable":true,"href":"https:\/\/www.ladiagonale.net\/index.php\/wp-json\/wp\/v2\/tags?post=12733"}],"curies":[{"name":"wp","href":"https:\/\/api.w.org\/{rel}","templated":true}]}}