{"id":12747,"date":"2023-05-23T18:52:23","date_gmt":"2023-05-23T16:52:23","guid":{"rendered":"https:\/\/www.ladiagonale.net\/?p=12747"},"modified":"2023-05-23T18:52:27","modified_gmt":"2023-05-23T16:52:27","slug":"la-france-continue-sa-route-a-leuro-u17","status":"publish","type":"post","link":"https:\/\/www.ladiagonale.net\/index.php\/2023\/05\/23\/la-france-continue-sa-route-a-leuro-u17\/","title":{"rendered":"La France continue sa route \u00e0 l&rsquo;Euro U17"},"content":{"rendered":"\n\n\n<p>L&rsquo;\u00e9quipe de France jouait sa qualification pour les quarts de finale de l&rsquo;Euro U17 face au Portugal ce mardi, pour son troisi\u00e8me et dernier match de la phase de poules, et elle s&rsquo;en est sortie en signant un match nul (1-1). Les Bleuets, qui comptaient les Mon\u00e9gasques Sa\u00efmon Bouabr\u00e9 et Joan Tincres dans le onze de d\u00e9part, ont ouvert le score t\u00f4t dans la partie, \u00e0 la suite d&rsquo;un coup franc excentr\u00e9 tir\u00e9 par Bouabr\u00e9 et renvoy\u00e9 dans un premier temps par la d\u00e9fense portugaise (1-0, 10<sup>e<\/sup>).<\/p>\n\n\n\n<p>Mais la rencontre a \u00e9t\u00e9 difficile et accroch\u00e9e et le Portugal a r\u00e9ussi \u00e0 \u00e9galiser avant la pause (1-1, 40<sup>e<\/sup>). Les occasions de briller pour Bouabr\u00e9 et Tincres n&rsquo;ont pas \u00e9t\u00e9 nombreuses. L&rsquo;attaquant mon\u00e9gasque a notamment perdu son face-\u00e0-face avec le portier adverse dans le temps additionnel de la rencontre (90e+2). Bouabr\u00e9 est quant \u00e0 lui sorti apr\u00e8s 78 minutes de jeu. Dan Sinat\u00e9, pour sa part, est rest\u00e9 sur le banc.<\/p>\n\n\n\n<p>Gr\u00e2ce \u00e0 ce nul, les tricolores de Jean-Luc Vannuchi verront les quarts de finale. Ils terminent deuxi\u00e8mes de leur groupe avec quatre points, \u00e0 \u00e9galit\u00e9 avec le Portugal, mais avec une meilleure attaque, ce qui leur permet de rester devant leur adversaire du jour. L&rsquo;Allemagne termine en t\u00eate de la poule C, apr\u00e8s un sans-faute. En quarts de finale, les Bleuets seront oppos\u00e9s au premier du groupe D, samedi 27 mai. Il s&rsquo;agira de la Suisse ou de l&rsquo;Angleterre, qui doivent s&rsquo;affronter ce mercredi.<\/p>\n","protected":false},"excerpt":{"rendered":"<p>L&rsquo;\u00e9quipe de France jouait sa qualification pour les quarts de finale de l&rsquo;Euro U17 face au Portugal ce mardi, pour son troisi\u00e8me et dernier match de la phase de poules, et elle s&rsquo;en est sortie en signant un match nul (1-1). Les Bleuets, qui comptaient les Mon\u00e9gasques Sa\u00efmon Bouabr\u00e9 et Joan Tincres dans le onze [&#8230;]\n","protected":false},"author":2,"featured_media":0,"comment_status":"open","ping_status":"open","sticky":false,"template":"","format":"standard","meta":[],"categories":[6],"tags":[76,86,525,538,93,205,413],"yoast_head":"<!-- This site is optimized with the Yoast SEO plugin v19.8 - https:\/\/yoast.com\/wordpress\/plugins\/seo\/ -->\n<title>La France continue sa route \u00e0 l&#039;Euro U17 - La Diagonale<\/title>\n<meta name=\"robots\" content=\"index, follow, max-snippet:-1, max-image-preview:large, max-video-preview:-1\" \/>\n<link rel=\"canonical\" href=\"https:\/\/www.ladiagonale.net\/index.php\/2023\/05\/23\/la-france-continue-sa-route-a-leuro-u17\/\" \/>\n<meta property=\"og:locale\" content=\"fr_FR\" \/>\n<meta property=\"og:type\" content=\"article\" \/>\n<meta property=\"og:title\" content=\"La France continue sa route \u00e0 l&#039;Euro U17 - La Diagonale\" \/>\n<meta property=\"og:description\" content=\"L&rsquo;\u00e9quipe de France jouait sa qualification pour les quarts de finale de l&rsquo;Euro U17 face au Portugal ce mardi, pour son troisi\u00e8me et dernier match de la phase de poules, et elle s&rsquo;en est sortie en signant un match nul (1-1). Les Bleuets, qui comptaient les Mon\u00e9gasques Sa\u00efmon Bouabr\u00e9 et Joan Tincres dans le onze [...]\" \/>\n<meta property=\"og:url\" content=\"https:\/\/www.ladiagonale.net\/index.php\/2023\/05\/23\/la-france-continue-sa-route-a-leuro-u17\/\" \/>\n<meta property=\"og:site_name\" content=\"La Diagonale\" \/>\n<meta property=\"article:published_time\" content=\"2023-05-23T16:52:23+00:00\" \/>\n<meta property=\"article:modified_time\" content=\"2023-05-23T16:52:27+00:00\" \/>\n<meta property=\"og:image\" content=\"https:\/\/www.ladiagonale.net\/wp-content\/uploads\/2023\/05\/bouabre\u0301.png\" \/>\n\t<meta property=\"og:image:width\" content=\"1160\" \/>\n\t<meta property=\"og:image:height\" content=\"650\" \/>\n\t<meta property=\"og:image:type\" content=\"image\/png\" \/>\n<meta name=\"author\" content=\"Damien Dellerba\" \/>\n<meta name=\"twitter:card\" content=\"summary_large_image\" \/>\n<meta name=\"twitter:image\" content=\"https:\/\/www.ladiagonale.net\/wp-content\/uploads\/2023\/05\/bouabre\u0301.png\" \/>\n<meta name=\"twitter:label1\" content=\"\u00c9crit par\" \/>\n\t<meta name=\"twitter:data1\" content=\"Damien Dellerba\" \/>\n\t<meta name=\"twitter:label2\" content=\"Dur\u00e9e de lecture estim\u00e9e\" \/>\n\t<meta name=\"twitter:data2\" content=\"2 minutes\" \/>\n<script type=\"application\/ld+json\" class=\"yoast-schema-graph\">{\"@context\":\"https:\/\/schema.org\",\"@graph\":[{\"@type\":\"WebPage\",\"@id\":\"https:\/\/www.ladiagonale.net\/index.php\/2023\/05\/23\/la-france-continue-sa-route-a-leuro-u17\/\",\"url\":\"https:\/\/www.ladiagonale.net\/index.php\/2023\/05\/23\/la-france-continue-sa-route-a-leuro-u17\/\",\"name\":\"La France continue sa route \u00e0 l'Euro U17 - La Diagonale\",\"isPartOf\":{\"@id\":\"https:\/\/www.ladiagonale.net\/#website\"},\"datePublished\":\"2023-05-23T16:52:23+00:00\",\"dateModified\":\"2023-05-23T16:52:27+00:00\",\"author\":{\"@id\":\"https:\/\/www.ladiagonale.net\/#\/schema\/person\/79ff1e7b0853ed01b2aa26e64ad300bf\"},\"breadcrumb\":{\"@id\":\"https:\/\/www.ladiagonale.net\/index.php\/2023\/05\/23\/la-france-continue-sa-route-a-leuro-u17\/#breadcrumb\"},\"inLanguage\":\"fr-FR\",\"potentialAction\":[{\"@type\":\"ReadAction\",\"target\":[\"https:\/\/www.ladiagonale.net\/index.php\/2023\/05\/23\/la-france-continue-sa-route-a-leuro-u17\/\"]}]},{\"@type\":\"BreadcrumbList\",\"@id\":\"https:\/\/www.ladiagonale.net\/index.php\/2023\/05\/23\/la-france-continue-sa-route-a-leuro-u17\/#breadcrumb\",\"itemListElement\":[{\"@type\":\"ListItem\",\"position\":1,\"name\":\"Accueil\",\"item\":\"https:\/\/www.ladiagonale.net\/\"},{\"@type\":\"ListItem\",\"position\":2,\"name\":\"La France continue sa route \u00e0 l&rsquo;Euro U17\"}]},{\"@type\":\"WebSite\",\"@id\":\"https:\/\/www.ladiagonale.net\/#website\",\"url\":\"https:\/\/www.ladiagonale.net\/\",\"name\":\"La Diagonale\",\"description\":\"Le site des supporters de l&#039;AS Monaco FC\",\"potentialAction\":[{\"@type\":\"SearchAction\",\"target\":{\"@type\":\"EntryPoint\",\"urlTemplate\":\"https:\/\/www.ladiagonale.net\/?s={search_term_string}\"},\"query-input\":\"required name=search_term_string\"}],\"inLanguage\":\"fr-FR\"},{\"@type\":\"Person\",\"@id\":\"https:\/\/www.ladiagonale.net\/#\/schema\/person\/79ff1e7b0853ed01b2aa26e64ad300bf\",\"name\":\"Damien Dellerba\",\"image\":{\"@type\":\"ImageObject\",\"inLanguage\":\"fr-FR\",\"@id\":\"https:\/\/www.ladiagonale.net\/#\/schema\/person\/image\/\",\"url\":\"https:\/\/secure.gravatar.com\/avatar\/c7850e06d3ff63cdbaee88b7fc16e2f0?s=96&d=mm&r=g\",\"contentUrl\":\"https:\/\/secure.gravatar.com\/avatar\/c7850e06d3ff63cdbaee88b7fc16e2f0?s=96&d=mm&r=g\",\"caption\":\"Damien Dellerba\"},\"url\":\"https:\/\/www.ladiagonale.net\/index.php\/author\/damien\/\"}]}<\/script>\n<!-- \/ Yoast SEO plugin. -->","yoast_head_json":{"title":"La France continue sa route \u00e0 l'Euro U17 - La Diagonale","robots":{"index":"index","follow":"follow","max-snippet":"max-snippet:-1","max-image-preview":"max-image-preview:large","max-video-preview":"max-video-preview:-1"},"canonical":"https:\/\/www.ladiagonale.net\/index.php\/2023\/05\/23\/la-france-continue-sa-route-a-leuro-u17\/","og_locale":"fr_FR","og_type":"article","og_title":"La France continue sa route \u00e0 l'Euro U17 - La Diagonale","og_description":"L&rsquo;\u00e9quipe de France jouait sa qualification pour les quarts de finale de l&rsquo;Euro U17 face au Portugal ce mardi, pour son troisi\u00e8me et dernier match de la phase de poules, et elle s&rsquo;en est sortie en signant un match nul (1-1). Les Bleuets, qui comptaient les Mon\u00e9gasques Sa\u00efmon Bouabr\u00e9 et Joan Tincres dans le onze [...]","og_url":"https:\/\/www.ladiagonale.net\/index.php\/2023\/05\/23\/la-france-continue-sa-route-a-leuro-u17\/","og_site_name":"La Diagonale","article_published_time":"2023-05-23T16:52:23+00:00","article_modified_time":"2023-05-23T16:52:27+00:00","og_image":[{"width":1160,"height":650,"url":"https:\/\/www.ladiagonale.net\/wp-content\/uploads\/2023\/05\/bouabre\u0301.png","type":"image\/png"}],"author":"Damien Dellerba","twitter_card":"summary_large_image","twitter_image":"https:\/\/www.ladiagonale.net\/wp-content\/uploads\/2023\/05\/bouabre\u0301.png","twitter_misc":{"\u00c9crit par":"Damien Dellerba","Dur\u00e9e de lecture estim\u00e9e":"2 minutes"},"schema":{"@context":"https:\/\/schema.org","@graph":[{"@type":"WebPage","@id":"https:\/\/www.ladiagonale.net\/index.php\/2023\/05\/23\/la-france-continue-sa-route-a-leuro-u17\/","url":"https:\/\/www.ladiagonale.net\/index.php\/2023\/05\/23\/la-france-continue-sa-route-a-leuro-u17\/","name":"La France continue sa route \u00e0 l'Euro U17 - La Diagonale","isPartOf":{"@id":"https:\/\/www.ladiagonale.net\/#website"},"datePublished":"2023-05-23T16:52:23+00:00","dateModified":"2023-05-23T16:52:27+00:00","author":{"@id":"https:\/\/www.ladiagonale.net\/#\/schema\/person\/79ff1e7b0853ed01b2aa26e64ad300bf"},"breadcrumb":{"@id":"https:\/\/www.ladiagonale.net\/index.php\/2023\/05\/23\/la-france-continue-sa-route-a-leuro-u17\/#breadcrumb"},"inLanguage":"fr-FR","potentialAction":[{"@type":"ReadAction","target":["https:\/\/www.ladiagonale.net\/index.php\/2023\/05\/23\/la-france-continue-sa-route-a-leuro-u17\/"]}]},{"@type":"BreadcrumbList","@id":"https:\/\/www.ladiagonale.net\/index.php\/2023\/05\/23\/la-france-continue-sa-route-a-leuro-u17\/#breadcrumb","itemListElement":[{"@type":"ListItem","position":1,"name":"Accueil","item":"https:\/\/www.ladiagonale.net\/"},{"@type":"ListItem","position":2,"name":"La France continue sa route \u00e0 l&rsquo;Euro U17"}]},{"@type":"WebSite","@id":"https:\/\/www.ladiagonale.net\/#website","url":"https:\/\/www.ladiagonale.net\/","name":"La Diagonale","description":"Le site des supporters de l&#039;AS Monaco FC","potentialAction":[{"@type":"SearchAction","target":{"@type":"EntryPoint","urlTemplate":"https:\/\/www.ladiagonale.net\/?s={search_term_string}"},"query-input":"required name=search_term_string"}],"inLanguage":"fr-FR"},{"@type":"Person","@id":"https:\/\/www.ladiagonale.net\/#\/schema\/person\/79ff1e7b0853ed01b2aa26e64ad300bf","name":"Damien Dellerba","image":{"@type":"ImageObject","inLanguage":"fr-FR","@id":"https:\/\/www.ladiagonale.net\/#\/schema\/person\/image\/","url":"https:\/\/secure.gravatar.com\/avatar\/c7850e06d3ff63cdbaee88b7fc16e2f0?s=96&d=mm&r=g","contentUrl":"https:\/\/secure.gravatar.com\/avatar\/c7850e06d3ff63cdbaee88b7fc16e2f0?s=96&d=mm&r=g","caption":"Damien Dellerba"},"url":"https:\/\/www.ladiagonale.net\/index.php\/author\/damien\/"}]}},"_links":{"self":[{"href":"https:\/\/www.ladiagonale.net\/index.php\/wp-json\/wp\/v2\/posts\/12747"}],"collection":[{"href":"https:\/\/www.ladiagonale.net\/index.php\/wp-json\/wp\/v2\/posts"}],"about":[{"href":"https:\/\/www.ladiagonale.net\/index.php\/wp-json\/wp\/v2\/types\/post"}],"author":[{"embeddable":true,"href":"https:\/\/www.ladiagonale.net\/index.php\/wp-json\/wp\/v2\/users\/2"}],"replies":[{"embeddable":true,"href":"https:\/\/www.ladiagonale.net\/index.php\/wp-json\/wp\/v2\/comments?post=12747"}],"version-history":[{"count":2,"href":"https:\/\/www.ladiagonale.net\/index.php\/wp-json\/wp\/v2\/posts\/12747\/revisions"}],"predecessor-version":[{"id":12757,"href":"https:\/\/www.ladiagonale.net\/index.php\/wp-json\/wp\/v2\/posts\/12747\/revisions\/12757"}],"wp:attachment":[{"href":"https:\/\/www.ladiagonale.net\/index.php\/wp-json\/wp\/v2\/media?parent=12747"}],"wp:term":[{"taxonomy":"category","embeddable":true,"href":"https:\/\/www.ladiagonale.net\/index.php\/wp-json\/wp\/v2\/categories?post=12747"},{"taxonomy":"post_tag","embeddable":true,"href":"https:\/\/www.ladiagonale.net\/index.php\/wp-json\/wp\/v2\/tags?post=12747"}],"curies":[{"name":"wp","href":"https:\/\/api.w.org\/{rel}","templated":true}]}}