{"id":12774,"date":"2023-05-25T07:18:00","date_gmt":"2023-05-25T05:18:00","guid":{"rendered":"https:\/\/www.ladiagonale.net\/?p=12774"},"modified":"2023-05-25T03:27:35","modified_gmt":"2023-05-25T01:27:35","slug":"monaco-penserait-a-jaissle-pour-remplacer-clement","status":"publish","type":"post","link":"https:\/\/www.ladiagonale.net\/index.php\/2023\/05\/25\/monaco-penserait-a-jaissle-pour-remplacer-clement\/","title":{"rendered":"Monaco penserait \u00e0 Jaissle pour remplacer Clement"},"content":{"rendered":"\n<p>L\u2019avenir de Philippe Clement n\u2019est pas encore assur\u00e9 de s\u2019\u00e9crire en Principaut\u00e9, ce qui n&#8217;emp\u00eache pas l\u2019entra\u00eeneur belge de se projeter sur la saison prochaine. Les r\u00e9cents r\u00e9sultats du club et une \u00e9ventuelle absence dans les joutes europ\u00e9ennes pourraient lui porter pr\u00e9judice, m\u00eame si selon <em>L\u2019\u00c9quipe<\/em>, les dirigeants de l\u2019AS Monaco n&rsquo;auraient pas pos\u00e9 d&rsquo;ultimatum \u00e0 Clement, dont le travail avec les jeunes reste appr\u00e9ci\u00e9. Toutefois, ils penseraient d\u00e9j\u00e0 \u00e0 d&rsquo;autres solutions pour remplacer le technicien flamand s&rsquo;ils d\u00e9cidaient de s&rsquo;en s\u00e9parer. <\/p>\n\n\n\n<p>Le quotidien sportif indique que l&rsquo;ASM aurait notamment des vues sur Matthias Jaissle, l&rsquo;actuel entra\u00eeneur du Red Bull Salzbourg, qui a remport\u00e9 le championnat autrichien pour la deuxi\u00e8me ann\u00e9e de rang. Membre de la galaxie <em>Red Bull<\/em>, il est bien connu de Paul Mitchell et de Thiago Scuro, ce dernier devant succ\u00e9der \u00e0 Mitchell au poste de directeur sportif dans les prochaines semaines. Cependant, <em>L&rsquo;\u00c9quipe<\/em> pr\u00e9cise qu&rsquo;aucun contact n&rsquo;a \u00e9t\u00e9 \u00e9tabli avec Jaissle ou avec Salzbourg \u00e0 l&rsquo;heure actuelle.<\/p>\n","protected":false},"excerpt":{"rendered":"<p>L\u2019avenir de Philippe Clement n\u2019est pas encore assur\u00e9 de s\u2019\u00e9crire en Principaut\u00e9, ce qui n&#8217;emp\u00eache pas l\u2019entra\u00eeneur belge de se projeter sur la saison prochaine. Les r\u00e9cents r\u00e9sultats du club et une \u00e9ventuelle absence dans les joutes europ\u00e9ennes pourraient lui porter pr\u00e9judice, m\u00eame si selon L\u2019\u00c9quipe, les dirigeants de l\u2019AS Monaco n&rsquo;auraient pas pos\u00e9 d&rsquo;ultimatum [&#8230;]\n","protected":false},"author":2,"featured_media":0,"comment_status":"open","ping_status":"open","sticky":false,"template":"","format":"standard","meta":[],"categories":[6],"tags":[86,545,191],"yoast_head":"<!-- This site is optimized with the Yoast SEO plugin v19.8 - https:\/\/yoast.com\/wordpress\/plugins\/seo\/ -->\n<title>Monaco penserait \u00e0 Jaissle pour remplacer Clement - La Diagonale<\/title>\n<meta name=\"robots\" content=\"index, follow, max-snippet:-1, max-image-preview:large, max-video-preview:-1\" \/>\n<link rel=\"canonical\" href=\"https:\/\/www.ladiagonale.net\/index.php\/2023\/05\/25\/monaco-penserait-a-jaissle-pour-remplacer-clement\/\" \/>\n<meta property=\"og:locale\" content=\"fr_FR\" \/>\n<meta property=\"og:type\" content=\"article\" \/>\n<meta property=\"og:title\" content=\"Monaco penserait \u00e0 Jaissle pour remplacer Clement - La Diagonale\" \/>\n<meta property=\"og:description\" content=\"L\u2019avenir de Philippe Clement n\u2019est pas encore assur\u00e9 de s\u2019\u00e9crire en Principaut\u00e9, ce qui n&#8217;emp\u00eache pas l\u2019entra\u00eeneur belge de se projeter sur la saison prochaine. Les r\u00e9cents r\u00e9sultats du club et une \u00e9ventuelle absence dans les joutes europ\u00e9ennes pourraient lui porter pr\u00e9judice, m\u00eame si selon L\u2019\u00c9quipe, les dirigeants de l\u2019AS Monaco n&rsquo;auraient pas pos\u00e9 d&rsquo;ultimatum [...]\" \/>\n<meta property=\"og:url\" content=\"https:\/\/www.ladiagonale.net\/index.php\/2023\/05\/25\/monaco-penserait-a-jaissle-pour-remplacer-clement\/\" \/>\n<meta property=\"og:site_name\" content=\"La Diagonale\" \/>\n<meta property=\"article:published_time\" content=\"2023-05-25T05:18:00+00:00\" \/>\n<meta property=\"article:modified_time\" content=\"2023-05-25T01:27:35+00:00\" \/>\n<meta property=\"og:image\" content=\"https:\/\/www.ladiagonale.net\/wp-content\/uploads\/2023\/05\/jaissel.png\" \/>\n\t<meta property=\"og:image:width\" content=\"1160\" \/>\n\t<meta property=\"og:image:height\" content=\"650\" \/>\n\t<meta property=\"og:image:type\" content=\"image\/png\" \/>\n<meta name=\"author\" content=\"Damien Dellerba\" \/>\n<meta name=\"twitter:card\" content=\"summary_large_image\" \/>\n<meta name=\"twitter:image\" content=\"https:\/\/www.ladiagonale.net\/wp-content\/uploads\/2023\/05\/jaissel.png\" \/>\n<meta name=\"twitter:label1\" content=\"\u00c9crit par\" \/>\n\t<meta name=\"twitter:data1\" content=\"Damien Dellerba\" \/>\n\t<meta name=\"twitter:label2\" content=\"Dur\u00e9e de lecture estim\u00e9e\" \/>\n\t<meta name=\"twitter:data2\" content=\"1 minute\" \/>\n<script type=\"application\/ld+json\" class=\"yoast-schema-graph\">{\"@context\":\"https:\/\/schema.org\",\"@graph\":[{\"@type\":\"WebPage\",\"@id\":\"https:\/\/www.ladiagonale.net\/index.php\/2023\/05\/25\/monaco-penserait-a-jaissle-pour-remplacer-clement\/\",\"url\":\"https:\/\/www.ladiagonale.net\/index.php\/2023\/05\/25\/monaco-penserait-a-jaissle-pour-remplacer-clement\/\",\"name\":\"Monaco penserait \u00e0 Jaissle pour remplacer Clement - La Diagonale\",\"isPartOf\":{\"@id\":\"https:\/\/www.ladiagonale.net\/#website\"},\"datePublished\":\"2023-05-25T05:18:00+00:00\",\"dateModified\":\"2023-05-25T01:27:35+00:00\",\"author\":{\"@id\":\"https:\/\/www.ladiagonale.net\/#\/schema\/person\/79ff1e7b0853ed01b2aa26e64ad300bf\"},\"breadcrumb\":{\"@id\":\"https:\/\/www.ladiagonale.net\/index.php\/2023\/05\/25\/monaco-penserait-a-jaissle-pour-remplacer-clement\/#breadcrumb\"},\"inLanguage\":\"fr-FR\",\"potentialAction\":[{\"@type\":\"ReadAction\",\"target\":[\"https:\/\/www.ladiagonale.net\/index.php\/2023\/05\/25\/monaco-penserait-a-jaissle-pour-remplacer-clement\/\"]}]},{\"@type\":\"BreadcrumbList\",\"@id\":\"https:\/\/www.ladiagonale.net\/index.php\/2023\/05\/25\/monaco-penserait-a-jaissle-pour-remplacer-clement\/#breadcrumb\",\"itemListElement\":[{\"@type\":\"ListItem\",\"position\":1,\"name\":\"Accueil\",\"item\":\"https:\/\/www.ladiagonale.net\/\"},{\"@type\":\"ListItem\",\"position\":2,\"name\":\"Monaco penserait \u00e0 Jaissle pour remplacer Clement\"}]},{\"@type\":\"WebSite\",\"@id\":\"https:\/\/www.ladiagonale.net\/#website\",\"url\":\"https:\/\/www.ladiagonale.net\/\",\"name\":\"La Diagonale\",\"description\":\"Le site des supporters de l&#039;AS Monaco FC\",\"potentialAction\":[{\"@type\":\"SearchAction\",\"target\":{\"@type\":\"EntryPoint\",\"urlTemplate\":\"https:\/\/www.ladiagonale.net\/?s={search_term_string}\"},\"query-input\":\"required name=search_term_string\"}],\"inLanguage\":\"fr-FR\"},{\"@type\":\"Person\",\"@id\":\"https:\/\/www.ladiagonale.net\/#\/schema\/person\/79ff1e7b0853ed01b2aa26e64ad300bf\",\"name\":\"Damien Dellerba\",\"image\":{\"@type\":\"ImageObject\",\"inLanguage\":\"fr-FR\",\"@id\":\"https:\/\/www.ladiagonale.net\/#\/schema\/person\/image\/\",\"url\":\"https:\/\/secure.gravatar.com\/avatar\/c7850e06d3ff63cdbaee88b7fc16e2f0?s=96&d=mm&r=g\",\"contentUrl\":\"https:\/\/secure.gravatar.com\/avatar\/c7850e06d3ff63cdbaee88b7fc16e2f0?s=96&d=mm&r=g\",\"caption\":\"Damien Dellerba\"},\"url\":\"https:\/\/www.ladiagonale.net\/index.php\/author\/damien\/\"}]}<\/script>\n<!-- \/ Yoast SEO plugin. -->","yoast_head_json":{"title":"Monaco penserait \u00e0 Jaissle pour remplacer Clement - La Diagonale","robots":{"index":"index","follow":"follow","max-snippet":"max-snippet:-1","max-image-preview":"max-image-preview:large","max-video-preview":"max-video-preview:-1"},"canonical":"https:\/\/www.ladiagonale.net\/index.php\/2023\/05\/25\/monaco-penserait-a-jaissle-pour-remplacer-clement\/","og_locale":"fr_FR","og_type":"article","og_title":"Monaco penserait \u00e0 Jaissle pour remplacer Clement - La Diagonale","og_description":"L\u2019avenir de Philippe Clement n\u2019est pas encore assur\u00e9 de s\u2019\u00e9crire en Principaut\u00e9, ce qui n&#8217;emp\u00eache pas l\u2019entra\u00eeneur belge de se projeter sur la saison prochaine. Les r\u00e9cents r\u00e9sultats du club et une \u00e9ventuelle absence dans les joutes europ\u00e9ennes pourraient lui porter pr\u00e9judice, m\u00eame si selon L\u2019\u00c9quipe, les dirigeants de l\u2019AS Monaco n&rsquo;auraient pas pos\u00e9 d&rsquo;ultimatum [...]","og_url":"https:\/\/www.ladiagonale.net\/index.php\/2023\/05\/25\/monaco-penserait-a-jaissle-pour-remplacer-clement\/","og_site_name":"La Diagonale","article_published_time":"2023-05-25T05:18:00+00:00","article_modified_time":"2023-05-25T01:27:35+00:00","og_image":[{"width":1160,"height":650,"url":"https:\/\/www.ladiagonale.net\/wp-content\/uploads\/2023\/05\/jaissel.png","type":"image\/png"}],"author":"Damien Dellerba","twitter_card":"summary_large_image","twitter_image":"https:\/\/www.ladiagonale.net\/wp-content\/uploads\/2023\/05\/jaissel.png","twitter_misc":{"\u00c9crit par":"Damien Dellerba","Dur\u00e9e de lecture estim\u00e9e":"1 minute"},"schema":{"@context":"https:\/\/schema.org","@graph":[{"@type":"WebPage","@id":"https:\/\/www.ladiagonale.net\/index.php\/2023\/05\/25\/monaco-penserait-a-jaissle-pour-remplacer-clement\/","url":"https:\/\/www.ladiagonale.net\/index.php\/2023\/05\/25\/monaco-penserait-a-jaissle-pour-remplacer-clement\/","name":"Monaco penserait \u00e0 Jaissle pour remplacer Clement - La Diagonale","isPartOf":{"@id":"https:\/\/www.ladiagonale.net\/#website"},"datePublished":"2023-05-25T05:18:00+00:00","dateModified":"2023-05-25T01:27:35+00:00","author":{"@id":"https:\/\/www.ladiagonale.net\/#\/schema\/person\/79ff1e7b0853ed01b2aa26e64ad300bf"},"breadcrumb":{"@id":"https:\/\/www.ladiagonale.net\/index.php\/2023\/05\/25\/monaco-penserait-a-jaissle-pour-remplacer-clement\/#breadcrumb"},"inLanguage":"fr-FR","potentialAction":[{"@type":"ReadAction","target":["https:\/\/www.ladiagonale.net\/index.php\/2023\/05\/25\/monaco-penserait-a-jaissle-pour-remplacer-clement\/"]}]},{"@type":"BreadcrumbList","@id":"https:\/\/www.ladiagonale.net\/index.php\/2023\/05\/25\/monaco-penserait-a-jaissle-pour-remplacer-clement\/#breadcrumb","itemListElement":[{"@type":"ListItem","position":1,"name":"Accueil","item":"https:\/\/www.ladiagonale.net\/"},{"@type":"ListItem","position":2,"name":"Monaco penserait \u00e0 Jaissle pour remplacer Clement"}]},{"@type":"WebSite","@id":"https:\/\/www.ladiagonale.net\/#website","url":"https:\/\/www.ladiagonale.net\/","name":"La Diagonale","description":"Le site des supporters de l&#039;AS Monaco FC","potentialAction":[{"@type":"SearchAction","target":{"@type":"EntryPoint","urlTemplate":"https:\/\/www.ladiagonale.net\/?s={search_term_string}"},"query-input":"required name=search_term_string"}],"inLanguage":"fr-FR"},{"@type":"Person","@id":"https:\/\/www.ladiagonale.net\/#\/schema\/person\/79ff1e7b0853ed01b2aa26e64ad300bf","name":"Damien Dellerba","image":{"@type":"ImageObject","inLanguage":"fr-FR","@id":"https:\/\/www.ladiagonale.net\/#\/schema\/person\/image\/","url":"https:\/\/secure.gravatar.com\/avatar\/c7850e06d3ff63cdbaee88b7fc16e2f0?s=96&d=mm&r=g","contentUrl":"https:\/\/secure.gravatar.com\/avatar\/c7850e06d3ff63cdbaee88b7fc16e2f0?s=96&d=mm&r=g","caption":"Damien Dellerba"},"url":"https:\/\/www.ladiagonale.net\/index.php\/author\/damien\/"}]}},"_links":{"self":[{"href":"https:\/\/www.ladiagonale.net\/index.php\/wp-json\/wp\/v2\/posts\/12774"}],"collection":[{"href":"https:\/\/www.ladiagonale.net\/index.php\/wp-json\/wp\/v2\/posts"}],"about":[{"href":"https:\/\/www.ladiagonale.net\/index.php\/wp-json\/wp\/v2\/types\/post"}],"author":[{"embeddable":true,"href":"https:\/\/www.ladiagonale.net\/index.php\/wp-json\/wp\/v2\/users\/2"}],"replies":[{"embeddable":true,"href":"https:\/\/www.ladiagonale.net\/index.php\/wp-json\/wp\/v2\/comments?post=12774"}],"version-history":[{"count":3,"href":"https:\/\/www.ladiagonale.net\/index.php\/wp-json\/wp\/v2\/posts\/12774\/revisions"}],"predecessor-version":[{"id":12779,"href":"https:\/\/www.ladiagonale.net\/index.php\/wp-json\/wp\/v2\/posts\/12774\/revisions\/12779"}],"wp:attachment":[{"href":"https:\/\/www.ladiagonale.net\/index.php\/wp-json\/wp\/v2\/media?parent=12774"}],"wp:term":[{"taxonomy":"category","embeddable":true,"href":"https:\/\/www.ladiagonale.net\/index.php\/wp-json\/wp\/v2\/categories?post=12774"},{"taxonomy":"post_tag","embeddable":true,"href":"https:\/\/www.ladiagonale.net\/index.php\/wp-json\/wp\/v2\/tags?post=12774"}],"curies":[{"name":"wp","href":"https:\/\/api.w.org\/{rel}","templated":true}]}}