{"id":12786,"date":"2023-05-25T15:51:14","date_gmt":"2023-05-25T13:51:14","guid":{"rendered":"https:\/\/www.ladiagonale.net\/?p=12786"},"modified":"2023-05-25T15:51:16","modified_gmt":"2023-05-25T13:51:16","slug":"embolo-cetait-difficile-de-mexpliquer-quil-fallait-faire-une-pause","status":"publish","type":"post","link":"https:\/\/www.ladiagonale.net\/index.php\/2023\/05\/25\/embolo-cetait-difficile-de-mexpliquer-quil-fallait-faire-une-pause\/","title":{"rendered":"Embolo : \u00ab&nbsp;C\u2019\u00e9tait difficile de m\u2019expliquer qu\u2019il fallait faire une pause&nbsp;\u00bb"},"content":{"rendered":"\n<p>Contre Lille (0-0, le 14 mai), Breel Embolo a fait son retour sur les terrains apr\u00e8s une absence de pr\u00e8s de deux mois en raison d\u2019une entorse \u00e0 un genou. Une situation qui a \u00e9t\u00e9 difficile \u00e0 vivre pour l\u2019attaquant de l\u2019AS Monaco : \u00ab\u00a0<em>\u00c7a a \u00e9t\u00e9 un peu compliqu\u00e9. C\u2019\u00e9tait apr\u00e8s un contact \u00e0 Ajaccio (le 19 mars), o\u00f9 j\u2019ai pu finir le match, puis je suis parti en s\u00e9lection mais j\u2019ai pu m\u2019entra\u00eener. J\u2019avais quelques douleurs donc on a fait un contr\u00f4le et il a montr\u00e9 qu\u2019il y avait quelque chose. \u00c7a a choqu\u00e9 pas mal de monde que j\u2019ai pu finir le match et m\u2019entra\u00eener deux-trois jours, et c\u2019\u00e9tait difficile de m\u2019expliquer qu\u2019il fallait faire une pause. Mais il y avait cette responsabilit\u00e9, qu\u2019en cas de mauvais contact, cela aurait pu occasionner une plus longue indisponibilit\u00e9.<\/em>\u00a0\u00bb<\/p>\n\n\n\n<p>L\u2019international suisse esp\u00e8re d\u00e9sormais tout donner en cette fin de saison pour aider son \u00e9quipe \u00e0 garder la quatri\u00e8me place et il n\u2019entend pas faire de la figuration : \u00ab\u00a0<em>Je suis tr\u00e8s heureux parce que cette blessure est venu au mauvais moment, mais il n\u2019y a jamais de bon moment pour une blessure. J\u2019ai beaucoup travaill\u00e9, beaucoup pouss\u00e9 et j\u2019\u00e9tais tr\u00e8s positif pour avoir la chance d\u2019\u00eatre l\u00e0, pour revenir pour les derniers matchs. Je suis pr\u00eat et je suis l\u00e0 et je ne suis sur le banc pour \u00eatre un mannequin. Je suis de retour pour aider l\u2019\u00e9quipe et je donne tout pour les deux derniers matchs.<\/em>\u00a0\u00bb<\/p>\n\n\n\n<blockquote class=\"wp-block-quote\"><p>\u00ab\u00a0<em>On sait qu\u2019on est dans un tr\u00e8s grand club<\/em>\u00a0\u00bb<\/p><cite>Breel Embolo<\/cite><\/blockquote>\n\n\n\n<p>Embolo reconna\u00eet que l\u2019\u00e9quipe a connu des trous sur le plan mental cette ann\u00e9e : \u00ab\u00a0<em>On avait un but, on voulait aller le plus haut possible, et on savait que ce serait tr\u00e8s difficile d\u2019\u00eatre en Ligue des champions. (\u2026) Pendant longtemps on a \u00e9t\u00e9 class\u00e9s tr\u00e8s pr\u00e8s de l\u00e0 o\u00f9 on voulait. On a un peu l\u00e2ch\u00e9 mentalement, on est une \u00e9quipe jeune.<\/em>\u00a0\u00bb Pour Embolo, il faut d\u00e9sormais faire honneur au maillot : \u00ab\u00a0<em>On sait qu\u2019on est dans un tr\u00e8s grand club, qu\u2019on a des supporters qui sont l\u00e0, derri\u00e8re nous, on repr\u00e9sente quelque chose de grand et on a le devoir de toujours pousser. On doit montrer qu\u2019on m\u00e9rite d\u2019\u00eatre ici et qu\u2019on m\u00e9rite notre place.<\/em>\u00a0\u00bb<\/p>\n\n\n\n<p>Un succ\u00e8s contre Rennes assurera une place europ\u00e9enne \u00e0 l\u2019ASM : \u00ab\u00a0<em>On a conscience que Rennes serait hors course. C\u2019est tr\u00e8s simple, math\u00e9matique. Il y a trois points en jeu et s\u2019ils gagnent, ils passent devant. C\u2019est une petite finale. On veut gagner contre tout le monde et c\u2019est \u00e0 nous de montrer notre caract\u00e8re en tant que groupe pour aller chercher un r\u00e9sultat positif.<\/em>\u00a0\u00bb Le club de la Principaut\u00e9 est encore ma\u00eetre de son destin : \u00ab\u00a0<em>Ce qui est s\u00fbr, c\u2019est qu\u2019on a notre destin en main. On ne veut pas utiliser le mot \u00ab\u00a0si\u00a0\u00bb et on ne veut pas laisser de chances \u00e0 nos adversaires. On part avec l\u2019\u00e9tat d\u2019esprit de gagner \u00e0 Rennes. Et si Lille perd, \u00e7a nous fera du bien, et si Rennes perd, ce sera encore mieux.<\/em>\u00a0\u00bb<\/p>\n\n\n","protected":false},"excerpt":{"rendered":"<p>Contre Lille (0-0, le 14 mai), Breel Embolo a fait son retour sur les terrains apr\u00e8s une absence de pr\u00e8s de deux mois en raison d\u2019une entorse \u00e0 un genou. Une situation qui a \u00e9t\u00e9 difficile \u00e0 vivre pour l\u2019attaquant de l\u2019AS Monaco : \u00ab\u00a0\u00c7a a \u00e9t\u00e9 un peu compliqu\u00e9. C\u2019\u00e9tait apr\u00e8s un contact \u00e0 [&#8230;]\n","protected":false},"author":2,"featured_media":0,"comment_status":"open","ping_status":"open","sticky":false,"template":"","format":"standard","meta":[],"categories":[6],"tags":[86,161,94,464],"yoast_head":"<!-- This site is optimized with the Yoast SEO plugin v19.8 - https:\/\/yoast.com\/wordpress\/plugins\/seo\/ -->\n<title>Embolo : \u00ab&nbsp;C\u2019\u00e9tait difficile de m\u2019expliquer qu\u2019il fallait faire une pause&nbsp;\u00bb - La Diagonale<\/title>\n<meta name=\"robots\" content=\"index, follow, max-snippet:-1, max-image-preview:large, max-video-preview:-1\" \/>\n<link rel=\"canonical\" href=\"https:\/\/www.ladiagonale.net\/index.php\/2023\/05\/25\/embolo-cetait-difficile-de-mexpliquer-quil-fallait-faire-une-pause\/\" \/>\n<meta property=\"og:locale\" content=\"fr_FR\" \/>\n<meta property=\"og:type\" content=\"article\" \/>\n<meta property=\"og:title\" content=\"Embolo : \u00ab&nbsp;C\u2019\u00e9tait difficile de m\u2019expliquer qu\u2019il fallait faire une pause&nbsp;\u00bb - La Diagonale\" \/>\n<meta property=\"og:description\" content=\"Contre Lille (0-0, le 14 mai), Breel Embolo a fait son retour sur les terrains apr\u00e8s une absence de pr\u00e8s de deux mois en raison d\u2019une entorse \u00e0 un genou. Une situation qui a \u00e9t\u00e9 difficile \u00e0 vivre pour l\u2019attaquant de l\u2019AS Monaco : \u00ab\u00a0\u00c7a a \u00e9t\u00e9 un peu compliqu\u00e9. C\u2019\u00e9tait apr\u00e8s un contact \u00e0 [...]\" \/>\n<meta property=\"og:url\" content=\"https:\/\/www.ladiagonale.net\/index.php\/2023\/05\/25\/embolo-cetait-difficile-de-mexpliquer-quil-fallait-faire-une-pause\/\" \/>\n<meta property=\"og:site_name\" content=\"La Diagonale\" \/>\n<meta property=\"article:published_time\" content=\"2023-05-25T13:51:14+00:00\" \/>\n<meta property=\"article:modified_time\" content=\"2023-05-25T13:51:16+00:00\" \/>\n<meta property=\"og:image\" content=\"https:\/\/www.ladiagonale.net\/wp-content\/uploads\/2023\/01\/embolo.png\" \/>\n\t<meta property=\"og:image:width\" content=\"1160\" \/>\n\t<meta property=\"og:image:height\" content=\"650\" \/>\n\t<meta property=\"og:image:type\" content=\"image\/png\" \/>\n<meta name=\"author\" content=\"Damien Dellerba\" \/>\n<meta name=\"twitter:card\" content=\"summary_large_image\" \/>\n<meta name=\"twitter:image\" content=\"https:\/\/www.ladiagonale.net\/wp-content\/uploads\/2023\/01\/embolo.png\" \/>\n<meta name=\"twitter:label1\" content=\"\u00c9crit par\" \/>\n\t<meta name=\"twitter:data1\" content=\"Damien Dellerba\" \/>\n\t<meta name=\"twitter:label2\" content=\"Dur\u00e9e de lecture estim\u00e9e\" \/>\n\t<meta name=\"twitter:data2\" content=\"3 minutes\" \/>\n<script type=\"application\/ld+json\" class=\"yoast-schema-graph\">{\"@context\":\"https:\/\/schema.org\",\"@graph\":[{\"@type\":\"WebPage\",\"@id\":\"https:\/\/www.ladiagonale.net\/index.php\/2023\/05\/25\/embolo-cetait-difficile-de-mexpliquer-quil-fallait-faire-une-pause\/\",\"url\":\"https:\/\/www.ladiagonale.net\/index.php\/2023\/05\/25\/embolo-cetait-difficile-de-mexpliquer-quil-fallait-faire-une-pause\/\",\"name\":\"Embolo : \u00ab&nbsp;C\u2019\u00e9tait difficile de m\u2019expliquer qu\u2019il fallait faire une pause&nbsp;\u00bb - La Diagonale\",\"isPartOf\":{\"@id\":\"https:\/\/www.ladiagonale.net\/#website\"},\"datePublished\":\"2023-05-25T13:51:14+00:00\",\"dateModified\":\"2023-05-25T13:51:16+00:00\",\"author\":{\"@id\":\"https:\/\/www.ladiagonale.net\/#\/schema\/person\/79ff1e7b0853ed01b2aa26e64ad300bf\"},\"breadcrumb\":{\"@id\":\"https:\/\/www.ladiagonale.net\/index.php\/2023\/05\/25\/embolo-cetait-difficile-de-mexpliquer-quil-fallait-faire-une-pause\/#breadcrumb\"},\"inLanguage\":\"fr-FR\",\"potentialAction\":[{\"@type\":\"ReadAction\",\"target\":[\"https:\/\/www.ladiagonale.net\/index.php\/2023\/05\/25\/embolo-cetait-difficile-de-mexpliquer-quil-fallait-faire-une-pause\/\"]}]},{\"@type\":\"BreadcrumbList\",\"@id\":\"https:\/\/www.ladiagonale.net\/index.php\/2023\/05\/25\/embolo-cetait-difficile-de-mexpliquer-quil-fallait-faire-une-pause\/#breadcrumb\",\"itemListElement\":[{\"@type\":\"ListItem\",\"position\":1,\"name\":\"Accueil\",\"item\":\"https:\/\/www.ladiagonale.net\/\"},{\"@type\":\"ListItem\",\"position\":2,\"name\":\"Embolo : \u00ab&nbsp;C\u2019\u00e9tait difficile de m\u2019expliquer qu\u2019il fallait faire une pause&nbsp;\u00bb\"}]},{\"@type\":\"WebSite\",\"@id\":\"https:\/\/www.ladiagonale.net\/#website\",\"url\":\"https:\/\/www.ladiagonale.net\/\",\"name\":\"La Diagonale\",\"description\":\"Le site des supporters de l&#039;AS Monaco FC\",\"potentialAction\":[{\"@type\":\"SearchAction\",\"target\":{\"@type\":\"EntryPoint\",\"urlTemplate\":\"https:\/\/www.ladiagonale.net\/?s={search_term_string}\"},\"query-input\":\"required name=search_term_string\"}],\"inLanguage\":\"fr-FR\"},{\"@type\":\"Person\",\"@id\":\"https:\/\/www.ladiagonale.net\/#\/schema\/person\/79ff1e7b0853ed01b2aa26e64ad300bf\",\"name\":\"Damien Dellerba\",\"image\":{\"@type\":\"ImageObject\",\"inLanguage\":\"fr-FR\",\"@id\":\"https:\/\/www.ladiagonale.net\/#\/schema\/person\/image\/\",\"url\":\"https:\/\/secure.gravatar.com\/avatar\/c7850e06d3ff63cdbaee88b7fc16e2f0?s=96&d=mm&r=g\",\"contentUrl\":\"https:\/\/secure.gravatar.com\/avatar\/c7850e06d3ff63cdbaee88b7fc16e2f0?s=96&d=mm&r=g\",\"caption\":\"Damien Dellerba\"},\"url\":\"https:\/\/www.ladiagonale.net\/index.php\/author\/damien\/\"}]}<\/script>\n<!-- \/ Yoast SEO plugin. -->","yoast_head_json":{"title":"Embolo : \u00ab&nbsp;C\u2019\u00e9tait difficile de m\u2019expliquer qu\u2019il fallait faire une pause&nbsp;\u00bb - La Diagonale","robots":{"index":"index","follow":"follow","max-snippet":"max-snippet:-1","max-image-preview":"max-image-preview:large","max-video-preview":"max-video-preview:-1"},"canonical":"https:\/\/www.ladiagonale.net\/index.php\/2023\/05\/25\/embolo-cetait-difficile-de-mexpliquer-quil-fallait-faire-une-pause\/","og_locale":"fr_FR","og_type":"article","og_title":"Embolo : \u00ab&nbsp;C\u2019\u00e9tait difficile de m\u2019expliquer qu\u2019il fallait faire une pause&nbsp;\u00bb - La Diagonale","og_description":"Contre Lille (0-0, le 14 mai), Breel Embolo a fait son retour sur les terrains apr\u00e8s une absence de pr\u00e8s de deux mois en raison d\u2019une entorse \u00e0 un genou. Une situation qui a \u00e9t\u00e9 difficile \u00e0 vivre pour l\u2019attaquant de l\u2019AS Monaco : \u00ab\u00a0\u00c7a a \u00e9t\u00e9 un peu compliqu\u00e9. C\u2019\u00e9tait apr\u00e8s un contact \u00e0 [...]","og_url":"https:\/\/www.ladiagonale.net\/index.php\/2023\/05\/25\/embolo-cetait-difficile-de-mexpliquer-quil-fallait-faire-une-pause\/","og_site_name":"La Diagonale","article_published_time":"2023-05-25T13:51:14+00:00","article_modified_time":"2023-05-25T13:51:16+00:00","og_image":[{"width":1160,"height":650,"url":"https:\/\/www.ladiagonale.net\/wp-content\/uploads\/2023\/01\/embolo.png","type":"image\/png"}],"author":"Damien Dellerba","twitter_card":"summary_large_image","twitter_image":"https:\/\/www.ladiagonale.net\/wp-content\/uploads\/2023\/01\/embolo.png","twitter_misc":{"\u00c9crit par":"Damien Dellerba","Dur\u00e9e de lecture estim\u00e9e":"3 minutes"},"schema":{"@context":"https:\/\/schema.org","@graph":[{"@type":"WebPage","@id":"https:\/\/www.ladiagonale.net\/index.php\/2023\/05\/25\/embolo-cetait-difficile-de-mexpliquer-quil-fallait-faire-une-pause\/","url":"https:\/\/www.ladiagonale.net\/index.php\/2023\/05\/25\/embolo-cetait-difficile-de-mexpliquer-quil-fallait-faire-une-pause\/","name":"Embolo : \u00ab&nbsp;C\u2019\u00e9tait difficile de m\u2019expliquer qu\u2019il fallait faire une pause&nbsp;\u00bb - La Diagonale","isPartOf":{"@id":"https:\/\/www.ladiagonale.net\/#website"},"datePublished":"2023-05-25T13:51:14+00:00","dateModified":"2023-05-25T13:51:16+00:00","author":{"@id":"https:\/\/www.ladiagonale.net\/#\/schema\/person\/79ff1e7b0853ed01b2aa26e64ad300bf"},"breadcrumb":{"@id":"https:\/\/www.ladiagonale.net\/index.php\/2023\/05\/25\/embolo-cetait-difficile-de-mexpliquer-quil-fallait-faire-une-pause\/#breadcrumb"},"inLanguage":"fr-FR","potentialAction":[{"@type":"ReadAction","target":["https:\/\/www.ladiagonale.net\/index.php\/2023\/05\/25\/embolo-cetait-difficile-de-mexpliquer-quil-fallait-faire-une-pause\/"]}]},{"@type":"BreadcrumbList","@id":"https:\/\/www.ladiagonale.net\/index.php\/2023\/05\/25\/embolo-cetait-difficile-de-mexpliquer-quil-fallait-faire-une-pause\/#breadcrumb","itemListElement":[{"@type":"ListItem","position":1,"name":"Accueil","item":"https:\/\/www.ladiagonale.net\/"},{"@type":"ListItem","position":2,"name":"Embolo : \u00ab&nbsp;C\u2019\u00e9tait difficile de m\u2019expliquer qu\u2019il fallait faire une pause&nbsp;\u00bb"}]},{"@type":"WebSite","@id":"https:\/\/www.ladiagonale.net\/#website","url":"https:\/\/www.ladiagonale.net\/","name":"La Diagonale","description":"Le site des supporters de l&#039;AS Monaco FC","potentialAction":[{"@type":"SearchAction","target":{"@type":"EntryPoint","urlTemplate":"https:\/\/www.ladiagonale.net\/?s={search_term_string}"},"query-input":"required name=search_term_string"}],"inLanguage":"fr-FR"},{"@type":"Person","@id":"https:\/\/www.ladiagonale.net\/#\/schema\/person\/79ff1e7b0853ed01b2aa26e64ad300bf","name":"Damien Dellerba","image":{"@type":"ImageObject","inLanguage":"fr-FR","@id":"https:\/\/www.ladiagonale.net\/#\/schema\/person\/image\/","url":"https:\/\/secure.gravatar.com\/avatar\/c7850e06d3ff63cdbaee88b7fc16e2f0?s=96&d=mm&r=g","contentUrl":"https:\/\/secure.gravatar.com\/avatar\/c7850e06d3ff63cdbaee88b7fc16e2f0?s=96&d=mm&r=g","caption":"Damien Dellerba"},"url":"https:\/\/www.ladiagonale.net\/index.php\/author\/damien\/"}]}},"_links":{"self":[{"href":"https:\/\/www.ladiagonale.net\/index.php\/wp-json\/wp\/v2\/posts\/12786"}],"collection":[{"href":"https:\/\/www.ladiagonale.net\/index.php\/wp-json\/wp\/v2\/posts"}],"about":[{"href":"https:\/\/www.ladiagonale.net\/index.php\/wp-json\/wp\/v2\/types\/post"}],"author":[{"embeddable":true,"href":"https:\/\/www.ladiagonale.net\/index.php\/wp-json\/wp\/v2\/users\/2"}],"replies":[{"embeddable":true,"href":"https:\/\/www.ladiagonale.net\/index.php\/wp-json\/wp\/v2\/comments?post=12786"}],"version-history":[{"count":1,"href":"https:\/\/www.ladiagonale.net\/index.php\/wp-json\/wp\/v2\/posts\/12786\/revisions"}],"predecessor-version":[{"id":12787,"href":"https:\/\/www.ladiagonale.net\/index.php\/wp-json\/wp\/v2\/posts\/12786\/revisions\/12787"}],"wp:attachment":[{"href":"https:\/\/www.ladiagonale.net\/index.php\/wp-json\/wp\/v2\/media?parent=12786"}],"wp:term":[{"taxonomy":"category","embeddable":true,"href":"https:\/\/www.ladiagonale.net\/index.php\/wp-json\/wp\/v2\/categories?post=12786"},{"taxonomy":"post_tag","embeddable":true,"href":"https:\/\/www.ladiagonale.net\/index.php\/wp-json\/wp\/v2\/tags?post=12786"}],"curies":[{"name":"wp","href":"https:\/\/api.w.org\/{rel}","templated":true}]}}