{"id":12788,"date":"2023-05-25T16:17:37","date_gmt":"2023-05-25T14:17:37","guid":{"rendered":"https:\/\/www.ladiagonale.net\/?p=12788"},"modified":"2023-05-25T23:19:23","modified_gmt":"2023-05-25T21:19:23","slug":"boadu-est-forfait-pour-rennes","status":"publish","type":"post","link":"https:\/\/www.ladiagonale.net\/index.php\/2023\/05\/25\/boadu-est-forfait-pour-rennes\/","title":{"rendered":"Boadu est forfait pour Rennes"},"content":{"rendered":"\n\n\n<p>Myron Boadu ne sera pas du d\u00e9placement \u00e0 Rennes ce samedi, apr\u00e8s sa blessure aux ischio-jambiers contract\u00e9e lors du match contre Lille (0-0, le 14 mai). Philippe Clement a confirm\u00e9 que, pour l&rsquo;heure, seuls l&rsquo;attaquant n\u00e9erlandais et Malang Sarr, <a href=\"https:\/\/www.ladiagonale.net\/index.php\/2023\/05\/23\/malang-sarr-sest-fait-operer\/\">op\u00e9r\u00e9 lundi<\/a>, \u00e9taient indisponibles pour cette 36<sup>e<\/sup> journ\u00e9e.<\/p>\n\n\n\n<p>\u00ab <em>Tous les autres joueurs se sont entra\u00een\u00e9s, avec Chrislain Matsima, qui s&rsquo;est entra\u00een\u00e9 pour la premi\u00e8re fois avec le groupe<\/em> \u00bb, s&rsquo;est f\u00e9licit\u00e9 le coach de l&rsquo;AS Monaco \u00e0 l&rsquo;occasion de la conf\u00e9rence de presse d&rsquo;avant-match, qui n&rsquo;a toutefois pas pr\u00e9cis\u00e9 pour quelle raison le d\u00e9fenseur central avait manqu\u00e9 les jours pr\u00e9c\u00e9dents. <\/p>\n","protected":false},"excerpt":{"rendered":"<p>Myron Boadu ne sera pas du d\u00e9placement \u00e0 Rennes ce samedi, apr\u00e8s sa blessure aux ischio-jambiers contract\u00e9e lors du match contre Lille (0-0, le 14 mai). Philippe Clement a confirm\u00e9 que, pour l&rsquo;heure, seuls l&rsquo;attaquant n\u00e9erlandais et Malang Sarr, op\u00e9r\u00e9 lundi, \u00e9taient indisponibles pour cette 36e journ\u00e9e. \u00ab Tous les autres joueurs se sont entra\u00een\u00e9s, [&#8230;]\n","protected":false},"author":2,"featured_media":0,"comment_status":"open","ping_status":"open","sticky":false,"template":"","format":"standard","meta":[],"categories":[6],"tags":[86,94,240,464],"yoast_head":"<!-- This site is optimized with the Yoast SEO plugin v19.8 - https:\/\/yoast.com\/wordpress\/plugins\/seo\/ -->\n<title>Boadu est forfait pour Rennes - La Diagonale<\/title>\n<meta name=\"robots\" content=\"index, follow, max-snippet:-1, max-image-preview:large, max-video-preview:-1\" \/>\n<link rel=\"canonical\" href=\"https:\/\/www.ladiagonale.net\/index.php\/2023\/05\/25\/boadu-est-forfait-pour-rennes\/\" \/>\n<meta property=\"og:locale\" content=\"fr_FR\" \/>\n<meta property=\"og:type\" content=\"article\" \/>\n<meta property=\"og:title\" content=\"Boadu est forfait pour Rennes - La Diagonale\" \/>\n<meta property=\"og:description\" content=\"Myron Boadu ne sera pas du d\u00e9placement \u00e0 Rennes ce samedi, apr\u00e8s sa blessure aux ischio-jambiers contract\u00e9e lors du match contre Lille (0-0, le 14 mai). Philippe Clement a confirm\u00e9 que, pour l&rsquo;heure, seuls l&rsquo;attaquant n\u00e9erlandais et Malang Sarr, op\u00e9r\u00e9 lundi, \u00e9taient indisponibles pour cette 36e journ\u00e9e. \u00ab Tous les autres joueurs se sont entra\u00een\u00e9s, [...]\" \/>\n<meta property=\"og:url\" content=\"https:\/\/www.ladiagonale.net\/index.php\/2023\/05\/25\/boadu-est-forfait-pour-rennes\/\" \/>\n<meta property=\"og:site_name\" content=\"La Diagonale\" \/>\n<meta property=\"article:published_time\" content=\"2023-05-25T14:17:37+00:00\" \/>\n<meta property=\"article:modified_time\" content=\"2023-05-25T21:19:23+00:00\" \/>\n<meta property=\"og:image\" content=\"https:\/\/www.ladiagonale.net\/wp-content\/uploads\/2022\/11\/boadu.png\" \/>\n\t<meta property=\"og:image:width\" content=\"1160\" \/>\n\t<meta property=\"og:image:height\" content=\"650\" \/>\n\t<meta property=\"og:image:type\" content=\"image\/png\" \/>\n<meta name=\"author\" content=\"Damien Dellerba\" \/>\n<meta name=\"twitter:card\" content=\"summary_large_image\" \/>\n<meta name=\"twitter:image\" content=\"https:\/\/www.ladiagonale.net\/wp-content\/uploads\/2022\/11\/boadu.png\" \/>\n<meta name=\"twitter:label1\" content=\"\u00c9crit par\" \/>\n\t<meta name=\"twitter:data1\" content=\"Damien Dellerba\" \/>\n\t<meta name=\"twitter:label2\" content=\"Dur\u00e9e de lecture estim\u00e9e\" \/>\n\t<meta name=\"twitter:data2\" content=\"1 minute\" \/>\n<script type=\"application\/ld+json\" class=\"yoast-schema-graph\">{\"@context\":\"https:\/\/schema.org\",\"@graph\":[{\"@type\":\"WebPage\",\"@id\":\"https:\/\/www.ladiagonale.net\/index.php\/2023\/05\/25\/boadu-est-forfait-pour-rennes\/\",\"url\":\"https:\/\/www.ladiagonale.net\/index.php\/2023\/05\/25\/boadu-est-forfait-pour-rennes\/\",\"name\":\"Boadu est forfait pour Rennes - La Diagonale\",\"isPartOf\":{\"@id\":\"https:\/\/www.ladiagonale.net\/#website\"},\"datePublished\":\"2023-05-25T14:17:37+00:00\",\"dateModified\":\"2023-05-25T21:19:23+00:00\",\"author\":{\"@id\":\"https:\/\/www.ladiagonale.net\/#\/schema\/person\/79ff1e7b0853ed01b2aa26e64ad300bf\"},\"breadcrumb\":{\"@id\":\"https:\/\/www.ladiagonale.net\/index.php\/2023\/05\/25\/boadu-est-forfait-pour-rennes\/#breadcrumb\"},\"inLanguage\":\"fr-FR\",\"potentialAction\":[{\"@type\":\"ReadAction\",\"target\":[\"https:\/\/www.ladiagonale.net\/index.php\/2023\/05\/25\/boadu-est-forfait-pour-rennes\/\"]}]},{\"@type\":\"BreadcrumbList\",\"@id\":\"https:\/\/www.ladiagonale.net\/index.php\/2023\/05\/25\/boadu-est-forfait-pour-rennes\/#breadcrumb\",\"itemListElement\":[{\"@type\":\"ListItem\",\"position\":1,\"name\":\"Accueil\",\"item\":\"https:\/\/www.ladiagonale.net\/\"},{\"@type\":\"ListItem\",\"position\":2,\"name\":\"Boadu est forfait pour Rennes\"}]},{\"@type\":\"WebSite\",\"@id\":\"https:\/\/www.ladiagonale.net\/#website\",\"url\":\"https:\/\/www.ladiagonale.net\/\",\"name\":\"La Diagonale\",\"description\":\"Le site des supporters de l&#039;AS Monaco FC\",\"potentialAction\":[{\"@type\":\"SearchAction\",\"target\":{\"@type\":\"EntryPoint\",\"urlTemplate\":\"https:\/\/www.ladiagonale.net\/?s={search_term_string}\"},\"query-input\":\"required name=search_term_string\"}],\"inLanguage\":\"fr-FR\"},{\"@type\":\"Person\",\"@id\":\"https:\/\/www.ladiagonale.net\/#\/schema\/person\/79ff1e7b0853ed01b2aa26e64ad300bf\",\"name\":\"Damien Dellerba\",\"image\":{\"@type\":\"ImageObject\",\"inLanguage\":\"fr-FR\",\"@id\":\"https:\/\/www.ladiagonale.net\/#\/schema\/person\/image\/\",\"url\":\"https:\/\/secure.gravatar.com\/avatar\/c7850e06d3ff63cdbaee88b7fc16e2f0?s=96&d=mm&r=g\",\"contentUrl\":\"https:\/\/secure.gravatar.com\/avatar\/c7850e06d3ff63cdbaee88b7fc16e2f0?s=96&d=mm&r=g\",\"caption\":\"Damien Dellerba\"},\"url\":\"https:\/\/www.ladiagonale.net\/index.php\/author\/damien\/\"}]}<\/script>\n<!-- \/ Yoast SEO plugin. -->","yoast_head_json":{"title":"Boadu est forfait pour Rennes - La Diagonale","robots":{"index":"index","follow":"follow","max-snippet":"max-snippet:-1","max-image-preview":"max-image-preview:large","max-video-preview":"max-video-preview:-1"},"canonical":"https:\/\/www.ladiagonale.net\/index.php\/2023\/05\/25\/boadu-est-forfait-pour-rennes\/","og_locale":"fr_FR","og_type":"article","og_title":"Boadu est forfait pour Rennes - La Diagonale","og_description":"Myron Boadu ne sera pas du d\u00e9placement \u00e0 Rennes ce samedi, apr\u00e8s sa blessure aux ischio-jambiers contract\u00e9e lors du match contre Lille (0-0, le 14 mai). Philippe Clement a confirm\u00e9 que, pour l&rsquo;heure, seuls l&rsquo;attaquant n\u00e9erlandais et Malang Sarr, op\u00e9r\u00e9 lundi, \u00e9taient indisponibles pour cette 36e journ\u00e9e. \u00ab Tous les autres joueurs se sont entra\u00een\u00e9s, [...]","og_url":"https:\/\/www.ladiagonale.net\/index.php\/2023\/05\/25\/boadu-est-forfait-pour-rennes\/","og_site_name":"La Diagonale","article_published_time":"2023-05-25T14:17:37+00:00","article_modified_time":"2023-05-25T21:19:23+00:00","og_image":[{"width":1160,"height":650,"url":"https:\/\/www.ladiagonale.net\/wp-content\/uploads\/2022\/11\/boadu.png","type":"image\/png"}],"author":"Damien Dellerba","twitter_card":"summary_large_image","twitter_image":"https:\/\/www.ladiagonale.net\/wp-content\/uploads\/2022\/11\/boadu.png","twitter_misc":{"\u00c9crit par":"Damien Dellerba","Dur\u00e9e de lecture estim\u00e9e":"1 minute"},"schema":{"@context":"https:\/\/schema.org","@graph":[{"@type":"WebPage","@id":"https:\/\/www.ladiagonale.net\/index.php\/2023\/05\/25\/boadu-est-forfait-pour-rennes\/","url":"https:\/\/www.ladiagonale.net\/index.php\/2023\/05\/25\/boadu-est-forfait-pour-rennes\/","name":"Boadu est forfait pour Rennes - La Diagonale","isPartOf":{"@id":"https:\/\/www.ladiagonale.net\/#website"},"datePublished":"2023-05-25T14:17:37+00:00","dateModified":"2023-05-25T21:19:23+00:00","author":{"@id":"https:\/\/www.ladiagonale.net\/#\/schema\/person\/79ff1e7b0853ed01b2aa26e64ad300bf"},"breadcrumb":{"@id":"https:\/\/www.ladiagonale.net\/index.php\/2023\/05\/25\/boadu-est-forfait-pour-rennes\/#breadcrumb"},"inLanguage":"fr-FR","potentialAction":[{"@type":"ReadAction","target":["https:\/\/www.ladiagonale.net\/index.php\/2023\/05\/25\/boadu-est-forfait-pour-rennes\/"]}]},{"@type":"BreadcrumbList","@id":"https:\/\/www.ladiagonale.net\/index.php\/2023\/05\/25\/boadu-est-forfait-pour-rennes\/#breadcrumb","itemListElement":[{"@type":"ListItem","position":1,"name":"Accueil","item":"https:\/\/www.ladiagonale.net\/"},{"@type":"ListItem","position":2,"name":"Boadu est forfait pour Rennes"}]},{"@type":"WebSite","@id":"https:\/\/www.ladiagonale.net\/#website","url":"https:\/\/www.ladiagonale.net\/","name":"La Diagonale","description":"Le site des supporters de l&#039;AS Monaco FC","potentialAction":[{"@type":"SearchAction","target":{"@type":"EntryPoint","urlTemplate":"https:\/\/www.ladiagonale.net\/?s={search_term_string}"},"query-input":"required name=search_term_string"}],"inLanguage":"fr-FR"},{"@type":"Person","@id":"https:\/\/www.ladiagonale.net\/#\/schema\/person\/79ff1e7b0853ed01b2aa26e64ad300bf","name":"Damien Dellerba","image":{"@type":"ImageObject","inLanguage":"fr-FR","@id":"https:\/\/www.ladiagonale.net\/#\/schema\/person\/image\/","url":"https:\/\/secure.gravatar.com\/avatar\/c7850e06d3ff63cdbaee88b7fc16e2f0?s=96&d=mm&r=g","contentUrl":"https:\/\/secure.gravatar.com\/avatar\/c7850e06d3ff63cdbaee88b7fc16e2f0?s=96&d=mm&r=g","caption":"Damien Dellerba"},"url":"https:\/\/www.ladiagonale.net\/index.php\/author\/damien\/"}]}},"_links":{"self":[{"href":"https:\/\/www.ladiagonale.net\/index.php\/wp-json\/wp\/v2\/posts\/12788"}],"collection":[{"href":"https:\/\/www.ladiagonale.net\/index.php\/wp-json\/wp\/v2\/posts"}],"about":[{"href":"https:\/\/www.ladiagonale.net\/index.php\/wp-json\/wp\/v2\/types\/post"}],"author":[{"embeddable":true,"href":"https:\/\/www.ladiagonale.net\/index.php\/wp-json\/wp\/v2\/users\/2"}],"replies":[{"embeddable":true,"href":"https:\/\/www.ladiagonale.net\/index.php\/wp-json\/wp\/v2\/comments?post=12788"}],"version-history":[{"count":4,"href":"https:\/\/www.ladiagonale.net\/index.php\/wp-json\/wp\/v2\/posts\/12788\/revisions"}],"predecessor-version":[{"id":12807,"href":"https:\/\/www.ladiagonale.net\/index.php\/wp-json\/wp\/v2\/posts\/12788\/revisions\/12807"}],"wp:attachment":[{"href":"https:\/\/www.ladiagonale.net\/index.php\/wp-json\/wp\/v2\/media?parent=12788"}],"wp:term":[{"taxonomy":"category","embeddable":true,"href":"https:\/\/www.ladiagonale.net\/index.php\/wp-json\/wp\/v2\/categories?post=12788"},{"taxonomy":"post_tag","embeddable":true,"href":"https:\/\/www.ladiagonale.net\/index.php\/wp-json\/wp\/v2\/tags?post=12788"}],"curies":[{"name":"wp","href":"https:\/\/api.w.org\/{rel}","templated":true}]}}