{"id":12907,"date":"2023-05-28T14:18:33","date_gmt":"2023-05-28T12:18:33","guid":{"rendered":"https:\/\/www.ladiagonale.net\/?p=12907"},"modified":"2023-05-28T14:18:36","modified_gmt":"2023-05-28T12:18:36","slug":"didillon-ne-retournera-pas-au-cercle-bruges","status":"publish","type":"post","link":"https:\/\/www.ladiagonale.net\/index.php\/2023\/05\/28\/didillon-ne-retournera-pas-au-cercle-bruges\/","title":{"rendered":"Didillon ne retournera pas au Cercle Bruges"},"content":{"rendered":"\n\n\n<p>L&rsquo;AS Monaco va devoir se trouver un nouveau gardien num\u00e9ro un pour la saison prochaine, avec le d\u00e9part d&rsquo;Alexander N\u00fcbel, pr\u00eat\u00e9 depuis saisons par le Bayern Munich, mais c&rsquo;est plus globalement tout le <em>line-up<\/em> de gardiens qu&rsquo;il faudra peut-\u00eatre reconstruire, puisque Thomas Didillon est lui aussi pr\u00eat\u00e9 par le Cercle Bruges. Dans une interview accord\u00e9 \u00e0 <em>Het Nieuwsblad<\/em>, le directeur sportif du Cercle Bruges, Carlos Avina, a cependant annonc\u00e9 que l&rsquo;actuel num\u00e9ro deux de l&rsquo;ASM ne retournera pas en Belgique, sans toutefois dire si son futur se trouvait sur le Rocher.<\/p>\n\n\n\n<p>L&rsquo;\u00e9t\u00e9 dernier, Thomas Didillon a rejoint l&rsquo;AS Monaco apr\u00e8s avoir convaincu Philippe Clement et le staff mon\u00e9gasque lors d&rsquo;un mois d&rsquo;essai, et il avait alors fait le chemin inverse de Radoslaw Majecki, qui a r\u00e9alis\u00e9 une saison pleine en Belgique et qui retournera en Principaut\u00e9, comme l&rsquo;a indiqu\u00e9 Avina. Venu avec le statut de doublure pour \u00e9pauler N\u00fcbel et Lienard, Didillon n&rsquo;a disput\u00e9 qu&rsquo;une seule rencontre cette saison. C&rsquo;\u00e9tait lors de l&rsquo;\u00e9limination en 1\/32<sup>es<\/sup> de finale de la Coupe de France contre Rodez (2-2, 4-5 aux t.a.b., le 7 janvier). Il avait notamment stopp\u00e9 un tir au but adverse mais cela n&rsquo;avait pas suffit.<\/p>\n","protected":false},"excerpt":{"rendered":"<p>L&rsquo;AS Monaco va devoir se trouver un nouveau gardien num\u00e9ro un pour la saison prochaine, avec le d\u00e9part d&rsquo;Alexander N\u00fcbel, pr\u00eat\u00e9 depuis saisons par le Bayern Munich, mais c&rsquo;est plus globalement tout le line-up de gardiens qu&rsquo;il faudra peut-\u00eatre reconstruire, puisque Thomas Didillon est lui aussi pr\u00eat\u00e9 par le Cercle Bruges. Dans une interview accord\u00e9 [&#8230;]\n","protected":false},"author":2,"featured_media":0,"comment_status":"open","ping_status":"open","sticky":false,"template":"","format":"standard","meta":[],"categories":[6],"tags":[86,111,193,110],"yoast_head":"<!-- This site is optimized with the Yoast SEO plugin v19.8 - https:\/\/yoast.com\/wordpress\/plugins\/seo\/ -->\n<title>Didillon ne retournera pas au Cercle Bruges - La Diagonale<\/title>\n<meta name=\"robots\" content=\"index, follow, max-snippet:-1, max-image-preview:large, max-video-preview:-1\" \/>\n<link rel=\"canonical\" href=\"https:\/\/www.ladiagonale.net\/index.php\/2023\/05\/28\/didillon-ne-retournera-pas-au-cercle-bruges\/\" \/>\n<meta property=\"og:locale\" content=\"fr_FR\" \/>\n<meta property=\"og:type\" content=\"article\" \/>\n<meta property=\"og:title\" content=\"Didillon ne retournera pas au Cercle Bruges - La Diagonale\" \/>\n<meta property=\"og:description\" content=\"L&rsquo;AS Monaco va devoir se trouver un nouveau gardien num\u00e9ro un pour la saison prochaine, avec le d\u00e9part d&rsquo;Alexander N\u00fcbel, pr\u00eat\u00e9 depuis saisons par le Bayern Munich, mais c&rsquo;est plus globalement tout le line-up de gardiens qu&rsquo;il faudra peut-\u00eatre reconstruire, puisque Thomas Didillon est lui aussi pr\u00eat\u00e9 par le Cercle Bruges. Dans une interview accord\u00e9 [...]\" \/>\n<meta property=\"og:url\" content=\"https:\/\/www.ladiagonale.net\/index.php\/2023\/05\/28\/didillon-ne-retournera-pas-au-cercle-bruges\/\" \/>\n<meta property=\"og:site_name\" content=\"La Diagonale\" \/>\n<meta property=\"article:published_time\" content=\"2023-05-28T12:18:33+00:00\" \/>\n<meta property=\"article:modified_time\" content=\"2023-05-28T12:18:36+00:00\" \/>\n<meta property=\"og:image\" content=\"https:\/\/www.ladiagonale.net\/wp-content\/uploads\/2023\/01\/didillon2.png\" \/>\n\t<meta property=\"og:image:width\" content=\"1160\" \/>\n\t<meta property=\"og:image:height\" content=\"650\" \/>\n\t<meta property=\"og:image:type\" content=\"image\/png\" \/>\n<meta name=\"author\" content=\"Damien Dellerba\" \/>\n<meta name=\"twitter:card\" content=\"summary_large_image\" \/>\n<meta name=\"twitter:image\" content=\"https:\/\/www.ladiagonale.net\/wp-content\/uploads\/2023\/01\/didillon2.png\" \/>\n<meta name=\"twitter:label1\" content=\"\u00c9crit par\" \/>\n\t<meta name=\"twitter:data1\" content=\"Damien Dellerba\" \/>\n\t<meta name=\"twitter:label2\" content=\"Dur\u00e9e de lecture estim\u00e9e\" \/>\n\t<meta name=\"twitter:data2\" content=\"2 minutes\" \/>\n<script type=\"application\/ld+json\" class=\"yoast-schema-graph\">{\"@context\":\"https:\/\/schema.org\",\"@graph\":[{\"@type\":\"WebPage\",\"@id\":\"https:\/\/www.ladiagonale.net\/index.php\/2023\/05\/28\/didillon-ne-retournera-pas-au-cercle-bruges\/\",\"url\":\"https:\/\/www.ladiagonale.net\/index.php\/2023\/05\/28\/didillon-ne-retournera-pas-au-cercle-bruges\/\",\"name\":\"Didillon ne retournera pas au Cercle Bruges - La Diagonale\",\"isPartOf\":{\"@id\":\"https:\/\/www.ladiagonale.net\/#website\"},\"datePublished\":\"2023-05-28T12:18:33+00:00\",\"dateModified\":\"2023-05-28T12:18:36+00:00\",\"author\":{\"@id\":\"https:\/\/www.ladiagonale.net\/#\/schema\/person\/79ff1e7b0853ed01b2aa26e64ad300bf\"},\"breadcrumb\":{\"@id\":\"https:\/\/www.ladiagonale.net\/index.php\/2023\/05\/28\/didillon-ne-retournera-pas-au-cercle-bruges\/#breadcrumb\"},\"inLanguage\":\"fr-FR\",\"potentialAction\":[{\"@type\":\"ReadAction\",\"target\":[\"https:\/\/www.ladiagonale.net\/index.php\/2023\/05\/28\/didillon-ne-retournera-pas-au-cercle-bruges\/\"]}]},{\"@type\":\"BreadcrumbList\",\"@id\":\"https:\/\/www.ladiagonale.net\/index.php\/2023\/05\/28\/didillon-ne-retournera-pas-au-cercle-bruges\/#breadcrumb\",\"itemListElement\":[{\"@type\":\"ListItem\",\"position\":1,\"name\":\"Accueil\",\"item\":\"https:\/\/www.ladiagonale.net\/\"},{\"@type\":\"ListItem\",\"position\":2,\"name\":\"Didillon ne retournera pas au Cercle Bruges\"}]},{\"@type\":\"WebSite\",\"@id\":\"https:\/\/www.ladiagonale.net\/#website\",\"url\":\"https:\/\/www.ladiagonale.net\/\",\"name\":\"La Diagonale\",\"description\":\"Le site des supporters de l&#039;AS Monaco FC\",\"potentialAction\":[{\"@type\":\"SearchAction\",\"target\":{\"@type\":\"EntryPoint\",\"urlTemplate\":\"https:\/\/www.ladiagonale.net\/?s={search_term_string}\"},\"query-input\":\"required name=search_term_string\"}],\"inLanguage\":\"fr-FR\"},{\"@type\":\"Person\",\"@id\":\"https:\/\/www.ladiagonale.net\/#\/schema\/person\/79ff1e7b0853ed01b2aa26e64ad300bf\",\"name\":\"Damien Dellerba\",\"image\":{\"@type\":\"ImageObject\",\"inLanguage\":\"fr-FR\",\"@id\":\"https:\/\/www.ladiagonale.net\/#\/schema\/person\/image\/\",\"url\":\"https:\/\/secure.gravatar.com\/avatar\/c7850e06d3ff63cdbaee88b7fc16e2f0?s=96&d=mm&r=g\",\"contentUrl\":\"https:\/\/secure.gravatar.com\/avatar\/c7850e06d3ff63cdbaee88b7fc16e2f0?s=96&d=mm&r=g\",\"caption\":\"Damien Dellerba\"},\"url\":\"https:\/\/www.ladiagonale.net\/index.php\/author\/damien\/\"}]}<\/script>\n<!-- \/ Yoast SEO plugin. -->","yoast_head_json":{"title":"Didillon ne retournera pas au Cercle Bruges - La Diagonale","robots":{"index":"index","follow":"follow","max-snippet":"max-snippet:-1","max-image-preview":"max-image-preview:large","max-video-preview":"max-video-preview:-1"},"canonical":"https:\/\/www.ladiagonale.net\/index.php\/2023\/05\/28\/didillon-ne-retournera-pas-au-cercle-bruges\/","og_locale":"fr_FR","og_type":"article","og_title":"Didillon ne retournera pas au Cercle Bruges - La Diagonale","og_description":"L&rsquo;AS Monaco va devoir se trouver un nouveau gardien num\u00e9ro un pour la saison prochaine, avec le d\u00e9part d&rsquo;Alexander N\u00fcbel, pr\u00eat\u00e9 depuis saisons par le Bayern Munich, mais c&rsquo;est plus globalement tout le line-up de gardiens qu&rsquo;il faudra peut-\u00eatre reconstruire, puisque Thomas Didillon est lui aussi pr\u00eat\u00e9 par le Cercle Bruges. Dans une interview accord\u00e9 [...]","og_url":"https:\/\/www.ladiagonale.net\/index.php\/2023\/05\/28\/didillon-ne-retournera-pas-au-cercle-bruges\/","og_site_name":"La Diagonale","article_published_time":"2023-05-28T12:18:33+00:00","article_modified_time":"2023-05-28T12:18:36+00:00","og_image":[{"width":1160,"height":650,"url":"https:\/\/www.ladiagonale.net\/wp-content\/uploads\/2023\/01\/didillon2.png","type":"image\/png"}],"author":"Damien Dellerba","twitter_card":"summary_large_image","twitter_image":"https:\/\/www.ladiagonale.net\/wp-content\/uploads\/2023\/01\/didillon2.png","twitter_misc":{"\u00c9crit par":"Damien Dellerba","Dur\u00e9e de lecture estim\u00e9e":"2 minutes"},"schema":{"@context":"https:\/\/schema.org","@graph":[{"@type":"WebPage","@id":"https:\/\/www.ladiagonale.net\/index.php\/2023\/05\/28\/didillon-ne-retournera-pas-au-cercle-bruges\/","url":"https:\/\/www.ladiagonale.net\/index.php\/2023\/05\/28\/didillon-ne-retournera-pas-au-cercle-bruges\/","name":"Didillon ne retournera pas au Cercle Bruges - La Diagonale","isPartOf":{"@id":"https:\/\/www.ladiagonale.net\/#website"},"datePublished":"2023-05-28T12:18:33+00:00","dateModified":"2023-05-28T12:18:36+00:00","author":{"@id":"https:\/\/www.ladiagonale.net\/#\/schema\/person\/79ff1e7b0853ed01b2aa26e64ad300bf"},"breadcrumb":{"@id":"https:\/\/www.ladiagonale.net\/index.php\/2023\/05\/28\/didillon-ne-retournera-pas-au-cercle-bruges\/#breadcrumb"},"inLanguage":"fr-FR","potentialAction":[{"@type":"ReadAction","target":["https:\/\/www.ladiagonale.net\/index.php\/2023\/05\/28\/didillon-ne-retournera-pas-au-cercle-bruges\/"]}]},{"@type":"BreadcrumbList","@id":"https:\/\/www.ladiagonale.net\/index.php\/2023\/05\/28\/didillon-ne-retournera-pas-au-cercle-bruges\/#breadcrumb","itemListElement":[{"@type":"ListItem","position":1,"name":"Accueil","item":"https:\/\/www.ladiagonale.net\/"},{"@type":"ListItem","position":2,"name":"Didillon ne retournera pas au Cercle Bruges"}]},{"@type":"WebSite","@id":"https:\/\/www.ladiagonale.net\/#website","url":"https:\/\/www.ladiagonale.net\/","name":"La Diagonale","description":"Le site des supporters de l&#039;AS Monaco FC","potentialAction":[{"@type":"SearchAction","target":{"@type":"EntryPoint","urlTemplate":"https:\/\/www.ladiagonale.net\/?s={search_term_string}"},"query-input":"required name=search_term_string"}],"inLanguage":"fr-FR"},{"@type":"Person","@id":"https:\/\/www.ladiagonale.net\/#\/schema\/person\/79ff1e7b0853ed01b2aa26e64ad300bf","name":"Damien Dellerba","image":{"@type":"ImageObject","inLanguage":"fr-FR","@id":"https:\/\/www.ladiagonale.net\/#\/schema\/person\/image\/","url":"https:\/\/secure.gravatar.com\/avatar\/c7850e06d3ff63cdbaee88b7fc16e2f0?s=96&d=mm&r=g","contentUrl":"https:\/\/secure.gravatar.com\/avatar\/c7850e06d3ff63cdbaee88b7fc16e2f0?s=96&d=mm&r=g","caption":"Damien Dellerba"},"url":"https:\/\/www.ladiagonale.net\/index.php\/author\/damien\/"}]}},"_links":{"self":[{"href":"https:\/\/www.ladiagonale.net\/index.php\/wp-json\/wp\/v2\/posts\/12907"}],"collection":[{"href":"https:\/\/www.ladiagonale.net\/index.php\/wp-json\/wp\/v2\/posts"}],"about":[{"href":"https:\/\/www.ladiagonale.net\/index.php\/wp-json\/wp\/v2\/types\/post"}],"author":[{"embeddable":true,"href":"https:\/\/www.ladiagonale.net\/index.php\/wp-json\/wp\/v2\/users\/2"}],"replies":[{"embeddable":true,"href":"https:\/\/www.ladiagonale.net\/index.php\/wp-json\/wp\/v2\/comments?post=12907"}],"version-history":[{"count":1,"href":"https:\/\/www.ladiagonale.net\/index.php\/wp-json\/wp\/v2\/posts\/12907\/revisions"}],"predecessor-version":[{"id":12908,"href":"https:\/\/www.ladiagonale.net\/index.php\/wp-json\/wp\/v2\/posts\/12907\/revisions\/12908"}],"wp:attachment":[{"href":"https:\/\/www.ladiagonale.net\/index.php\/wp-json\/wp\/v2\/media?parent=12907"}],"wp:term":[{"taxonomy":"category","embeddable":true,"href":"https:\/\/www.ladiagonale.net\/index.php\/wp-json\/wp\/v2\/categories?post=12907"},{"taxonomy":"post_tag","embeddable":true,"href":"https:\/\/www.ladiagonale.net\/index.php\/wp-json\/wp\/v2\/tags?post=12907"}],"curies":[{"name":"wp","href":"https:\/\/api.w.org\/{rel}","templated":true}]}}