{"id":12909,"date":"2023-05-28T14:51:17","date_gmt":"2023-05-28T12:51:17","guid":{"rendered":"https:\/\/www.ladiagonale.net\/?p=12909"},"modified":"2023-05-28T14:51:20","modified_gmt":"2023-05-28T12:51:20","slug":"bouabre-sinate-et-tincres-en-demi-finale-de-leuro-u17","status":"publish","type":"post","link":"https:\/\/www.ladiagonale.net\/index.php\/2023\/05\/28\/bouabre-sinate-et-tincres-en-demi-finale-de-leuro-u17\/","title":{"rendered":"Bouabr\u00e9, Sinat\u00e9 et Tincres en demi-finale de l&rsquo;Euro U17"},"content":{"rendered":"\n\n\n<p>Sa\u00efmon Bouabr\u00e9, Dan Sinat\u00e9 et Joan Tincres vont continuer leur aventure \u00e0 l&rsquo;Euro U17 en Hongrie. Samedi soir, l&rsquo;\u00e9quipe de France U17 a valid\u00e9 son ticket pour le dernier carr\u00e9 de ce championnat d&rsquo;Europe, mais aussi pour la Coupe du monde U17 2023, en venant \u00e0 bout de l&rsquo;Angleterre au terme d&rsquo;un match tr\u00e8s serr\u00e9 (1-0). La d\u00e9cision s&rsquo;est fait en toute fin de match, gr\u00e2ce \u00e0 un penalty transform\u00e9 par Mathis Lambourde dans les derni\u00e8res minutes de la rencontre. <\/p>\n\n\n\n<p>Sa\u00efmon Bouabr\u00e9 a jou\u00e9 l&rsquo;int\u00e9gralit\u00e9 de cette partie, plac\u00e9 une nouvelle fois au c\u0153ur du jeu. Dan Sinat\u00e9 et Joan Tincres sont quant \u00e0 eux rest\u00e9s sur le banc des rempla\u00e7ants. Pour les Bleuets, cap d\u00e9sormais sur l&rsquo;Espagne, qui fait tomber l&rsquo;Irlande (3-0). La rencontre aura lieu mardi (21h) pour tenter d&rsquo;arracher une deuxi\u00e8me finale de suite.<\/p>\n","protected":false},"excerpt":{"rendered":"<p>Sa\u00efmon Bouabr\u00e9, Dan Sinat\u00e9 et Joan Tincres vont continuer leur aventure \u00e0 l&rsquo;Euro U17 en Hongrie. Samedi soir, l&rsquo;\u00e9quipe de France U17 a valid\u00e9 son ticket pour le dernier carr\u00e9 de ce championnat d&rsquo;Europe, mais aussi pour la Coupe du monde U17 2023, en venant \u00e0 bout de l&rsquo;Angleterre au terme d&rsquo;un match tr\u00e8s serr\u00e9 [&#8230;]\n","protected":false},"author":2,"featured_media":0,"comment_status":"open","ping_status":"open","sticky":false,"template":"","format":"standard","meta":[],"categories":[4,6],"tags":[76,86,525,71,205,413,116],"yoast_head":"<!-- This site is optimized with the Yoast SEO plugin v19.8 - https:\/\/yoast.com\/wordpress\/plugins\/seo\/ -->\n<title>Bouabr\u00e9, Sinat\u00e9 et Tincres en demi-finale de l&#039;Euro U17 - La Diagonale<\/title>\n<meta name=\"robots\" content=\"index, follow, max-snippet:-1, max-image-preview:large, max-video-preview:-1\" \/>\n<link rel=\"canonical\" href=\"https:\/\/www.ladiagonale.net\/index.php\/2023\/05\/28\/bouabre-sinate-et-tincres-en-demi-finale-de-leuro-u17\/\" \/>\n<meta property=\"og:locale\" content=\"fr_FR\" \/>\n<meta property=\"og:type\" content=\"article\" \/>\n<meta property=\"og:title\" content=\"Bouabr\u00e9, Sinat\u00e9 et Tincres en demi-finale de l&#039;Euro U17 - La Diagonale\" \/>\n<meta property=\"og:description\" content=\"Sa\u00efmon Bouabr\u00e9, Dan Sinat\u00e9 et Joan Tincres vont continuer leur aventure \u00e0 l&rsquo;Euro U17 en Hongrie. Samedi soir, l&rsquo;\u00e9quipe de France U17 a valid\u00e9 son ticket pour le dernier carr\u00e9 de ce championnat d&rsquo;Europe, mais aussi pour la Coupe du monde U17 2023, en venant \u00e0 bout de l&rsquo;Angleterre au terme d&rsquo;un match tr\u00e8s serr\u00e9 [...]\" \/>\n<meta property=\"og:url\" content=\"https:\/\/www.ladiagonale.net\/index.php\/2023\/05\/28\/bouabre-sinate-et-tincres-en-demi-finale-de-leuro-u17\/\" \/>\n<meta property=\"og:site_name\" content=\"La Diagonale\" \/>\n<meta property=\"article:published_time\" content=\"2023-05-28T12:51:17+00:00\" \/>\n<meta property=\"article:modified_time\" content=\"2023-05-28T12:51:20+00:00\" \/>\n<meta property=\"og:image\" content=\"https:\/\/www.ladiagonale.net\/wp-content\/uploads\/2023\/05\/bouabre\u03012.png\" \/>\n\t<meta property=\"og:image:width\" content=\"1160\" \/>\n\t<meta property=\"og:image:height\" content=\"650\" \/>\n\t<meta property=\"og:image:type\" content=\"image\/png\" \/>\n<meta name=\"author\" content=\"Damien Dellerba\" \/>\n<meta name=\"twitter:card\" content=\"summary_large_image\" \/>\n<meta name=\"twitter:image\" content=\"https:\/\/www.ladiagonale.net\/wp-content\/uploads\/2023\/05\/bouabre\u03012.png\" \/>\n<meta name=\"twitter:label1\" content=\"\u00c9crit par\" \/>\n\t<meta name=\"twitter:data1\" content=\"Damien Dellerba\" \/>\n\t<meta name=\"twitter:label2\" content=\"Dur\u00e9e de lecture estim\u00e9e\" \/>\n\t<meta name=\"twitter:data2\" content=\"1 minute\" \/>\n<script type=\"application\/ld+json\" class=\"yoast-schema-graph\">{\"@context\":\"https:\/\/schema.org\",\"@graph\":[{\"@type\":\"WebPage\",\"@id\":\"https:\/\/www.ladiagonale.net\/index.php\/2023\/05\/28\/bouabre-sinate-et-tincres-en-demi-finale-de-leuro-u17\/\",\"url\":\"https:\/\/www.ladiagonale.net\/index.php\/2023\/05\/28\/bouabre-sinate-et-tincres-en-demi-finale-de-leuro-u17\/\",\"name\":\"Bouabr\u00e9, Sinat\u00e9 et Tincres en demi-finale de l'Euro U17 - La Diagonale\",\"isPartOf\":{\"@id\":\"https:\/\/www.ladiagonale.net\/#website\"},\"datePublished\":\"2023-05-28T12:51:17+00:00\",\"dateModified\":\"2023-05-28T12:51:20+00:00\",\"author\":{\"@id\":\"https:\/\/www.ladiagonale.net\/#\/schema\/person\/79ff1e7b0853ed01b2aa26e64ad300bf\"},\"breadcrumb\":{\"@id\":\"https:\/\/www.ladiagonale.net\/index.php\/2023\/05\/28\/bouabre-sinate-et-tincres-en-demi-finale-de-leuro-u17\/#breadcrumb\"},\"inLanguage\":\"fr-FR\",\"potentialAction\":[{\"@type\":\"ReadAction\",\"target\":[\"https:\/\/www.ladiagonale.net\/index.php\/2023\/05\/28\/bouabre-sinate-et-tincres-en-demi-finale-de-leuro-u17\/\"]}]},{\"@type\":\"BreadcrumbList\",\"@id\":\"https:\/\/www.ladiagonale.net\/index.php\/2023\/05\/28\/bouabre-sinate-et-tincres-en-demi-finale-de-leuro-u17\/#breadcrumb\",\"itemListElement\":[{\"@type\":\"ListItem\",\"position\":1,\"name\":\"Accueil\",\"item\":\"https:\/\/www.ladiagonale.net\/\"},{\"@type\":\"ListItem\",\"position\":2,\"name\":\"Bouabr\u00e9, Sinat\u00e9 et Tincres en demi-finale de l&rsquo;Euro U17\"}]},{\"@type\":\"WebSite\",\"@id\":\"https:\/\/www.ladiagonale.net\/#website\",\"url\":\"https:\/\/www.ladiagonale.net\/\",\"name\":\"La Diagonale\",\"description\":\"Le site des supporters de l&#039;AS Monaco FC\",\"potentialAction\":[{\"@type\":\"SearchAction\",\"target\":{\"@type\":\"EntryPoint\",\"urlTemplate\":\"https:\/\/www.ladiagonale.net\/?s={search_term_string}\"},\"query-input\":\"required name=search_term_string\"}],\"inLanguage\":\"fr-FR\"},{\"@type\":\"Person\",\"@id\":\"https:\/\/www.ladiagonale.net\/#\/schema\/person\/79ff1e7b0853ed01b2aa26e64ad300bf\",\"name\":\"Damien Dellerba\",\"image\":{\"@type\":\"ImageObject\",\"inLanguage\":\"fr-FR\",\"@id\":\"https:\/\/www.ladiagonale.net\/#\/schema\/person\/image\/\",\"url\":\"https:\/\/secure.gravatar.com\/avatar\/c7850e06d3ff63cdbaee88b7fc16e2f0?s=96&d=mm&r=g\",\"contentUrl\":\"https:\/\/secure.gravatar.com\/avatar\/c7850e06d3ff63cdbaee88b7fc16e2f0?s=96&d=mm&r=g\",\"caption\":\"Damien Dellerba\"},\"url\":\"https:\/\/www.ladiagonale.net\/index.php\/author\/damien\/\"}]}<\/script>\n<!-- \/ Yoast SEO plugin. -->","yoast_head_json":{"title":"Bouabr\u00e9, Sinat\u00e9 et Tincres en demi-finale de l'Euro U17 - La Diagonale","robots":{"index":"index","follow":"follow","max-snippet":"max-snippet:-1","max-image-preview":"max-image-preview:large","max-video-preview":"max-video-preview:-1"},"canonical":"https:\/\/www.ladiagonale.net\/index.php\/2023\/05\/28\/bouabre-sinate-et-tincres-en-demi-finale-de-leuro-u17\/","og_locale":"fr_FR","og_type":"article","og_title":"Bouabr\u00e9, Sinat\u00e9 et Tincres en demi-finale de l'Euro U17 - La Diagonale","og_description":"Sa\u00efmon Bouabr\u00e9, Dan Sinat\u00e9 et Joan Tincres vont continuer leur aventure \u00e0 l&rsquo;Euro U17 en Hongrie. Samedi soir, l&rsquo;\u00e9quipe de France U17 a valid\u00e9 son ticket pour le dernier carr\u00e9 de ce championnat d&rsquo;Europe, mais aussi pour la Coupe du monde U17 2023, en venant \u00e0 bout de l&rsquo;Angleterre au terme d&rsquo;un match tr\u00e8s serr\u00e9 [...]","og_url":"https:\/\/www.ladiagonale.net\/index.php\/2023\/05\/28\/bouabre-sinate-et-tincres-en-demi-finale-de-leuro-u17\/","og_site_name":"La Diagonale","article_published_time":"2023-05-28T12:51:17+00:00","article_modified_time":"2023-05-28T12:51:20+00:00","og_image":[{"width":1160,"height":650,"url":"https:\/\/www.ladiagonale.net\/wp-content\/uploads\/2023\/05\/bouabre\u03012.png","type":"image\/png"}],"author":"Damien Dellerba","twitter_card":"summary_large_image","twitter_image":"https:\/\/www.ladiagonale.net\/wp-content\/uploads\/2023\/05\/bouabre\u03012.png","twitter_misc":{"\u00c9crit par":"Damien Dellerba","Dur\u00e9e de lecture estim\u00e9e":"1 minute"},"schema":{"@context":"https:\/\/schema.org","@graph":[{"@type":"WebPage","@id":"https:\/\/www.ladiagonale.net\/index.php\/2023\/05\/28\/bouabre-sinate-et-tincres-en-demi-finale-de-leuro-u17\/","url":"https:\/\/www.ladiagonale.net\/index.php\/2023\/05\/28\/bouabre-sinate-et-tincres-en-demi-finale-de-leuro-u17\/","name":"Bouabr\u00e9, Sinat\u00e9 et Tincres en demi-finale de l'Euro U17 - La Diagonale","isPartOf":{"@id":"https:\/\/www.ladiagonale.net\/#website"},"datePublished":"2023-05-28T12:51:17+00:00","dateModified":"2023-05-28T12:51:20+00:00","author":{"@id":"https:\/\/www.ladiagonale.net\/#\/schema\/person\/79ff1e7b0853ed01b2aa26e64ad300bf"},"breadcrumb":{"@id":"https:\/\/www.ladiagonale.net\/index.php\/2023\/05\/28\/bouabre-sinate-et-tincres-en-demi-finale-de-leuro-u17\/#breadcrumb"},"inLanguage":"fr-FR","potentialAction":[{"@type":"ReadAction","target":["https:\/\/www.ladiagonale.net\/index.php\/2023\/05\/28\/bouabre-sinate-et-tincres-en-demi-finale-de-leuro-u17\/"]}]},{"@type":"BreadcrumbList","@id":"https:\/\/www.ladiagonale.net\/index.php\/2023\/05\/28\/bouabre-sinate-et-tincres-en-demi-finale-de-leuro-u17\/#breadcrumb","itemListElement":[{"@type":"ListItem","position":1,"name":"Accueil","item":"https:\/\/www.ladiagonale.net\/"},{"@type":"ListItem","position":2,"name":"Bouabr\u00e9, Sinat\u00e9 et Tincres en demi-finale de l&rsquo;Euro U17"}]},{"@type":"WebSite","@id":"https:\/\/www.ladiagonale.net\/#website","url":"https:\/\/www.ladiagonale.net\/","name":"La Diagonale","description":"Le site des supporters de l&#039;AS Monaco FC","potentialAction":[{"@type":"SearchAction","target":{"@type":"EntryPoint","urlTemplate":"https:\/\/www.ladiagonale.net\/?s={search_term_string}"},"query-input":"required name=search_term_string"}],"inLanguage":"fr-FR"},{"@type":"Person","@id":"https:\/\/www.ladiagonale.net\/#\/schema\/person\/79ff1e7b0853ed01b2aa26e64ad300bf","name":"Damien Dellerba","image":{"@type":"ImageObject","inLanguage":"fr-FR","@id":"https:\/\/www.ladiagonale.net\/#\/schema\/person\/image\/","url":"https:\/\/secure.gravatar.com\/avatar\/c7850e06d3ff63cdbaee88b7fc16e2f0?s=96&d=mm&r=g","contentUrl":"https:\/\/secure.gravatar.com\/avatar\/c7850e06d3ff63cdbaee88b7fc16e2f0?s=96&d=mm&r=g","caption":"Damien Dellerba"},"url":"https:\/\/www.ladiagonale.net\/index.php\/author\/damien\/"}]}},"_links":{"self":[{"href":"https:\/\/www.ladiagonale.net\/index.php\/wp-json\/wp\/v2\/posts\/12909"}],"collection":[{"href":"https:\/\/www.ladiagonale.net\/index.php\/wp-json\/wp\/v2\/posts"}],"about":[{"href":"https:\/\/www.ladiagonale.net\/index.php\/wp-json\/wp\/v2\/types\/post"}],"author":[{"embeddable":true,"href":"https:\/\/www.ladiagonale.net\/index.php\/wp-json\/wp\/v2\/users\/2"}],"replies":[{"embeddable":true,"href":"https:\/\/www.ladiagonale.net\/index.php\/wp-json\/wp\/v2\/comments?post=12909"}],"version-history":[{"count":1,"href":"https:\/\/www.ladiagonale.net\/index.php\/wp-json\/wp\/v2\/posts\/12909\/revisions"}],"predecessor-version":[{"id":12912,"href":"https:\/\/www.ladiagonale.net\/index.php\/wp-json\/wp\/v2\/posts\/12909\/revisions\/12912"}],"wp:attachment":[{"href":"https:\/\/www.ladiagonale.net\/index.php\/wp-json\/wp\/v2\/media?parent=12909"}],"wp:term":[{"taxonomy":"category","embeddable":true,"href":"https:\/\/www.ladiagonale.net\/index.php\/wp-json\/wp\/v2\/categories?post=12909"},{"taxonomy":"post_tag","embeddable":true,"href":"https:\/\/www.ladiagonale.net\/index.php\/wp-json\/wp\/v2\/tags?post=12909"}],"curies":[{"name":"wp","href":"https:\/\/api.w.org\/{rel}","templated":true}]}}