{"id":12915,"date":"2023-05-28T22:17:47","date_gmt":"2023-05-28T20:17:47","guid":{"rendered":"https:\/\/www.ladiagonale.net\/?p=12915"},"modified":"2023-05-28T22:17:50","modified_gmt":"2023-05-28T20:17:50","slug":"pas-de-trophee-de-meilleur-espoir-pour-ben-seghir","status":"publish","type":"post","link":"https:\/\/www.ladiagonale.net\/index.php\/2023\/05\/28\/pas-de-trophee-de-meilleur-espoir-pour-ben-seghir\/","title":{"rendered":"Pas de troph\u00e9e de meilleur espoir pour Ben Seghir"},"content":{"rendered":"\n\n\n<p>La 31<sup>e<\/sup> c\u00e9r\u00e9monie des troph\u00e9es UNFP n&rsquo;a pas souri \u00e0 Eliesse Ben Seghir. Le jeune milieu offensif de l&rsquo;AS Monaco (18 ans) \u00e9tait nomm\u00e9 dans la cat\u00e9gorie de meilleur espoir du championnat de France mais n&rsquo;a pas \u00e9t\u00e9 \u00e9lu. C&rsquo;est le Parisien Nuno Mendes qui a r\u00e9colt\u00e9 ce prix qui r\u00e9compense les joueurs de moins de 21 ans. Ben Seghir, qui \u00e9tait pr\u00e9sent sur place au Pavillon Gabriel, \u00e0 Paris, \u00e9tait en lice face au Montpelli\u00e9rain Elye Wahi et aux deux Lyonnais Bradley Barcola et Rayan Cherki. <\/p>\n\n\n\n<p>Auteur de d\u00e9buts fracassants avec l&rsquo;AS Monaco en Ligue 1 le 28 d\u00e9cembre dernier, contre Auxerre, Eliesse Ben Seghir s&rsquo;est finalement r\u00e9v\u00e9l\u00e9 comme tr\u00e8s important tr\u00e8s rapidement dans le onze de Philippe Clement. Il a pris par \u00e0 18 rencontres de Ligue 1 cette saison.<\/p>\n","protected":false},"excerpt":{"rendered":"<p>La 31e c\u00e9r\u00e9monie des troph\u00e9es UNFP n&rsquo;a pas souri \u00e0 Eliesse Ben Seghir. Le jeune milieu offensif de l&rsquo;AS Monaco (18 ans) \u00e9tait nomm\u00e9 dans la cat\u00e9gorie de meilleur espoir du championnat de France mais n&rsquo;a pas \u00e9t\u00e9 \u00e9lu. C&rsquo;est le Parisien Nuno Mendes qui a r\u00e9colt\u00e9 ce prix qui r\u00e9compense les joueurs de moins [&#8230;]\n","protected":false},"author":2,"featured_media":0,"comment_status":"open","ping_status":"open","sticky":false,"template":"","format":"standard","meta":[],"categories":[6],"tags":[86,286,94,536,535],"yoast_head":"<!-- This site is optimized with the Yoast SEO plugin v19.8 - https:\/\/yoast.com\/wordpress\/plugins\/seo\/ -->\n<title>Pas de troph\u00e9e de meilleur espoir pour Ben Seghir - La Diagonale<\/title>\n<meta name=\"robots\" content=\"index, follow, max-snippet:-1, max-image-preview:large, max-video-preview:-1\" \/>\n<link rel=\"canonical\" href=\"https:\/\/www.ladiagonale.net\/index.php\/2023\/05\/28\/pas-de-trophee-de-meilleur-espoir-pour-ben-seghir\/\" \/>\n<meta property=\"og:locale\" content=\"fr_FR\" \/>\n<meta property=\"og:type\" content=\"article\" \/>\n<meta property=\"og:title\" content=\"Pas de troph\u00e9e de meilleur espoir pour Ben Seghir - La Diagonale\" \/>\n<meta property=\"og:description\" content=\"La 31e c\u00e9r\u00e9monie des troph\u00e9es UNFP n&rsquo;a pas souri \u00e0 Eliesse Ben Seghir. Le jeune milieu offensif de l&rsquo;AS Monaco (18 ans) \u00e9tait nomm\u00e9 dans la cat\u00e9gorie de meilleur espoir du championnat de France mais n&rsquo;a pas \u00e9t\u00e9 \u00e9lu. C&rsquo;est le Parisien Nuno Mendes qui a r\u00e9colt\u00e9 ce prix qui r\u00e9compense les joueurs de moins [...]\" \/>\n<meta property=\"og:url\" content=\"https:\/\/www.ladiagonale.net\/index.php\/2023\/05\/28\/pas-de-trophee-de-meilleur-espoir-pour-ben-seghir\/\" \/>\n<meta property=\"og:site_name\" content=\"La Diagonale\" \/>\n<meta property=\"article:published_time\" content=\"2023-05-28T20:17:47+00:00\" \/>\n<meta property=\"article:modified_time\" content=\"2023-05-28T20:17:50+00:00\" \/>\n<meta property=\"og:image\" content=\"https:\/\/www.ladiagonale.net\/wp-content\/uploads\/2023\/02\/ben-seghir.png\" \/>\n\t<meta property=\"og:image:width\" content=\"1160\" \/>\n\t<meta property=\"og:image:height\" content=\"650\" \/>\n\t<meta property=\"og:image:type\" content=\"image\/png\" \/>\n<meta name=\"author\" content=\"Damien Dellerba\" \/>\n<meta name=\"twitter:card\" content=\"summary_large_image\" \/>\n<meta name=\"twitter:image\" content=\"https:\/\/www.ladiagonale.net\/wp-content\/uploads\/2023\/02\/ben-seghir.png\" \/>\n<meta name=\"twitter:label1\" content=\"\u00c9crit par\" \/>\n\t<meta name=\"twitter:data1\" content=\"Damien Dellerba\" \/>\n\t<meta name=\"twitter:label2\" content=\"Dur\u00e9e de lecture estim\u00e9e\" \/>\n\t<meta name=\"twitter:data2\" content=\"1 minute\" \/>\n<script type=\"application\/ld+json\" class=\"yoast-schema-graph\">{\"@context\":\"https:\/\/schema.org\",\"@graph\":[{\"@type\":\"WebPage\",\"@id\":\"https:\/\/www.ladiagonale.net\/index.php\/2023\/05\/28\/pas-de-trophee-de-meilleur-espoir-pour-ben-seghir\/\",\"url\":\"https:\/\/www.ladiagonale.net\/index.php\/2023\/05\/28\/pas-de-trophee-de-meilleur-espoir-pour-ben-seghir\/\",\"name\":\"Pas de troph\u00e9e de meilleur espoir pour Ben Seghir - La Diagonale\",\"isPartOf\":{\"@id\":\"https:\/\/www.ladiagonale.net\/#website\"},\"datePublished\":\"2023-05-28T20:17:47+00:00\",\"dateModified\":\"2023-05-28T20:17:50+00:00\",\"author\":{\"@id\":\"https:\/\/www.ladiagonale.net\/#\/schema\/person\/79ff1e7b0853ed01b2aa26e64ad300bf\"},\"breadcrumb\":{\"@id\":\"https:\/\/www.ladiagonale.net\/index.php\/2023\/05\/28\/pas-de-trophee-de-meilleur-espoir-pour-ben-seghir\/#breadcrumb\"},\"inLanguage\":\"fr-FR\",\"potentialAction\":[{\"@type\":\"ReadAction\",\"target\":[\"https:\/\/www.ladiagonale.net\/index.php\/2023\/05\/28\/pas-de-trophee-de-meilleur-espoir-pour-ben-seghir\/\"]}]},{\"@type\":\"BreadcrumbList\",\"@id\":\"https:\/\/www.ladiagonale.net\/index.php\/2023\/05\/28\/pas-de-trophee-de-meilleur-espoir-pour-ben-seghir\/#breadcrumb\",\"itemListElement\":[{\"@type\":\"ListItem\",\"position\":1,\"name\":\"Accueil\",\"item\":\"https:\/\/www.ladiagonale.net\/\"},{\"@type\":\"ListItem\",\"position\":2,\"name\":\"Pas de troph\u00e9e de meilleur espoir pour Ben Seghir\"}]},{\"@type\":\"WebSite\",\"@id\":\"https:\/\/www.ladiagonale.net\/#website\",\"url\":\"https:\/\/www.ladiagonale.net\/\",\"name\":\"La Diagonale\",\"description\":\"Le site des supporters de l&#039;AS Monaco FC\",\"potentialAction\":[{\"@type\":\"SearchAction\",\"target\":{\"@type\":\"EntryPoint\",\"urlTemplate\":\"https:\/\/www.ladiagonale.net\/?s={search_term_string}\"},\"query-input\":\"required name=search_term_string\"}],\"inLanguage\":\"fr-FR\"},{\"@type\":\"Person\",\"@id\":\"https:\/\/www.ladiagonale.net\/#\/schema\/person\/79ff1e7b0853ed01b2aa26e64ad300bf\",\"name\":\"Damien Dellerba\",\"image\":{\"@type\":\"ImageObject\",\"inLanguage\":\"fr-FR\",\"@id\":\"https:\/\/www.ladiagonale.net\/#\/schema\/person\/image\/\",\"url\":\"https:\/\/secure.gravatar.com\/avatar\/c7850e06d3ff63cdbaee88b7fc16e2f0?s=96&d=mm&r=g\",\"contentUrl\":\"https:\/\/secure.gravatar.com\/avatar\/c7850e06d3ff63cdbaee88b7fc16e2f0?s=96&d=mm&r=g\",\"caption\":\"Damien Dellerba\"},\"url\":\"https:\/\/www.ladiagonale.net\/index.php\/author\/damien\/\"}]}<\/script>\n<!-- \/ Yoast SEO plugin. -->","yoast_head_json":{"title":"Pas de troph\u00e9e de meilleur espoir pour Ben Seghir - La Diagonale","robots":{"index":"index","follow":"follow","max-snippet":"max-snippet:-1","max-image-preview":"max-image-preview:large","max-video-preview":"max-video-preview:-1"},"canonical":"https:\/\/www.ladiagonale.net\/index.php\/2023\/05\/28\/pas-de-trophee-de-meilleur-espoir-pour-ben-seghir\/","og_locale":"fr_FR","og_type":"article","og_title":"Pas de troph\u00e9e de meilleur espoir pour Ben Seghir - La Diagonale","og_description":"La 31e c\u00e9r\u00e9monie des troph\u00e9es UNFP n&rsquo;a pas souri \u00e0 Eliesse Ben Seghir. Le jeune milieu offensif de l&rsquo;AS Monaco (18 ans) \u00e9tait nomm\u00e9 dans la cat\u00e9gorie de meilleur espoir du championnat de France mais n&rsquo;a pas \u00e9t\u00e9 \u00e9lu. C&rsquo;est le Parisien Nuno Mendes qui a r\u00e9colt\u00e9 ce prix qui r\u00e9compense les joueurs de moins [...]","og_url":"https:\/\/www.ladiagonale.net\/index.php\/2023\/05\/28\/pas-de-trophee-de-meilleur-espoir-pour-ben-seghir\/","og_site_name":"La Diagonale","article_published_time":"2023-05-28T20:17:47+00:00","article_modified_time":"2023-05-28T20:17:50+00:00","og_image":[{"width":1160,"height":650,"url":"https:\/\/www.ladiagonale.net\/wp-content\/uploads\/2023\/02\/ben-seghir.png","type":"image\/png"}],"author":"Damien Dellerba","twitter_card":"summary_large_image","twitter_image":"https:\/\/www.ladiagonale.net\/wp-content\/uploads\/2023\/02\/ben-seghir.png","twitter_misc":{"\u00c9crit par":"Damien Dellerba","Dur\u00e9e de lecture estim\u00e9e":"1 minute"},"schema":{"@context":"https:\/\/schema.org","@graph":[{"@type":"WebPage","@id":"https:\/\/www.ladiagonale.net\/index.php\/2023\/05\/28\/pas-de-trophee-de-meilleur-espoir-pour-ben-seghir\/","url":"https:\/\/www.ladiagonale.net\/index.php\/2023\/05\/28\/pas-de-trophee-de-meilleur-espoir-pour-ben-seghir\/","name":"Pas de troph\u00e9e de meilleur espoir pour Ben Seghir - La Diagonale","isPartOf":{"@id":"https:\/\/www.ladiagonale.net\/#website"},"datePublished":"2023-05-28T20:17:47+00:00","dateModified":"2023-05-28T20:17:50+00:00","author":{"@id":"https:\/\/www.ladiagonale.net\/#\/schema\/person\/79ff1e7b0853ed01b2aa26e64ad300bf"},"breadcrumb":{"@id":"https:\/\/www.ladiagonale.net\/index.php\/2023\/05\/28\/pas-de-trophee-de-meilleur-espoir-pour-ben-seghir\/#breadcrumb"},"inLanguage":"fr-FR","potentialAction":[{"@type":"ReadAction","target":["https:\/\/www.ladiagonale.net\/index.php\/2023\/05\/28\/pas-de-trophee-de-meilleur-espoir-pour-ben-seghir\/"]}]},{"@type":"BreadcrumbList","@id":"https:\/\/www.ladiagonale.net\/index.php\/2023\/05\/28\/pas-de-trophee-de-meilleur-espoir-pour-ben-seghir\/#breadcrumb","itemListElement":[{"@type":"ListItem","position":1,"name":"Accueil","item":"https:\/\/www.ladiagonale.net\/"},{"@type":"ListItem","position":2,"name":"Pas de troph\u00e9e de meilleur espoir pour Ben Seghir"}]},{"@type":"WebSite","@id":"https:\/\/www.ladiagonale.net\/#website","url":"https:\/\/www.ladiagonale.net\/","name":"La Diagonale","description":"Le site des supporters de l&#039;AS Monaco FC","potentialAction":[{"@type":"SearchAction","target":{"@type":"EntryPoint","urlTemplate":"https:\/\/www.ladiagonale.net\/?s={search_term_string}"},"query-input":"required name=search_term_string"}],"inLanguage":"fr-FR"},{"@type":"Person","@id":"https:\/\/www.ladiagonale.net\/#\/schema\/person\/79ff1e7b0853ed01b2aa26e64ad300bf","name":"Damien Dellerba","image":{"@type":"ImageObject","inLanguage":"fr-FR","@id":"https:\/\/www.ladiagonale.net\/#\/schema\/person\/image\/","url":"https:\/\/secure.gravatar.com\/avatar\/c7850e06d3ff63cdbaee88b7fc16e2f0?s=96&d=mm&r=g","contentUrl":"https:\/\/secure.gravatar.com\/avatar\/c7850e06d3ff63cdbaee88b7fc16e2f0?s=96&d=mm&r=g","caption":"Damien Dellerba"},"url":"https:\/\/www.ladiagonale.net\/index.php\/author\/damien\/"}]}},"_links":{"self":[{"href":"https:\/\/www.ladiagonale.net\/index.php\/wp-json\/wp\/v2\/posts\/12915"}],"collection":[{"href":"https:\/\/www.ladiagonale.net\/index.php\/wp-json\/wp\/v2\/posts"}],"about":[{"href":"https:\/\/www.ladiagonale.net\/index.php\/wp-json\/wp\/v2\/types\/post"}],"author":[{"embeddable":true,"href":"https:\/\/www.ladiagonale.net\/index.php\/wp-json\/wp\/v2\/users\/2"}],"replies":[{"embeddable":true,"href":"https:\/\/www.ladiagonale.net\/index.php\/wp-json\/wp\/v2\/comments?post=12915"}],"version-history":[{"count":1,"href":"https:\/\/www.ladiagonale.net\/index.php\/wp-json\/wp\/v2\/posts\/12915\/revisions"}],"predecessor-version":[{"id":12916,"href":"https:\/\/www.ladiagonale.net\/index.php\/wp-json\/wp\/v2\/posts\/12915\/revisions\/12916"}],"wp:attachment":[{"href":"https:\/\/www.ladiagonale.net\/index.php\/wp-json\/wp\/v2\/media?parent=12915"}],"wp:term":[{"taxonomy":"category","embeddable":true,"href":"https:\/\/www.ladiagonale.net\/index.php\/wp-json\/wp\/v2\/categories?post=12915"},{"taxonomy":"post_tag","embeddable":true,"href":"https:\/\/www.ladiagonale.net\/index.php\/wp-json\/wp\/v2\/tags?post=12915"}],"curies":[{"name":"wp","href":"https:\/\/api.w.org\/{rel}","templated":true}]}}