{"id":12917,"date":"2023-05-28T23:29:33","date_gmt":"2023-05-28T21:29:33","guid":{"rendered":"https:\/\/www.ladiagonale.net\/?p=12917"},"modified":"2023-05-28T23:29:36","modified_gmt":"2023-05-28T21:29:36","slug":"cabral-mokabakila-et-silvente-terminent-sur-une-defaite-avec-la-france-u16","status":"publish","type":"post","link":"https:\/\/www.ladiagonale.net\/index.php\/2023\/05\/28\/cabral-mokabakila-et-silvente-terminent-sur-une-defaite-avec-la-france-u16\/","title":{"rendered":"Cabral, Mokabakila et Silvente terminent sur une d\u00e9faite avec la France U16"},"content":{"rendered":"\n\n\n<p>Cette fois, c&rsquo;est la fin de la saison pour Pape Cabral, Joris Silvente et Nick Mokabakila. Les trois joueurs des U17 de l&rsquo;AS Monaco \u00e9taient sur le pont cette semaine avec l&rsquo;\u00e9quipe de France U16 et ont conclu leur rassemblement par un deuxi\u00e8me match amical contre l&rsquo;Allemagne. Apr\u00e8s le nul (2-2) acquis lors du premier match, <a href=\"https:\/\/www.ladiagonale.net\/index.php\/2023\/05\/25\/premier-but-en-bleu-pour-cabral\/\">o\u00f9 Cabral avait notamment marqu\u00e9<\/a>, les Bleuets se sont cette fois inclin\u00e9s (4-2).<\/p>\n\n\n\n<p>Les trois As\u00e9mistes ont \u00e9t\u00e9 sollicit\u00e9s et titularis\u00e9s par le s\u00e9lectionneur Jos\u00e9 Alcocer. Mokabakila et Silvente ont disput\u00e9 la rencontre en int\u00e9gralit\u00e9, tandis que Cabral a \u00e9t\u00e9 remplac\u00e9 \u00e0 la 78<sup>e<\/sup> minute de jeu.<\/p>\n","protected":false},"excerpt":{"rendered":"<p>Cette fois, c&rsquo;est la fin de la saison pour Pape Cabral, Joris Silvente et Nick Mokabakila. Les trois joueurs des U17 de l&rsquo;AS Monaco \u00e9taient sur le pont cette semaine avec l&rsquo;\u00e9quipe de France U16 et ont conclu leur rassemblement par un deuxi\u00e8me match amical contre l&rsquo;Allemagne. Apr\u00e8s le nul (2-2) acquis lors du premier [&#8230;]\n","protected":false},"author":2,"featured_media":0,"comment_status":"open","ping_status":"open","sticky":false,"template":"","format":"standard","meta":[],"categories":[6],"tags":[76,86,281,326,325,268,116],"yoast_head":"<!-- This site is optimized with the Yoast SEO plugin v19.8 - https:\/\/yoast.com\/wordpress\/plugins\/seo\/ -->\n<title>Cabral, Mokabakila et Silvente terminent sur une d\u00e9faite avec la France U16 - La Diagonale<\/title>\n<meta name=\"robots\" content=\"index, follow, max-snippet:-1, max-image-preview:large, max-video-preview:-1\" \/>\n<link rel=\"canonical\" href=\"https:\/\/www.ladiagonale.net\/index.php\/2023\/05\/28\/cabral-mokabakila-et-silvente-terminent-sur-une-defaite-avec-la-france-u16\/\" \/>\n<meta property=\"og:locale\" content=\"fr_FR\" \/>\n<meta property=\"og:type\" content=\"article\" \/>\n<meta property=\"og:title\" content=\"Cabral, Mokabakila et Silvente terminent sur une d\u00e9faite avec la France U16 - La Diagonale\" \/>\n<meta property=\"og:description\" content=\"Cette fois, c&rsquo;est la fin de la saison pour Pape Cabral, Joris Silvente et Nick Mokabakila. Les trois joueurs des U17 de l&rsquo;AS Monaco \u00e9taient sur le pont cette semaine avec l&rsquo;\u00e9quipe de France U16 et ont conclu leur rassemblement par un deuxi\u00e8me match amical contre l&rsquo;Allemagne. Apr\u00e8s le nul (2-2) acquis lors du premier [...]\" \/>\n<meta property=\"og:url\" content=\"https:\/\/www.ladiagonale.net\/index.php\/2023\/05\/28\/cabral-mokabakila-et-silvente-terminent-sur-une-defaite-avec-la-france-u16\/\" \/>\n<meta property=\"og:site_name\" content=\"La Diagonale\" \/>\n<meta property=\"article:published_time\" content=\"2023-05-28T21:29:33+00:00\" \/>\n<meta property=\"article:modified_time\" content=\"2023-05-28T21:29:36+00:00\" \/>\n<meta property=\"og:image\" content=\"https:\/\/www.ladiagonale.net\/wp-content\/uploads\/2023\/05\/cabral-france.png\" \/>\n\t<meta property=\"og:image:width\" content=\"1160\" \/>\n\t<meta property=\"og:image:height\" content=\"650\" \/>\n\t<meta property=\"og:image:type\" content=\"image\/png\" \/>\n<meta name=\"author\" content=\"Damien Dellerba\" \/>\n<meta name=\"twitter:card\" content=\"summary_large_image\" \/>\n<meta name=\"twitter:image\" content=\"https:\/\/www.ladiagonale.net\/wp-content\/uploads\/2023\/05\/cabral-france.png\" \/>\n<meta name=\"twitter:label1\" content=\"\u00c9crit par\" \/>\n\t<meta name=\"twitter:data1\" content=\"Damien Dellerba\" \/>\n\t<meta name=\"twitter:label2\" content=\"Dur\u00e9e de lecture estim\u00e9e\" \/>\n\t<meta name=\"twitter:data2\" content=\"1 minute\" \/>\n<script type=\"application\/ld+json\" class=\"yoast-schema-graph\">{\"@context\":\"https:\/\/schema.org\",\"@graph\":[{\"@type\":\"WebPage\",\"@id\":\"https:\/\/www.ladiagonale.net\/index.php\/2023\/05\/28\/cabral-mokabakila-et-silvente-terminent-sur-une-defaite-avec-la-france-u16\/\",\"url\":\"https:\/\/www.ladiagonale.net\/index.php\/2023\/05\/28\/cabral-mokabakila-et-silvente-terminent-sur-une-defaite-avec-la-france-u16\/\",\"name\":\"Cabral, Mokabakila et Silvente terminent sur une d\u00e9faite avec la France U16 - La Diagonale\",\"isPartOf\":{\"@id\":\"https:\/\/www.ladiagonale.net\/#website\"},\"datePublished\":\"2023-05-28T21:29:33+00:00\",\"dateModified\":\"2023-05-28T21:29:36+00:00\",\"author\":{\"@id\":\"https:\/\/www.ladiagonale.net\/#\/schema\/person\/79ff1e7b0853ed01b2aa26e64ad300bf\"},\"breadcrumb\":{\"@id\":\"https:\/\/www.ladiagonale.net\/index.php\/2023\/05\/28\/cabral-mokabakila-et-silvente-terminent-sur-une-defaite-avec-la-france-u16\/#breadcrumb\"},\"inLanguage\":\"fr-FR\",\"potentialAction\":[{\"@type\":\"ReadAction\",\"target\":[\"https:\/\/www.ladiagonale.net\/index.php\/2023\/05\/28\/cabral-mokabakila-et-silvente-terminent-sur-une-defaite-avec-la-france-u16\/\"]}]},{\"@type\":\"BreadcrumbList\",\"@id\":\"https:\/\/www.ladiagonale.net\/index.php\/2023\/05\/28\/cabral-mokabakila-et-silvente-terminent-sur-une-defaite-avec-la-france-u16\/#breadcrumb\",\"itemListElement\":[{\"@type\":\"ListItem\",\"position\":1,\"name\":\"Accueil\",\"item\":\"https:\/\/www.ladiagonale.net\/\"},{\"@type\":\"ListItem\",\"position\":2,\"name\":\"Cabral, Mokabakila et Silvente terminent sur une d\u00e9faite avec la France U16\"}]},{\"@type\":\"WebSite\",\"@id\":\"https:\/\/www.ladiagonale.net\/#website\",\"url\":\"https:\/\/www.ladiagonale.net\/\",\"name\":\"La Diagonale\",\"description\":\"Le site des supporters de l&#039;AS Monaco FC\",\"potentialAction\":[{\"@type\":\"SearchAction\",\"target\":{\"@type\":\"EntryPoint\",\"urlTemplate\":\"https:\/\/www.ladiagonale.net\/?s={search_term_string}\"},\"query-input\":\"required name=search_term_string\"}],\"inLanguage\":\"fr-FR\"},{\"@type\":\"Person\",\"@id\":\"https:\/\/www.ladiagonale.net\/#\/schema\/person\/79ff1e7b0853ed01b2aa26e64ad300bf\",\"name\":\"Damien Dellerba\",\"image\":{\"@type\":\"ImageObject\",\"inLanguage\":\"fr-FR\",\"@id\":\"https:\/\/www.ladiagonale.net\/#\/schema\/person\/image\/\",\"url\":\"https:\/\/secure.gravatar.com\/avatar\/c7850e06d3ff63cdbaee88b7fc16e2f0?s=96&d=mm&r=g\",\"contentUrl\":\"https:\/\/secure.gravatar.com\/avatar\/c7850e06d3ff63cdbaee88b7fc16e2f0?s=96&d=mm&r=g\",\"caption\":\"Damien Dellerba\"},\"url\":\"https:\/\/www.ladiagonale.net\/index.php\/author\/damien\/\"}]}<\/script>\n<!-- \/ Yoast SEO plugin. -->","yoast_head_json":{"title":"Cabral, Mokabakila et Silvente terminent sur une d\u00e9faite avec la France U16 - La Diagonale","robots":{"index":"index","follow":"follow","max-snippet":"max-snippet:-1","max-image-preview":"max-image-preview:large","max-video-preview":"max-video-preview:-1"},"canonical":"https:\/\/www.ladiagonale.net\/index.php\/2023\/05\/28\/cabral-mokabakila-et-silvente-terminent-sur-une-defaite-avec-la-france-u16\/","og_locale":"fr_FR","og_type":"article","og_title":"Cabral, Mokabakila et Silvente terminent sur une d\u00e9faite avec la France U16 - La Diagonale","og_description":"Cette fois, c&rsquo;est la fin de la saison pour Pape Cabral, Joris Silvente et Nick Mokabakila. Les trois joueurs des U17 de l&rsquo;AS Monaco \u00e9taient sur le pont cette semaine avec l&rsquo;\u00e9quipe de France U16 et ont conclu leur rassemblement par un deuxi\u00e8me match amical contre l&rsquo;Allemagne. Apr\u00e8s le nul (2-2) acquis lors du premier [...]","og_url":"https:\/\/www.ladiagonale.net\/index.php\/2023\/05\/28\/cabral-mokabakila-et-silvente-terminent-sur-une-defaite-avec-la-france-u16\/","og_site_name":"La Diagonale","article_published_time":"2023-05-28T21:29:33+00:00","article_modified_time":"2023-05-28T21:29:36+00:00","og_image":[{"width":1160,"height":650,"url":"https:\/\/www.ladiagonale.net\/wp-content\/uploads\/2023\/05\/cabral-france.png","type":"image\/png"}],"author":"Damien Dellerba","twitter_card":"summary_large_image","twitter_image":"https:\/\/www.ladiagonale.net\/wp-content\/uploads\/2023\/05\/cabral-france.png","twitter_misc":{"\u00c9crit par":"Damien Dellerba","Dur\u00e9e de lecture estim\u00e9e":"1 minute"},"schema":{"@context":"https:\/\/schema.org","@graph":[{"@type":"WebPage","@id":"https:\/\/www.ladiagonale.net\/index.php\/2023\/05\/28\/cabral-mokabakila-et-silvente-terminent-sur-une-defaite-avec-la-france-u16\/","url":"https:\/\/www.ladiagonale.net\/index.php\/2023\/05\/28\/cabral-mokabakila-et-silvente-terminent-sur-une-defaite-avec-la-france-u16\/","name":"Cabral, Mokabakila et Silvente terminent sur une d\u00e9faite avec la France U16 - La Diagonale","isPartOf":{"@id":"https:\/\/www.ladiagonale.net\/#website"},"datePublished":"2023-05-28T21:29:33+00:00","dateModified":"2023-05-28T21:29:36+00:00","author":{"@id":"https:\/\/www.ladiagonale.net\/#\/schema\/person\/79ff1e7b0853ed01b2aa26e64ad300bf"},"breadcrumb":{"@id":"https:\/\/www.ladiagonale.net\/index.php\/2023\/05\/28\/cabral-mokabakila-et-silvente-terminent-sur-une-defaite-avec-la-france-u16\/#breadcrumb"},"inLanguage":"fr-FR","potentialAction":[{"@type":"ReadAction","target":["https:\/\/www.ladiagonale.net\/index.php\/2023\/05\/28\/cabral-mokabakila-et-silvente-terminent-sur-une-defaite-avec-la-france-u16\/"]}]},{"@type":"BreadcrumbList","@id":"https:\/\/www.ladiagonale.net\/index.php\/2023\/05\/28\/cabral-mokabakila-et-silvente-terminent-sur-une-defaite-avec-la-france-u16\/#breadcrumb","itemListElement":[{"@type":"ListItem","position":1,"name":"Accueil","item":"https:\/\/www.ladiagonale.net\/"},{"@type":"ListItem","position":2,"name":"Cabral, Mokabakila et Silvente terminent sur une d\u00e9faite avec la France U16"}]},{"@type":"WebSite","@id":"https:\/\/www.ladiagonale.net\/#website","url":"https:\/\/www.ladiagonale.net\/","name":"La Diagonale","description":"Le site des supporters de l&#039;AS Monaco FC","potentialAction":[{"@type":"SearchAction","target":{"@type":"EntryPoint","urlTemplate":"https:\/\/www.ladiagonale.net\/?s={search_term_string}"},"query-input":"required name=search_term_string"}],"inLanguage":"fr-FR"},{"@type":"Person","@id":"https:\/\/www.ladiagonale.net\/#\/schema\/person\/79ff1e7b0853ed01b2aa26e64ad300bf","name":"Damien Dellerba","image":{"@type":"ImageObject","inLanguage":"fr-FR","@id":"https:\/\/www.ladiagonale.net\/#\/schema\/person\/image\/","url":"https:\/\/secure.gravatar.com\/avatar\/c7850e06d3ff63cdbaee88b7fc16e2f0?s=96&d=mm&r=g","contentUrl":"https:\/\/secure.gravatar.com\/avatar\/c7850e06d3ff63cdbaee88b7fc16e2f0?s=96&d=mm&r=g","caption":"Damien Dellerba"},"url":"https:\/\/www.ladiagonale.net\/index.php\/author\/damien\/"}]}},"_links":{"self":[{"href":"https:\/\/www.ladiagonale.net\/index.php\/wp-json\/wp\/v2\/posts\/12917"}],"collection":[{"href":"https:\/\/www.ladiagonale.net\/index.php\/wp-json\/wp\/v2\/posts"}],"about":[{"href":"https:\/\/www.ladiagonale.net\/index.php\/wp-json\/wp\/v2\/types\/post"}],"author":[{"embeddable":true,"href":"https:\/\/www.ladiagonale.net\/index.php\/wp-json\/wp\/v2\/users\/2"}],"replies":[{"embeddable":true,"href":"https:\/\/www.ladiagonale.net\/index.php\/wp-json\/wp\/v2\/comments?post=12917"}],"version-history":[{"count":1,"href":"https:\/\/www.ladiagonale.net\/index.php\/wp-json\/wp\/v2\/posts\/12917\/revisions"}],"predecessor-version":[{"id":12918,"href":"https:\/\/www.ladiagonale.net\/index.php\/wp-json\/wp\/v2\/posts\/12917\/revisions\/12918"}],"wp:attachment":[{"href":"https:\/\/www.ladiagonale.net\/index.php\/wp-json\/wp\/v2\/media?parent=12917"}],"wp:term":[{"taxonomy":"category","embeddable":true,"href":"https:\/\/www.ladiagonale.net\/index.php\/wp-json\/wp\/v2\/categories?post=12917"},{"taxonomy":"post_tag","embeddable":true,"href":"https:\/\/www.ladiagonale.net\/index.php\/wp-json\/wp\/v2\/tags?post=12917"}],"curies":[{"name":"wp","href":"https:\/\/api.w.org\/{rel}","templated":true}]}}