{"id":12924,"date":"2023-05-29T07:13:00","date_gmt":"2023-05-29T05:13:00","guid":{"rendered":"https:\/\/www.ladiagonale.net\/?p=12924"},"modified":"2023-05-29T03:26:25","modified_gmt":"2023-05-29T01:26:25","slug":"lelimination-de-la-france-du-mondial-u20-profite-a-la-tunisie-de-yacoub","status":"publish","type":"post","link":"https:\/\/www.ladiagonale.net\/index.php\/2023\/05\/29\/lelimination-de-la-france-du-mondial-u20-profite-a-la-tunisie-de-yacoub\/","title":{"rendered":"L&rsquo;\u00e9limination de la France au Mondial U20 profite \u00e0 la Tunisie de Yacoub"},"content":{"rendered":"\n\n\n<p>C&rsquo;est une grosse d\u00e9sillusion pour l&rsquo;\u00e9quipe de France, qui a \u00e9t\u00e9 \u00e9limin\u00e9e de la Coupe du Monde U20. Apr\u00e8s deux d\u00e9faites contre la Cor\u00e9e du Nord (2-1) et contre la Gambie sur le m\u00eame score, les Mon\u00e9gasques Soungoutou Magassa, Jordan Semedo Varela, Yann Lienard et Malamine Efekele vont rentrer au pays plus t\u00f4t que pr\u00e9vu. Pour esp\u00e9rer continuer leur aventure dans ce mondial argentin, les Bleuets devaient battre le Honduras avec trois buts d&rsquo;\u00e9cart, afin de faire partie des quatre meilleurs troisi\u00e8mes, mais ils n&rsquo;y sont pas parvenus (3-1).<\/p>\n\n\n\n<p>Soungoutou Magassa et Jordan Semedo Varela ont disput\u00e9 l&rsquo;int\u00e9gralit\u00e9 de la rencontre et ont livr\u00e9 une bonne prestation, alors que Lienard et Efekele ne sont pas entr\u00e9s en jeu. Les choses ont pourtant tr\u00e8s mal d\u00e9but\u00e9 pour les hommes de Landry Chauvin, puisque apr\u00e8s seulement un quart d&rsquo;heure de jeu, la France s&rsquo;est retrouv\u00e9e \u00e0 10 et men\u00e9e coup sur coup, ce qui a oblig\u00e9 Magassa \u00e0 \u00e9voluer \u00e0 un poste inhabituel de d\u00e9fenseur central pour compenser la sortie pr\u00e9matur\u00e9e d&rsquo;Ousmane Camara. Le joueur de l&rsquo;AS Monaco s&rsquo;en est toutefois bien tir\u00e9, avec des interventions tranchantes, m\u00eame s&rsquo;il a \u00e9t\u00e9 averti (75<sup>e<\/sup>).<\/p>\n\n\n\n<p>Le jeune milieu de terrain de 19 ans a m\u00eame eu le but de la qualification au bout du pied, apr\u00e8s avoir remont\u00e9 tout le terrain, mais a vu son tir \u00e9chouer \u00e0 gauche du but hondurien (89<sup>e<\/sup>). Semedo Varela a lui \u00e9t\u00e9 d\u00e9cisif, avec un coup franc d\u00e9pos\u00e9 sur la t\u00eate de Nzouango pour le troisi\u00e8me but (77<sup>e<\/sup>). Le lat\u00e9ral gauche a fini tr\u00e8s fort la rencontre avec une lourde frappe d\u00e9tourn\u00e9e par le gardien adverse (88<sup>e<\/sup>), puis a failli faire mouche \u00e0 nouveau sur un coup franc situ\u00e9 au m\u00eame endroit que son pr\u00e9c\u00e9dent, mais la t\u00eate du Lyonnais Sekou Lega a frapp\u00e9 le poteau (90<sup>e<\/sup>+1). <\/p>\n\n\n\n<figure class=\"wp-block-embed is-type-rich is-provider-twitter wp-block-embed-twitter\"><div class=\"wp-block-embed__wrapper\">\n<blockquote class=\"twitter-tweet\" data-width=\"550\" data-dnt=\"true\"><p lang=\"fr\" dir=\"ltr\">\ud83c\uddeb\ud83c\uddf7 Allez ! Il ne manque plus qu&#39;un but \u00e0 la France pour s&#39;offrir un 1\/8e de finale de la Coupe du monde U20 face au Br\u00e9sil ! <a href=\"https:\/\/twitter.com\/hashtag\/lequipeFOOT?src=hash&amp;ref_src=twsrc%5Etfw\">#lequipeFOOT<\/a> <br><br>Suivez la fin du match en direct : <a href=\"https:\/\/t.co\/ejCAlDkSw3\">https:\/\/t.co\/ejCAlDkSw3<\/a> <a href=\"https:\/\/t.co\/ljO3GrdyTl\">pic.twitter.com\/ljO3GrdyTl<\/a><\/p>&mdash; L&#39;\u00c9QUIPE (@lequipe) <a href=\"https:\/\/twitter.com\/lequipe\/status\/1662952372107198464?ref_src=twsrc%5Etfw\">May 28, 2023<\/a><\/blockquote><script async src=\"https:\/\/platform.twitter.com\/widgets.js\" charset=\"utf-8\"><\/script>\n<\/div><figcaption>La passe d\u00e9cisive de Jordan Semedo Varela pour Nzouango<\/figcaption><\/figure>\n\n\n\n<p>L&rsquo;\u00e9limination de l&rsquo;\u00e9quipe de France profite donc \u00e0 la Tunisie de Bechir Yacoub, qui passe donc de justesse. Les Aiglons se sont inclin\u00e9s contre l&rsquo;Uruguay (1-0), sur un p\u00e9nalty dans le temps additionnel de la rencontre (90<sup>e<\/sup>+3). Yacoub, d\u00e9cevant sur les deux premi\u00e8res rencontres, n&rsquo;a pas \u00e9t\u00e9 utilis\u00e9 par son entra\u00eeneur pour ce match d\u00e9cisif, mais il aura sans doute l&rsquo;occasion de se rattraper en huiti\u00e8mes de finale contre le Br\u00e9sil, mercredi (19h30).<\/p>\n","protected":false},"excerpt":{"rendered":"<p>C&rsquo;est une grosse d\u00e9sillusion pour l&rsquo;\u00e9quipe de France, qui a \u00e9t\u00e9 \u00e9limin\u00e9e de la Coupe du Monde U20. Apr\u00e8s deux d\u00e9faites contre la Cor\u00e9e du Nord (2-1) et contre la Gambie sur le m\u00eame score, les Mon\u00e9gasques Soungoutou Magassa, Jordan Semedo Varela, Yann Lienard et Malamine Efekele vont rentrer au pays plus t\u00f4t que pr\u00e9vu. [&#8230;]\n","protected":false},"author":2,"featured_media":0,"comment_status":"open","ping_status":"open","sticky":false,"template":"","format":"standard","meta":[],"categories":[6],"tags":[86,527,71,457,445,116,147,122,146],"yoast_head":"<!-- This site is optimized with the Yoast SEO plugin v19.8 - https:\/\/yoast.com\/wordpress\/plugins\/seo\/ -->\n<title>L&#039;\u00e9limination de la France au Mondial U20 profite \u00e0 la Tunisie de Yacoub - La Diagonale<\/title>\n<meta name=\"robots\" content=\"index, follow, max-snippet:-1, max-image-preview:large, max-video-preview:-1\" \/>\n<link rel=\"canonical\" href=\"https:\/\/www.ladiagonale.net\/index.php\/2023\/05\/29\/lelimination-de-la-france-du-mondial-u20-profite-a-la-tunisie-de-yacoub\/\" \/>\n<meta property=\"og:locale\" content=\"fr_FR\" \/>\n<meta property=\"og:type\" content=\"article\" \/>\n<meta property=\"og:title\" content=\"L&#039;\u00e9limination de la France au Mondial U20 profite \u00e0 la Tunisie de Yacoub - La Diagonale\" \/>\n<meta property=\"og:description\" content=\"C&rsquo;est une grosse d\u00e9sillusion pour l&rsquo;\u00e9quipe de France, qui a \u00e9t\u00e9 \u00e9limin\u00e9e de la Coupe du Monde U20. Apr\u00e8s deux d\u00e9faites contre la Cor\u00e9e du Nord (2-1) et contre la Gambie sur le m\u00eame score, les Mon\u00e9gasques Soungoutou Magassa, Jordan Semedo Varela, Yann Lienard et Malamine Efekele vont rentrer au pays plus t\u00f4t que pr\u00e9vu. [...]\" \/>\n<meta property=\"og:url\" content=\"https:\/\/www.ladiagonale.net\/index.php\/2023\/05\/29\/lelimination-de-la-france-du-mondial-u20-profite-a-la-tunisie-de-yacoub\/\" \/>\n<meta property=\"og:site_name\" content=\"La Diagonale\" \/>\n<meta property=\"article:published_time\" content=\"2023-05-29T05:13:00+00:00\" \/>\n<meta property=\"article:modified_time\" content=\"2023-05-29T01:26:25+00:00\" \/>\n<meta property=\"og:image\" content=\"https:\/\/www.ladiagonale.net\/wp-content\/uploads\/2022\/11\/semedo-france.png\" \/>\n\t<meta property=\"og:image:width\" content=\"1160\" \/>\n\t<meta property=\"og:image:height\" content=\"650\" \/>\n\t<meta property=\"og:image:type\" content=\"image\/png\" \/>\n<meta name=\"author\" content=\"Damien Dellerba\" \/>\n<meta name=\"twitter:card\" content=\"summary_large_image\" \/>\n<meta name=\"twitter:image\" content=\"https:\/\/www.ladiagonale.net\/wp-content\/uploads\/2022\/11\/semedo-france.png\" \/>\n<meta name=\"twitter:label1\" content=\"\u00c9crit par\" \/>\n\t<meta name=\"twitter:data1\" content=\"Damien Dellerba\" \/>\n\t<meta name=\"twitter:label2\" content=\"Dur\u00e9e de lecture estim\u00e9e\" \/>\n\t<meta name=\"twitter:data2\" content=\"2 minutes\" \/>\n<script type=\"application\/ld+json\" class=\"yoast-schema-graph\">{\"@context\":\"https:\/\/schema.org\",\"@graph\":[{\"@type\":\"WebPage\",\"@id\":\"https:\/\/www.ladiagonale.net\/index.php\/2023\/05\/29\/lelimination-de-la-france-du-mondial-u20-profite-a-la-tunisie-de-yacoub\/\",\"url\":\"https:\/\/www.ladiagonale.net\/index.php\/2023\/05\/29\/lelimination-de-la-france-du-mondial-u20-profite-a-la-tunisie-de-yacoub\/\",\"name\":\"L'\u00e9limination de la France au Mondial U20 profite \u00e0 la Tunisie de Yacoub - La Diagonale\",\"isPartOf\":{\"@id\":\"https:\/\/www.ladiagonale.net\/#website\"},\"datePublished\":\"2023-05-29T05:13:00+00:00\",\"dateModified\":\"2023-05-29T01:26:25+00:00\",\"author\":{\"@id\":\"https:\/\/www.ladiagonale.net\/#\/schema\/person\/79ff1e7b0853ed01b2aa26e64ad300bf\"},\"breadcrumb\":{\"@id\":\"https:\/\/www.ladiagonale.net\/index.php\/2023\/05\/29\/lelimination-de-la-france-du-mondial-u20-profite-a-la-tunisie-de-yacoub\/#breadcrumb\"},\"inLanguage\":\"fr-FR\",\"potentialAction\":[{\"@type\":\"ReadAction\",\"target\":[\"https:\/\/www.ladiagonale.net\/index.php\/2023\/05\/29\/lelimination-de-la-france-du-mondial-u20-profite-a-la-tunisie-de-yacoub\/\"]}]},{\"@type\":\"BreadcrumbList\",\"@id\":\"https:\/\/www.ladiagonale.net\/index.php\/2023\/05\/29\/lelimination-de-la-france-du-mondial-u20-profite-a-la-tunisie-de-yacoub\/#breadcrumb\",\"itemListElement\":[{\"@type\":\"ListItem\",\"position\":1,\"name\":\"Accueil\",\"item\":\"https:\/\/www.ladiagonale.net\/\"},{\"@type\":\"ListItem\",\"position\":2,\"name\":\"L&rsquo;\u00e9limination de la France au Mondial U20 profite \u00e0 la Tunisie de Yacoub\"}]},{\"@type\":\"WebSite\",\"@id\":\"https:\/\/www.ladiagonale.net\/#website\",\"url\":\"https:\/\/www.ladiagonale.net\/\",\"name\":\"La Diagonale\",\"description\":\"Le site des supporters de l&#039;AS Monaco FC\",\"potentialAction\":[{\"@type\":\"SearchAction\",\"target\":{\"@type\":\"EntryPoint\",\"urlTemplate\":\"https:\/\/www.ladiagonale.net\/?s={search_term_string}\"},\"query-input\":\"required name=search_term_string\"}],\"inLanguage\":\"fr-FR\"},{\"@type\":\"Person\",\"@id\":\"https:\/\/www.ladiagonale.net\/#\/schema\/person\/79ff1e7b0853ed01b2aa26e64ad300bf\",\"name\":\"Damien Dellerba\",\"image\":{\"@type\":\"ImageObject\",\"inLanguage\":\"fr-FR\",\"@id\":\"https:\/\/www.ladiagonale.net\/#\/schema\/person\/image\/\",\"url\":\"https:\/\/secure.gravatar.com\/avatar\/c7850e06d3ff63cdbaee88b7fc16e2f0?s=96&d=mm&r=g\",\"contentUrl\":\"https:\/\/secure.gravatar.com\/avatar\/c7850e06d3ff63cdbaee88b7fc16e2f0?s=96&d=mm&r=g\",\"caption\":\"Damien Dellerba\"},\"url\":\"https:\/\/www.ladiagonale.net\/index.php\/author\/damien\/\"}]}<\/script>\n<!-- \/ Yoast SEO plugin. -->","yoast_head_json":{"title":"L'\u00e9limination de la France au Mondial U20 profite \u00e0 la Tunisie de Yacoub - La Diagonale","robots":{"index":"index","follow":"follow","max-snippet":"max-snippet:-1","max-image-preview":"max-image-preview:large","max-video-preview":"max-video-preview:-1"},"canonical":"https:\/\/www.ladiagonale.net\/index.php\/2023\/05\/29\/lelimination-de-la-france-du-mondial-u20-profite-a-la-tunisie-de-yacoub\/","og_locale":"fr_FR","og_type":"article","og_title":"L'\u00e9limination de la France au Mondial U20 profite \u00e0 la Tunisie de Yacoub - La Diagonale","og_description":"C&rsquo;est une grosse d\u00e9sillusion pour l&rsquo;\u00e9quipe de France, qui a \u00e9t\u00e9 \u00e9limin\u00e9e de la Coupe du Monde U20. Apr\u00e8s deux d\u00e9faites contre la Cor\u00e9e du Nord (2-1) et contre la Gambie sur le m\u00eame score, les Mon\u00e9gasques Soungoutou Magassa, Jordan Semedo Varela, Yann Lienard et Malamine Efekele vont rentrer au pays plus t\u00f4t que pr\u00e9vu. [...]","og_url":"https:\/\/www.ladiagonale.net\/index.php\/2023\/05\/29\/lelimination-de-la-france-du-mondial-u20-profite-a-la-tunisie-de-yacoub\/","og_site_name":"La Diagonale","article_published_time":"2023-05-29T05:13:00+00:00","article_modified_time":"2023-05-29T01:26:25+00:00","og_image":[{"width":1160,"height":650,"url":"https:\/\/www.ladiagonale.net\/wp-content\/uploads\/2022\/11\/semedo-france.png","type":"image\/png"}],"author":"Damien Dellerba","twitter_card":"summary_large_image","twitter_image":"https:\/\/www.ladiagonale.net\/wp-content\/uploads\/2022\/11\/semedo-france.png","twitter_misc":{"\u00c9crit par":"Damien Dellerba","Dur\u00e9e de lecture estim\u00e9e":"2 minutes"},"schema":{"@context":"https:\/\/schema.org","@graph":[{"@type":"WebPage","@id":"https:\/\/www.ladiagonale.net\/index.php\/2023\/05\/29\/lelimination-de-la-france-du-mondial-u20-profite-a-la-tunisie-de-yacoub\/","url":"https:\/\/www.ladiagonale.net\/index.php\/2023\/05\/29\/lelimination-de-la-france-du-mondial-u20-profite-a-la-tunisie-de-yacoub\/","name":"L'\u00e9limination de la France au Mondial U20 profite \u00e0 la Tunisie de Yacoub - La Diagonale","isPartOf":{"@id":"https:\/\/www.ladiagonale.net\/#website"},"datePublished":"2023-05-29T05:13:00+00:00","dateModified":"2023-05-29T01:26:25+00:00","author":{"@id":"https:\/\/www.ladiagonale.net\/#\/schema\/person\/79ff1e7b0853ed01b2aa26e64ad300bf"},"breadcrumb":{"@id":"https:\/\/www.ladiagonale.net\/index.php\/2023\/05\/29\/lelimination-de-la-france-du-mondial-u20-profite-a-la-tunisie-de-yacoub\/#breadcrumb"},"inLanguage":"fr-FR","potentialAction":[{"@type":"ReadAction","target":["https:\/\/www.ladiagonale.net\/index.php\/2023\/05\/29\/lelimination-de-la-france-du-mondial-u20-profite-a-la-tunisie-de-yacoub\/"]}]},{"@type":"BreadcrumbList","@id":"https:\/\/www.ladiagonale.net\/index.php\/2023\/05\/29\/lelimination-de-la-france-du-mondial-u20-profite-a-la-tunisie-de-yacoub\/#breadcrumb","itemListElement":[{"@type":"ListItem","position":1,"name":"Accueil","item":"https:\/\/www.ladiagonale.net\/"},{"@type":"ListItem","position":2,"name":"L&rsquo;\u00e9limination de la France au Mondial U20 profite \u00e0 la Tunisie de Yacoub"}]},{"@type":"WebSite","@id":"https:\/\/www.ladiagonale.net\/#website","url":"https:\/\/www.ladiagonale.net\/","name":"La Diagonale","description":"Le site des supporters de l&#039;AS Monaco FC","potentialAction":[{"@type":"SearchAction","target":{"@type":"EntryPoint","urlTemplate":"https:\/\/www.ladiagonale.net\/?s={search_term_string}"},"query-input":"required name=search_term_string"}],"inLanguage":"fr-FR"},{"@type":"Person","@id":"https:\/\/www.ladiagonale.net\/#\/schema\/person\/79ff1e7b0853ed01b2aa26e64ad300bf","name":"Damien Dellerba","image":{"@type":"ImageObject","inLanguage":"fr-FR","@id":"https:\/\/www.ladiagonale.net\/#\/schema\/person\/image\/","url":"https:\/\/secure.gravatar.com\/avatar\/c7850e06d3ff63cdbaee88b7fc16e2f0?s=96&d=mm&r=g","contentUrl":"https:\/\/secure.gravatar.com\/avatar\/c7850e06d3ff63cdbaee88b7fc16e2f0?s=96&d=mm&r=g","caption":"Damien Dellerba"},"url":"https:\/\/www.ladiagonale.net\/index.php\/author\/damien\/"}]}},"_links":{"self":[{"href":"https:\/\/www.ladiagonale.net\/index.php\/wp-json\/wp\/v2\/posts\/12924"}],"collection":[{"href":"https:\/\/www.ladiagonale.net\/index.php\/wp-json\/wp\/v2\/posts"}],"about":[{"href":"https:\/\/www.ladiagonale.net\/index.php\/wp-json\/wp\/v2\/types\/post"}],"author":[{"embeddable":true,"href":"https:\/\/www.ladiagonale.net\/index.php\/wp-json\/wp\/v2\/users\/2"}],"replies":[{"embeddable":true,"href":"https:\/\/www.ladiagonale.net\/index.php\/wp-json\/wp\/v2\/comments?post=12924"}],"version-history":[{"count":5,"href":"https:\/\/www.ladiagonale.net\/index.php\/wp-json\/wp\/v2\/posts\/12924\/revisions"}],"predecessor-version":[{"id":12931,"href":"https:\/\/www.ladiagonale.net\/index.php\/wp-json\/wp\/v2\/posts\/12924\/revisions\/12931"}],"wp:attachment":[{"href":"https:\/\/www.ladiagonale.net\/index.php\/wp-json\/wp\/v2\/media?parent=12924"}],"wp:term":[{"taxonomy":"category","embeddable":true,"href":"https:\/\/www.ladiagonale.net\/index.php\/wp-json\/wp\/v2\/categories?post=12924"},{"taxonomy":"post_tag","embeddable":true,"href":"https:\/\/www.ladiagonale.net\/index.php\/wp-json\/wp\/v2\/tags?post=12924"}],"curies":[{"name":"wp","href":"https:\/\/api.w.org\/{rel}","templated":true}]}}