{"id":12932,"date":"2023-05-29T19:10:06","date_gmt":"2023-05-29T17:10:06","guid":{"rendered":"https:\/\/www.ladiagonale.net\/?p=12932"},"modified":"2023-05-29T19:10:10","modified_gmt":"2023-05-29T17:10:10","slug":"marsch-serait-egalement-dans-le-viseur-de-monaco","status":"publish","type":"post","link":"https:\/\/www.ladiagonale.net\/index.php\/2023\/05\/29\/marsch-serait-egalement-dans-le-viseur-de-monaco\/","title":{"rendered":"Marsch serait \u00e9galement dans le viseur de Monaco"},"content":{"rendered":"\n\n\n<p>Alors que la saison touche \u00e0 sa fin, les rumeurs concernant de potentiels rempla\u00e7ants de Philippe Clement se font de plus en plus insistantes. Apr\u00e8s <a href=\"https:\/\/www.ladiagonale.net\/index.php\/2023\/05\/25\/monaco-penserait-a-jaissle-pour-remplacer-clement\/\">celle menant \u00e0 Matthias Jaissle<\/a>, double champion d&rsquo;Autriche avec le Red Bull Salzbourg, ou <a href=\"https:\/\/www.ladiagonale.net\/index.php\/2023\/05\/29\/monaco-apprecierait-le-profil-dhaise\/\">encore Franck Haise<\/a>, \u00e9lu dimanche meilleur entra\u00eeneur de Ligue 1 par ses pairs pour sa saison remarquable avec le RC Lens, <em>CBS Sports<\/em> indique que l&rsquo;Am\u00e9ricain Jesse Marsch serait \u00e9galement cibl\u00e9 par l&rsquo;AS Monaco.<\/p>\n\n\n\n<p>Selon le m\u00e9dia am\u00e9ricain, Marsch serait toutefois l&rsquo;un des favoris pour entra\u00eener la s\u00e9lection des \u00c9tats-Unis. Cette saison, il a occup\u00e9 le banc de Leeds en <em>Premier League<\/em> mais la situation critique du club anglais a pouss\u00e9 les dirigeants \u00e0 s&rsquo;en s\u00e9parer en f\u00e9vrier dernier. En janvier 2021, l&rsquo;entra\u00eeneur de 49 ans avait d\u00e9j\u00e0 \u00e9t\u00e9 <a href=\"https:\/\/www.ladiagonale.net\/index.php\/2021\/12\/30\/trois-noms-pour-remplacer-kovac\/\">\u00e9voqu\u00e9 pour prendre la succession de Niko Kovac<\/a> au sein du club mon\u00e9gasque, avec celui de Paulo Fonseca, mais c&rsquo;\u00e9tait finalement Philippe Clement qui avait retenu l&rsquo;attention des dirigeants de l&rsquo;ASM. <\/p>\n","protected":false},"excerpt":{"rendered":"<p>Alors que la saison touche \u00e0 sa fin, les rumeurs concernant de potentiels rempla\u00e7ants de Philippe Clement se font de plus en plus insistantes. Apr\u00e8s celle menant \u00e0 Matthias Jaissle, double champion d&rsquo;Autriche avec le Red Bull Salzbourg, ou encore Franck Haise, \u00e9lu dimanche meilleur entra\u00eeneur de Ligue 1 par ses pairs pour sa saison [&#8230;]\n","protected":false},"author":2,"featured_media":0,"comment_status":"open","ping_status":"open","sticky":false,"template":"","format":"standard","meta":[],"categories":[6],"tags":[86,549,191],"yoast_head":"<!-- This site is optimized with the Yoast SEO plugin v19.8 - https:\/\/yoast.com\/wordpress\/plugins\/seo\/ -->\n<title>Marsch serait \u00e9galement dans le viseur de Monaco - La Diagonale<\/title>\n<meta name=\"robots\" content=\"index, follow, max-snippet:-1, max-image-preview:large, max-video-preview:-1\" \/>\n<link rel=\"canonical\" href=\"https:\/\/www.ladiagonale.net\/index.php\/2023\/05\/29\/marsch-serait-egalement-dans-le-viseur-de-monaco\/\" \/>\n<meta property=\"og:locale\" content=\"fr_FR\" \/>\n<meta property=\"og:type\" content=\"article\" \/>\n<meta property=\"og:title\" content=\"Marsch serait \u00e9galement dans le viseur de Monaco - La Diagonale\" \/>\n<meta property=\"og:description\" content=\"Alors que la saison touche \u00e0 sa fin, les rumeurs concernant de potentiels rempla\u00e7ants de Philippe Clement se font de plus en plus insistantes. Apr\u00e8s celle menant \u00e0 Matthias Jaissle, double champion d&rsquo;Autriche avec le Red Bull Salzbourg, ou encore Franck Haise, \u00e9lu dimanche meilleur entra\u00eeneur de Ligue 1 par ses pairs pour sa saison [...]\" \/>\n<meta property=\"og:url\" content=\"https:\/\/www.ladiagonale.net\/index.php\/2023\/05\/29\/marsch-serait-egalement-dans-le-viseur-de-monaco\/\" \/>\n<meta property=\"og:site_name\" content=\"La Diagonale\" \/>\n<meta property=\"article:published_time\" content=\"2023-05-29T17:10:06+00:00\" \/>\n<meta property=\"article:modified_time\" content=\"2023-05-29T17:10:10+00:00\" \/>\n<meta property=\"og:image\" content=\"https:\/\/www.ladiagonale.net\/wp-content\/uploads\/2023\/05\/marsch.png\" \/>\n\t<meta property=\"og:image:width\" content=\"1160\" \/>\n\t<meta property=\"og:image:height\" content=\"650\" \/>\n\t<meta property=\"og:image:type\" content=\"image\/png\" \/>\n<meta name=\"author\" content=\"Damien Dellerba\" \/>\n<meta name=\"twitter:card\" content=\"summary_large_image\" \/>\n<meta name=\"twitter:image\" content=\"https:\/\/www.ladiagonale.net\/wp-content\/uploads\/2023\/05\/marsch.png\" \/>\n<meta name=\"twitter:label1\" content=\"\u00c9crit par\" \/>\n\t<meta name=\"twitter:data1\" content=\"Damien Dellerba\" \/>\n\t<meta name=\"twitter:label2\" content=\"Dur\u00e9e de lecture estim\u00e9e\" \/>\n\t<meta name=\"twitter:data2\" content=\"1 minute\" \/>\n<script type=\"application\/ld+json\" class=\"yoast-schema-graph\">{\"@context\":\"https:\/\/schema.org\",\"@graph\":[{\"@type\":\"WebPage\",\"@id\":\"https:\/\/www.ladiagonale.net\/index.php\/2023\/05\/29\/marsch-serait-egalement-dans-le-viseur-de-monaco\/\",\"url\":\"https:\/\/www.ladiagonale.net\/index.php\/2023\/05\/29\/marsch-serait-egalement-dans-le-viseur-de-monaco\/\",\"name\":\"Marsch serait \u00e9galement dans le viseur de Monaco - La Diagonale\",\"isPartOf\":{\"@id\":\"https:\/\/www.ladiagonale.net\/#website\"},\"datePublished\":\"2023-05-29T17:10:06+00:00\",\"dateModified\":\"2023-05-29T17:10:10+00:00\",\"author\":{\"@id\":\"https:\/\/www.ladiagonale.net\/#\/schema\/person\/79ff1e7b0853ed01b2aa26e64ad300bf\"},\"breadcrumb\":{\"@id\":\"https:\/\/www.ladiagonale.net\/index.php\/2023\/05\/29\/marsch-serait-egalement-dans-le-viseur-de-monaco\/#breadcrumb\"},\"inLanguage\":\"fr-FR\",\"potentialAction\":[{\"@type\":\"ReadAction\",\"target\":[\"https:\/\/www.ladiagonale.net\/index.php\/2023\/05\/29\/marsch-serait-egalement-dans-le-viseur-de-monaco\/\"]}]},{\"@type\":\"BreadcrumbList\",\"@id\":\"https:\/\/www.ladiagonale.net\/index.php\/2023\/05\/29\/marsch-serait-egalement-dans-le-viseur-de-monaco\/#breadcrumb\",\"itemListElement\":[{\"@type\":\"ListItem\",\"position\":1,\"name\":\"Accueil\",\"item\":\"https:\/\/www.ladiagonale.net\/\"},{\"@type\":\"ListItem\",\"position\":2,\"name\":\"Marsch serait \u00e9galement dans le viseur de Monaco\"}]},{\"@type\":\"WebSite\",\"@id\":\"https:\/\/www.ladiagonale.net\/#website\",\"url\":\"https:\/\/www.ladiagonale.net\/\",\"name\":\"La Diagonale\",\"description\":\"Le site des supporters de l&#039;AS Monaco FC\",\"potentialAction\":[{\"@type\":\"SearchAction\",\"target\":{\"@type\":\"EntryPoint\",\"urlTemplate\":\"https:\/\/www.ladiagonale.net\/?s={search_term_string}\"},\"query-input\":\"required name=search_term_string\"}],\"inLanguage\":\"fr-FR\"},{\"@type\":\"Person\",\"@id\":\"https:\/\/www.ladiagonale.net\/#\/schema\/person\/79ff1e7b0853ed01b2aa26e64ad300bf\",\"name\":\"Damien Dellerba\",\"image\":{\"@type\":\"ImageObject\",\"inLanguage\":\"fr-FR\",\"@id\":\"https:\/\/www.ladiagonale.net\/#\/schema\/person\/image\/\",\"url\":\"https:\/\/secure.gravatar.com\/avatar\/c7850e06d3ff63cdbaee88b7fc16e2f0?s=96&d=mm&r=g\",\"contentUrl\":\"https:\/\/secure.gravatar.com\/avatar\/c7850e06d3ff63cdbaee88b7fc16e2f0?s=96&d=mm&r=g\",\"caption\":\"Damien Dellerba\"},\"url\":\"https:\/\/www.ladiagonale.net\/index.php\/author\/damien\/\"}]}<\/script>\n<!-- \/ Yoast SEO plugin. -->","yoast_head_json":{"title":"Marsch serait \u00e9galement dans le viseur de Monaco - La Diagonale","robots":{"index":"index","follow":"follow","max-snippet":"max-snippet:-1","max-image-preview":"max-image-preview:large","max-video-preview":"max-video-preview:-1"},"canonical":"https:\/\/www.ladiagonale.net\/index.php\/2023\/05\/29\/marsch-serait-egalement-dans-le-viseur-de-monaco\/","og_locale":"fr_FR","og_type":"article","og_title":"Marsch serait \u00e9galement dans le viseur de Monaco - La Diagonale","og_description":"Alors que la saison touche \u00e0 sa fin, les rumeurs concernant de potentiels rempla\u00e7ants de Philippe Clement se font de plus en plus insistantes. Apr\u00e8s celle menant \u00e0 Matthias Jaissle, double champion d&rsquo;Autriche avec le Red Bull Salzbourg, ou encore Franck Haise, \u00e9lu dimanche meilleur entra\u00eeneur de Ligue 1 par ses pairs pour sa saison [...]","og_url":"https:\/\/www.ladiagonale.net\/index.php\/2023\/05\/29\/marsch-serait-egalement-dans-le-viseur-de-monaco\/","og_site_name":"La Diagonale","article_published_time":"2023-05-29T17:10:06+00:00","article_modified_time":"2023-05-29T17:10:10+00:00","og_image":[{"width":1160,"height":650,"url":"https:\/\/www.ladiagonale.net\/wp-content\/uploads\/2023\/05\/marsch.png","type":"image\/png"}],"author":"Damien Dellerba","twitter_card":"summary_large_image","twitter_image":"https:\/\/www.ladiagonale.net\/wp-content\/uploads\/2023\/05\/marsch.png","twitter_misc":{"\u00c9crit par":"Damien Dellerba","Dur\u00e9e de lecture estim\u00e9e":"1 minute"},"schema":{"@context":"https:\/\/schema.org","@graph":[{"@type":"WebPage","@id":"https:\/\/www.ladiagonale.net\/index.php\/2023\/05\/29\/marsch-serait-egalement-dans-le-viseur-de-monaco\/","url":"https:\/\/www.ladiagonale.net\/index.php\/2023\/05\/29\/marsch-serait-egalement-dans-le-viseur-de-monaco\/","name":"Marsch serait \u00e9galement dans le viseur de Monaco - La Diagonale","isPartOf":{"@id":"https:\/\/www.ladiagonale.net\/#website"},"datePublished":"2023-05-29T17:10:06+00:00","dateModified":"2023-05-29T17:10:10+00:00","author":{"@id":"https:\/\/www.ladiagonale.net\/#\/schema\/person\/79ff1e7b0853ed01b2aa26e64ad300bf"},"breadcrumb":{"@id":"https:\/\/www.ladiagonale.net\/index.php\/2023\/05\/29\/marsch-serait-egalement-dans-le-viseur-de-monaco\/#breadcrumb"},"inLanguage":"fr-FR","potentialAction":[{"@type":"ReadAction","target":["https:\/\/www.ladiagonale.net\/index.php\/2023\/05\/29\/marsch-serait-egalement-dans-le-viseur-de-monaco\/"]}]},{"@type":"BreadcrumbList","@id":"https:\/\/www.ladiagonale.net\/index.php\/2023\/05\/29\/marsch-serait-egalement-dans-le-viseur-de-monaco\/#breadcrumb","itemListElement":[{"@type":"ListItem","position":1,"name":"Accueil","item":"https:\/\/www.ladiagonale.net\/"},{"@type":"ListItem","position":2,"name":"Marsch serait \u00e9galement dans le viseur de Monaco"}]},{"@type":"WebSite","@id":"https:\/\/www.ladiagonale.net\/#website","url":"https:\/\/www.ladiagonale.net\/","name":"La Diagonale","description":"Le site des supporters de l&#039;AS Monaco FC","potentialAction":[{"@type":"SearchAction","target":{"@type":"EntryPoint","urlTemplate":"https:\/\/www.ladiagonale.net\/?s={search_term_string}"},"query-input":"required name=search_term_string"}],"inLanguage":"fr-FR"},{"@type":"Person","@id":"https:\/\/www.ladiagonale.net\/#\/schema\/person\/79ff1e7b0853ed01b2aa26e64ad300bf","name":"Damien Dellerba","image":{"@type":"ImageObject","inLanguage":"fr-FR","@id":"https:\/\/www.ladiagonale.net\/#\/schema\/person\/image\/","url":"https:\/\/secure.gravatar.com\/avatar\/c7850e06d3ff63cdbaee88b7fc16e2f0?s=96&d=mm&r=g","contentUrl":"https:\/\/secure.gravatar.com\/avatar\/c7850e06d3ff63cdbaee88b7fc16e2f0?s=96&d=mm&r=g","caption":"Damien Dellerba"},"url":"https:\/\/www.ladiagonale.net\/index.php\/author\/damien\/"}]}},"_links":{"self":[{"href":"https:\/\/www.ladiagonale.net\/index.php\/wp-json\/wp\/v2\/posts\/12932"}],"collection":[{"href":"https:\/\/www.ladiagonale.net\/index.php\/wp-json\/wp\/v2\/posts"}],"about":[{"href":"https:\/\/www.ladiagonale.net\/index.php\/wp-json\/wp\/v2\/types\/post"}],"author":[{"embeddable":true,"href":"https:\/\/www.ladiagonale.net\/index.php\/wp-json\/wp\/v2\/users\/2"}],"replies":[{"embeddable":true,"href":"https:\/\/www.ladiagonale.net\/index.php\/wp-json\/wp\/v2\/comments?post=12932"}],"version-history":[{"count":1,"href":"https:\/\/www.ladiagonale.net\/index.php\/wp-json\/wp\/v2\/posts\/12932\/revisions"}],"predecessor-version":[{"id":12934,"href":"https:\/\/www.ladiagonale.net\/index.php\/wp-json\/wp\/v2\/posts\/12932\/revisions\/12934"}],"wp:attachment":[{"href":"https:\/\/www.ladiagonale.net\/index.php\/wp-json\/wp\/v2\/media?parent=12932"}],"wp:term":[{"taxonomy":"category","embeddable":true,"href":"https:\/\/www.ladiagonale.net\/index.php\/wp-json\/wp\/v2\/categories?post=12932"},{"taxonomy":"post_tag","embeddable":true,"href":"https:\/\/www.ladiagonale.net\/index.php\/wp-json\/wp\/v2\/tags?post=12932"}],"curies":[{"name":"wp","href":"https:\/\/api.w.org\/{rel}","templated":true}]}}