{"id":12942,"date":"2023-05-30T12:21:04","date_gmt":"2023-05-30T10:21:04","guid":{"rendered":"https:\/\/www.ladiagonale.net\/?p=12942"},"modified":"2023-05-30T12:21:08","modified_gmt":"2023-05-30T10:21:08","slug":"ben-seghir-et-benama-vont-disputer-le-tournoi-de-toulon","status":"publish","type":"post","link":"https:\/\/www.ladiagonale.net\/index.php\/2023\/05\/30\/ben-seghir-et-benama-vont-disputer-le-tournoi-de-toulon\/","title":{"rendered":"Ben Seghir et Benama vont disputer le tournoi de Toulon"},"content":{"rendered":"\n\n\n<p>Si Eliesse Ben Seghir <a href=\"https:\/\/www.ladiagonale.net\/index.php\/2023\/05\/12\/pas-de-mondial-u20-pour-ben-seghir-et-diop-clement-explique-la-position-du-club\/\">n&rsquo;a pas \u00e9t\u00e9 lib\u00e9r\u00e9 par l&rsquo;AS Monaco<\/a> pour disputer la Coupe du monde U20, <a href=\"https:\/\/www.ladiagonale.net\/index.php\/2023\/05\/29\/lelimination-de-la-france-du-mondial-u20-profite-a-la-tunisie-de-yacoub\/\">o\u00f9 la France a \u00e9t\u00e9 \u00e9limin\u00e9e d\u00e8s le premier tour<\/a>, il pourra se consoler avec le Tournoi Maurice-Revello, anciennement appel\u00e9 \u00ab\u00a0Tournoi de Toulon\u00a0\u00bb. Le jeune milieu de terrain de l&rsquo;AS Monaco a \u00e9t\u00e9 convoqu\u00e9 par Bernard Diom\u00e8de, le s\u00e9lectionneur de l&rsquo;\u00e9quipe de France U18, en compagnie de Mayssam Benama. <\/p>\n\n\n\n<p>Le rassemblement des Bleuets d\u00e9butera le 1<sup>er<\/sup> juin, alors que la rencontre contre Toulouse comptant pour la derni\u00e8re journ\u00e9e de Ligue 1 ne sera jou\u00e9e que le 3 juin. Si Benama devrait d\u00e9buter le rassemblement en temps et en heure, on peut imaginer qu&rsquo;il n&rsquo;en sera pas de m\u00eame pour Ben Seghir, d&rsquo;autant que la premi\u00e8re rencontre face \u00e0 l&rsquo;Arabie Saoudite n&rsquo;est programm\u00e9e que pour le 5 juin (17h30). <\/p>\n\n\n\n<p>La France jouera ensuite le Costa Rica (le 8 juin) et le Venezuela (le 11 juin) avant les matchs de classement ou mieux. Ben Seghir et Benama tenteront d&#8217;embo\u00eeter le pas de Maghnes Akliouche et Chrislain Matsima, vainqueurs de l&rsquo;\u00e9dition 2022 du tournoi. Akliouche avait notamment \u00e9t\u00e9 d\u00e9sign\u00e9 troisi\u00e8me meilleur joueur de la comp\u00e9tition l&rsquo;an pass\u00e9.<\/p>\n","protected":false},"excerpt":{"rendered":"<p>Si Eliesse Ben Seghir n&rsquo;a pas \u00e9t\u00e9 lib\u00e9r\u00e9 par l&rsquo;AS Monaco pour disputer la Coupe du monde U20, o\u00f9 la France a \u00e9t\u00e9 \u00e9limin\u00e9e d\u00e8s le premier tour, il pourra se consoler avec le Tournoi Maurice-Revello, anciennement appel\u00e9 \u00ab\u00a0Tournoi de Toulon\u00a0\u00bb. Le jeune milieu de terrain de l&rsquo;AS Monaco a \u00e9t\u00e9 convoqu\u00e9 par Bernard Diom\u00e8de, [&#8230;]\n","protected":false},"author":2,"featured_media":0,"comment_status":"open","ping_status":"open","sticky":false,"template":"","format":"standard","meta":[],"categories":[6],"tags":[86,286,78,453,116,551],"yoast_head":"<!-- This site is optimized with the Yoast SEO plugin v19.8 - https:\/\/yoast.com\/wordpress\/plugins\/seo\/ -->\n<title>Ben Seghir et Benama vont disputer le tournoi de Toulon - La Diagonale<\/title>\n<meta name=\"robots\" content=\"index, follow, max-snippet:-1, max-image-preview:large, max-video-preview:-1\" \/>\n<link rel=\"canonical\" href=\"https:\/\/www.ladiagonale.net\/index.php\/2023\/05\/30\/ben-seghir-et-benama-vont-disputer-le-tournoi-de-toulon\/\" \/>\n<meta property=\"og:locale\" content=\"fr_FR\" \/>\n<meta property=\"og:type\" content=\"article\" \/>\n<meta property=\"og:title\" content=\"Ben Seghir et Benama vont disputer le tournoi de Toulon - La Diagonale\" \/>\n<meta property=\"og:description\" content=\"Si Eliesse Ben Seghir n&rsquo;a pas \u00e9t\u00e9 lib\u00e9r\u00e9 par l&rsquo;AS Monaco pour disputer la Coupe du monde U20, o\u00f9 la France a \u00e9t\u00e9 \u00e9limin\u00e9e d\u00e8s le premier tour, il pourra se consoler avec le Tournoi Maurice-Revello, anciennement appel\u00e9 \u00ab\u00a0Tournoi de Toulon\u00a0\u00bb. Le jeune milieu de terrain de l&rsquo;AS Monaco a \u00e9t\u00e9 convoqu\u00e9 par Bernard Diom\u00e8de, [...]\" \/>\n<meta property=\"og:url\" content=\"https:\/\/www.ladiagonale.net\/index.php\/2023\/05\/30\/ben-seghir-et-benama-vont-disputer-le-tournoi-de-toulon\/\" \/>\n<meta property=\"og:site_name\" content=\"La Diagonale\" \/>\n<meta property=\"article:published_time\" content=\"2023-05-30T10:21:04+00:00\" \/>\n<meta property=\"article:modified_time\" content=\"2023-05-30T10:21:08+00:00\" \/>\n<meta property=\"og:image\" content=\"https:\/\/www.ladiagonale.net\/wp-content\/uploads\/2023\/03\/ben-seghir-france.png\" \/>\n\t<meta property=\"og:image:width\" content=\"1160\" \/>\n\t<meta property=\"og:image:height\" content=\"650\" \/>\n\t<meta property=\"og:image:type\" content=\"image\/png\" \/>\n<meta name=\"author\" content=\"Damien Dellerba\" \/>\n<meta name=\"twitter:card\" content=\"summary_large_image\" \/>\n<meta name=\"twitter:image\" content=\"https:\/\/www.ladiagonale.net\/wp-content\/uploads\/2023\/03\/ben-seghir-france.png\" \/>\n<meta name=\"twitter:label1\" content=\"\u00c9crit par\" \/>\n\t<meta name=\"twitter:data1\" content=\"Damien Dellerba\" \/>\n\t<meta name=\"twitter:label2\" content=\"Dur\u00e9e de lecture estim\u00e9e\" \/>\n\t<meta name=\"twitter:data2\" content=\"1 minute\" \/>\n<script type=\"application\/ld+json\" class=\"yoast-schema-graph\">{\"@context\":\"https:\/\/schema.org\",\"@graph\":[{\"@type\":\"WebPage\",\"@id\":\"https:\/\/www.ladiagonale.net\/index.php\/2023\/05\/30\/ben-seghir-et-benama-vont-disputer-le-tournoi-de-toulon\/\",\"url\":\"https:\/\/www.ladiagonale.net\/index.php\/2023\/05\/30\/ben-seghir-et-benama-vont-disputer-le-tournoi-de-toulon\/\",\"name\":\"Ben Seghir et Benama vont disputer le tournoi de Toulon - La Diagonale\",\"isPartOf\":{\"@id\":\"https:\/\/www.ladiagonale.net\/#website\"},\"datePublished\":\"2023-05-30T10:21:04+00:00\",\"dateModified\":\"2023-05-30T10:21:08+00:00\",\"author\":{\"@id\":\"https:\/\/www.ladiagonale.net\/#\/schema\/person\/79ff1e7b0853ed01b2aa26e64ad300bf\"},\"breadcrumb\":{\"@id\":\"https:\/\/www.ladiagonale.net\/index.php\/2023\/05\/30\/ben-seghir-et-benama-vont-disputer-le-tournoi-de-toulon\/#breadcrumb\"},\"inLanguage\":\"fr-FR\",\"potentialAction\":[{\"@type\":\"ReadAction\",\"target\":[\"https:\/\/www.ladiagonale.net\/index.php\/2023\/05\/30\/ben-seghir-et-benama-vont-disputer-le-tournoi-de-toulon\/\"]}]},{\"@type\":\"BreadcrumbList\",\"@id\":\"https:\/\/www.ladiagonale.net\/index.php\/2023\/05\/30\/ben-seghir-et-benama-vont-disputer-le-tournoi-de-toulon\/#breadcrumb\",\"itemListElement\":[{\"@type\":\"ListItem\",\"position\":1,\"name\":\"Accueil\",\"item\":\"https:\/\/www.ladiagonale.net\/\"},{\"@type\":\"ListItem\",\"position\":2,\"name\":\"Ben Seghir et Benama vont disputer le tournoi de Toulon\"}]},{\"@type\":\"WebSite\",\"@id\":\"https:\/\/www.ladiagonale.net\/#website\",\"url\":\"https:\/\/www.ladiagonale.net\/\",\"name\":\"La Diagonale\",\"description\":\"Le site des supporters de l&#039;AS Monaco FC\",\"potentialAction\":[{\"@type\":\"SearchAction\",\"target\":{\"@type\":\"EntryPoint\",\"urlTemplate\":\"https:\/\/www.ladiagonale.net\/?s={search_term_string}\"},\"query-input\":\"required name=search_term_string\"}],\"inLanguage\":\"fr-FR\"},{\"@type\":\"Person\",\"@id\":\"https:\/\/www.ladiagonale.net\/#\/schema\/person\/79ff1e7b0853ed01b2aa26e64ad300bf\",\"name\":\"Damien Dellerba\",\"image\":{\"@type\":\"ImageObject\",\"inLanguage\":\"fr-FR\",\"@id\":\"https:\/\/www.ladiagonale.net\/#\/schema\/person\/image\/\",\"url\":\"https:\/\/secure.gravatar.com\/avatar\/c7850e06d3ff63cdbaee88b7fc16e2f0?s=96&d=mm&r=g\",\"contentUrl\":\"https:\/\/secure.gravatar.com\/avatar\/c7850e06d3ff63cdbaee88b7fc16e2f0?s=96&d=mm&r=g\",\"caption\":\"Damien Dellerba\"},\"url\":\"https:\/\/www.ladiagonale.net\/index.php\/author\/damien\/\"}]}<\/script>\n<!-- \/ Yoast SEO plugin. -->","yoast_head_json":{"title":"Ben Seghir et Benama vont disputer le tournoi de Toulon - La Diagonale","robots":{"index":"index","follow":"follow","max-snippet":"max-snippet:-1","max-image-preview":"max-image-preview:large","max-video-preview":"max-video-preview:-1"},"canonical":"https:\/\/www.ladiagonale.net\/index.php\/2023\/05\/30\/ben-seghir-et-benama-vont-disputer-le-tournoi-de-toulon\/","og_locale":"fr_FR","og_type":"article","og_title":"Ben Seghir et Benama vont disputer le tournoi de Toulon - La Diagonale","og_description":"Si Eliesse Ben Seghir n&rsquo;a pas \u00e9t\u00e9 lib\u00e9r\u00e9 par l&rsquo;AS Monaco pour disputer la Coupe du monde U20, o\u00f9 la France a \u00e9t\u00e9 \u00e9limin\u00e9e d\u00e8s le premier tour, il pourra se consoler avec le Tournoi Maurice-Revello, anciennement appel\u00e9 \u00ab\u00a0Tournoi de Toulon\u00a0\u00bb. Le jeune milieu de terrain de l&rsquo;AS Monaco a \u00e9t\u00e9 convoqu\u00e9 par Bernard Diom\u00e8de, [...]","og_url":"https:\/\/www.ladiagonale.net\/index.php\/2023\/05\/30\/ben-seghir-et-benama-vont-disputer-le-tournoi-de-toulon\/","og_site_name":"La Diagonale","article_published_time":"2023-05-30T10:21:04+00:00","article_modified_time":"2023-05-30T10:21:08+00:00","og_image":[{"width":1160,"height":650,"url":"https:\/\/www.ladiagonale.net\/wp-content\/uploads\/2023\/03\/ben-seghir-france.png","type":"image\/png"}],"author":"Damien Dellerba","twitter_card":"summary_large_image","twitter_image":"https:\/\/www.ladiagonale.net\/wp-content\/uploads\/2023\/03\/ben-seghir-france.png","twitter_misc":{"\u00c9crit par":"Damien Dellerba","Dur\u00e9e de lecture estim\u00e9e":"1 minute"},"schema":{"@context":"https:\/\/schema.org","@graph":[{"@type":"WebPage","@id":"https:\/\/www.ladiagonale.net\/index.php\/2023\/05\/30\/ben-seghir-et-benama-vont-disputer-le-tournoi-de-toulon\/","url":"https:\/\/www.ladiagonale.net\/index.php\/2023\/05\/30\/ben-seghir-et-benama-vont-disputer-le-tournoi-de-toulon\/","name":"Ben Seghir et Benama vont disputer le tournoi de Toulon - La Diagonale","isPartOf":{"@id":"https:\/\/www.ladiagonale.net\/#website"},"datePublished":"2023-05-30T10:21:04+00:00","dateModified":"2023-05-30T10:21:08+00:00","author":{"@id":"https:\/\/www.ladiagonale.net\/#\/schema\/person\/79ff1e7b0853ed01b2aa26e64ad300bf"},"breadcrumb":{"@id":"https:\/\/www.ladiagonale.net\/index.php\/2023\/05\/30\/ben-seghir-et-benama-vont-disputer-le-tournoi-de-toulon\/#breadcrumb"},"inLanguage":"fr-FR","potentialAction":[{"@type":"ReadAction","target":["https:\/\/www.ladiagonale.net\/index.php\/2023\/05\/30\/ben-seghir-et-benama-vont-disputer-le-tournoi-de-toulon\/"]}]},{"@type":"BreadcrumbList","@id":"https:\/\/www.ladiagonale.net\/index.php\/2023\/05\/30\/ben-seghir-et-benama-vont-disputer-le-tournoi-de-toulon\/#breadcrumb","itemListElement":[{"@type":"ListItem","position":1,"name":"Accueil","item":"https:\/\/www.ladiagonale.net\/"},{"@type":"ListItem","position":2,"name":"Ben Seghir et Benama vont disputer le tournoi de Toulon"}]},{"@type":"WebSite","@id":"https:\/\/www.ladiagonale.net\/#website","url":"https:\/\/www.ladiagonale.net\/","name":"La Diagonale","description":"Le site des supporters de l&#039;AS Monaco FC","potentialAction":[{"@type":"SearchAction","target":{"@type":"EntryPoint","urlTemplate":"https:\/\/www.ladiagonale.net\/?s={search_term_string}"},"query-input":"required name=search_term_string"}],"inLanguage":"fr-FR"},{"@type":"Person","@id":"https:\/\/www.ladiagonale.net\/#\/schema\/person\/79ff1e7b0853ed01b2aa26e64ad300bf","name":"Damien Dellerba","image":{"@type":"ImageObject","inLanguage":"fr-FR","@id":"https:\/\/www.ladiagonale.net\/#\/schema\/person\/image\/","url":"https:\/\/secure.gravatar.com\/avatar\/c7850e06d3ff63cdbaee88b7fc16e2f0?s=96&d=mm&r=g","contentUrl":"https:\/\/secure.gravatar.com\/avatar\/c7850e06d3ff63cdbaee88b7fc16e2f0?s=96&d=mm&r=g","caption":"Damien Dellerba"},"url":"https:\/\/www.ladiagonale.net\/index.php\/author\/damien\/"}]}},"_links":{"self":[{"href":"https:\/\/www.ladiagonale.net\/index.php\/wp-json\/wp\/v2\/posts\/12942"}],"collection":[{"href":"https:\/\/www.ladiagonale.net\/index.php\/wp-json\/wp\/v2\/posts"}],"about":[{"href":"https:\/\/www.ladiagonale.net\/index.php\/wp-json\/wp\/v2\/types\/post"}],"author":[{"embeddable":true,"href":"https:\/\/www.ladiagonale.net\/index.php\/wp-json\/wp\/v2\/users\/2"}],"replies":[{"embeddable":true,"href":"https:\/\/www.ladiagonale.net\/index.php\/wp-json\/wp\/v2\/comments?post=12942"}],"version-history":[{"count":1,"href":"https:\/\/www.ladiagonale.net\/index.php\/wp-json\/wp\/v2\/posts\/12942\/revisions"}],"predecessor-version":[{"id":12943,"href":"https:\/\/www.ladiagonale.net\/index.php\/wp-json\/wp\/v2\/posts\/12942\/revisions\/12943"}],"wp:attachment":[{"href":"https:\/\/www.ladiagonale.net\/index.php\/wp-json\/wp\/v2\/media?parent=12942"}],"wp:term":[{"taxonomy":"category","embeddable":true,"href":"https:\/\/www.ladiagonale.net\/index.php\/wp-json\/wp\/v2\/categories?post=12942"},{"taxonomy":"post_tag","embeddable":true,"href":"https:\/\/www.ladiagonale.net\/index.php\/wp-json\/wp\/v2\/tags?post=12942"}],"curies":[{"name":"wp","href":"https:\/\/api.w.org\/{rel}","templated":true}]}}