{"id":12944,"date":"2023-05-30T16:22:22","date_gmt":"2023-05-30T14:22:22","guid":{"rendered":"https:\/\/www.ladiagonale.net\/?p=12944"},"modified":"2023-05-30T17:59:03","modified_gmt":"2023-05-30T15:59:03","slug":"volland-aurait-deja-des-propositions","status":"publish","type":"post","link":"https:\/\/www.ladiagonale.net\/index.php\/2023\/05\/30\/volland-aurait-deja-des-propositions\/","title":{"rendered":"Volland aurait d\u00e9j\u00e0 des propositions"},"content":{"rendered":"\n\n\n<p>Peu utilis\u00e9 cette saison par Philippe Clement (996 minutes) et en proie \u00e0 de nombreux probl\u00e8mes physiques, Kevin Volland pourrait quitter l&rsquo;AS Monaco cet \u00e9t\u00e9, alors qu&rsquo;il ne lui reste plus qu&rsquo;un an de contrat, jusqu&rsquo;en juin 2024. Si <a href=\"https:\/\/www.ladiagonale.net\/index.php\/2023\/05\/22\/kovac-et-wolfsburg-se-pencheraient-sur-le-cas-volland\/\">un int\u00e9r\u00eat prononc\u00e9 de Wolfsburg et de son ancien entra\u00eeneur sur le Rocher Niko Kovac avait d\u00e9j\u00e0 \u00e9t\u00e9 \u00e9voqu\u00e9<\/a>, d&rsquo;autres clubs auraient d\u00e9j\u00e0 commenc\u00e9 les man\u0153uvres pour l&rsquo;attaquant allemand. \u00c0 en croire <em>Sky Sports<\/em> et l&rsquo;un de ses journalistes Florian Plettenberg, Volland aurait d\u00e9j\u00e0 des propositions de la part de clubs allemands et anglais.<\/p>\n\n\n\n<p>Si Kevin Volland avait dans un premier temps affirm\u00e9 vouloir <a href=\"https:\/\/www.ladiagonale.net\/index.php\/2023\/05\/12\/volland-veut-honorer-son-contrat-avec-monaco-jusquau-bout\/\">honorer son contrat avec l&rsquo;ASM jusqu&rsquo;au bout<\/a>, il ne s&rsquo;\u00e9tait pas non plus cach\u00e9 de son envie de retourner jouer en Allemagne \u00e0 terme. Florian Plettenberg a justement indiqu\u00e9 que l&rsquo;attaquant de 30 ans se voyait \u00ab <em>tr\u00e8s, tr\u00e8s bien revenir en Bundesliga<\/em> \u00bb. Un somme compris entre cinq et sept millions d&rsquo;euros pourrait convaincre les dirigeants as\u00e9mistes de laisser partir Volland.<\/p>\n","protected":false},"excerpt":{"rendered":"<p>Peu utilis\u00e9 cette saison par Philippe Clement (996 minutes) et en proie \u00e0 de nombreux probl\u00e8mes physiques, Kevin Volland pourrait quitter l&rsquo;AS Monaco cet \u00e9t\u00e9, alors qu&rsquo;il ne lui reste plus qu&rsquo;un an de contrat, jusqu&rsquo;en juin 2024. Si un int\u00e9r\u00eat prononc\u00e9 de Wolfsburg et de son ancien entra\u00eeneur sur le Rocher Niko Kovac avait [&#8230;]\n","protected":false},"author":2,"featured_media":0,"comment_status":"open","ping_status":"open","sticky":false,"template":"","format":"standard","meta":[],"categories":[6],"tags":[86,179,111,110],"yoast_head":"<!-- This site is optimized with the Yoast SEO plugin v19.8 - https:\/\/yoast.com\/wordpress\/plugins\/seo\/ -->\n<title>Volland aurait d\u00e9j\u00e0 des propositions - La Diagonale<\/title>\n<meta name=\"robots\" content=\"index, follow, max-snippet:-1, max-image-preview:large, max-video-preview:-1\" \/>\n<link rel=\"canonical\" href=\"https:\/\/www.ladiagonale.net\/index.php\/2023\/05\/30\/volland-aurait-deja-des-propositions\/\" \/>\n<meta property=\"og:locale\" content=\"fr_FR\" \/>\n<meta property=\"og:type\" content=\"article\" \/>\n<meta property=\"og:title\" content=\"Volland aurait d\u00e9j\u00e0 des propositions - La Diagonale\" \/>\n<meta property=\"og:description\" content=\"Peu utilis\u00e9 cette saison par Philippe Clement (996 minutes) et en proie \u00e0 de nombreux probl\u00e8mes physiques, Kevin Volland pourrait quitter l&rsquo;AS Monaco cet \u00e9t\u00e9, alors qu&rsquo;il ne lui reste plus qu&rsquo;un an de contrat, jusqu&rsquo;en juin 2024. Si un int\u00e9r\u00eat prononc\u00e9 de Wolfsburg et de son ancien entra\u00eeneur sur le Rocher Niko Kovac avait [...]\" \/>\n<meta property=\"og:url\" content=\"https:\/\/www.ladiagonale.net\/index.php\/2023\/05\/30\/volland-aurait-deja-des-propositions\/\" \/>\n<meta property=\"og:site_name\" content=\"La Diagonale\" \/>\n<meta property=\"article:published_time\" content=\"2023-05-30T14:22:22+00:00\" \/>\n<meta property=\"article:modified_time\" content=\"2023-05-30T15:59:03+00:00\" \/>\n<meta property=\"og:image\" content=\"https:\/\/www.ladiagonale.net\/wp-content\/uploads\/2023\/04\/volland.png\" \/>\n\t<meta property=\"og:image:width\" content=\"1160\" \/>\n\t<meta property=\"og:image:height\" content=\"650\" \/>\n\t<meta property=\"og:image:type\" content=\"image\/png\" \/>\n<meta name=\"author\" content=\"Damien Dellerba\" \/>\n<meta name=\"twitter:card\" content=\"summary_large_image\" \/>\n<meta name=\"twitter:image\" content=\"https:\/\/www.ladiagonale.net\/wp-content\/uploads\/2023\/04\/volland.png\" \/>\n<meta name=\"twitter:label1\" content=\"\u00c9crit par\" \/>\n\t<meta name=\"twitter:data1\" content=\"Damien Dellerba\" \/>\n\t<meta name=\"twitter:label2\" content=\"Dur\u00e9e de lecture estim\u00e9e\" \/>\n\t<meta name=\"twitter:data2\" content=\"1 minute\" \/>\n<script type=\"application\/ld+json\" class=\"yoast-schema-graph\">{\"@context\":\"https:\/\/schema.org\",\"@graph\":[{\"@type\":\"WebPage\",\"@id\":\"https:\/\/www.ladiagonale.net\/index.php\/2023\/05\/30\/volland-aurait-deja-des-propositions\/\",\"url\":\"https:\/\/www.ladiagonale.net\/index.php\/2023\/05\/30\/volland-aurait-deja-des-propositions\/\",\"name\":\"Volland aurait d\u00e9j\u00e0 des propositions - La Diagonale\",\"isPartOf\":{\"@id\":\"https:\/\/www.ladiagonale.net\/#website\"},\"datePublished\":\"2023-05-30T14:22:22+00:00\",\"dateModified\":\"2023-05-30T15:59:03+00:00\",\"author\":{\"@id\":\"https:\/\/www.ladiagonale.net\/#\/schema\/person\/79ff1e7b0853ed01b2aa26e64ad300bf\"},\"breadcrumb\":{\"@id\":\"https:\/\/www.ladiagonale.net\/index.php\/2023\/05\/30\/volland-aurait-deja-des-propositions\/#breadcrumb\"},\"inLanguage\":\"fr-FR\",\"potentialAction\":[{\"@type\":\"ReadAction\",\"target\":[\"https:\/\/www.ladiagonale.net\/index.php\/2023\/05\/30\/volland-aurait-deja-des-propositions\/\"]}]},{\"@type\":\"BreadcrumbList\",\"@id\":\"https:\/\/www.ladiagonale.net\/index.php\/2023\/05\/30\/volland-aurait-deja-des-propositions\/#breadcrumb\",\"itemListElement\":[{\"@type\":\"ListItem\",\"position\":1,\"name\":\"Accueil\",\"item\":\"https:\/\/www.ladiagonale.net\/\"},{\"@type\":\"ListItem\",\"position\":2,\"name\":\"Volland aurait d\u00e9j\u00e0 des propositions\"}]},{\"@type\":\"WebSite\",\"@id\":\"https:\/\/www.ladiagonale.net\/#website\",\"url\":\"https:\/\/www.ladiagonale.net\/\",\"name\":\"La Diagonale\",\"description\":\"Le site des supporters de l&#039;AS Monaco FC\",\"potentialAction\":[{\"@type\":\"SearchAction\",\"target\":{\"@type\":\"EntryPoint\",\"urlTemplate\":\"https:\/\/www.ladiagonale.net\/?s={search_term_string}\"},\"query-input\":\"required name=search_term_string\"}],\"inLanguage\":\"fr-FR\"},{\"@type\":\"Person\",\"@id\":\"https:\/\/www.ladiagonale.net\/#\/schema\/person\/79ff1e7b0853ed01b2aa26e64ad300bf\",\"name\":\"Damien Dellerba\",\"image\":{\"@type\":\"ImageObject\",\"inLanguage\":\"fr-FR\",\"@id\":\"https:\/\/www.ladiagonale.net\/#\/schema\/person\/image\/\",\"url\":\"https:\/\/secure.gravatar.com\/avatar\/c7850e06d3ff63cdbaee88b7fc16e2f0?s=96&d=mm&r=g\",\"contentUrl\":\"https:\/\/secure.gravatar.com\/avatar\/c7850e06d3ff63cdbaee88b7fc16e2f0?s=96&d=mm&r=g\",\"caption\":\"Damien Dellerba\"},\"url\":\"https:\/\/www.ladiagonale.net\/index.php\/author\/damien\/\"}]}<\/script>\n<!-- \/ Yoast SEO plugin. -->","yoast_head_json":{"title":"Volland aurait d\u00e9j\u00e0 des propositions - La Diagonale","robots":{"index":"index","follow":"follow","max-snippet":"max-snippet:-1","max-image-preview":"max-image-preview:large","max-video-preview":"max-video-preview:-1"},"canonical":"https:\/\/www.ladiagonale.net\/index.php\/2023\/05\/30\/volland-aurait-deja-des-propositions\/","og_locale":"fr_FR","og_type":"article","og_title":"Volland aurait d\u00e9j\u00e0 des propositions - La Diagonale","og_description":"Peu utilis\u00e9 cette saison par Philippe Clement (996 minutes) et en proie \u00e0 de nombreux probl\u00e8mes physiques, Kevin Volland pourrait quitter l&rsquo;AS Monaco cet \u00e9t\u00e9, alors qu&rsquo;il ne lui reste plus qu&rsquo;un an de contrat, jusqu&rsquo;en juin 2024. Si un int\u00e9r\u00eat prononc\u00e9 de Wolfsburg et de son ancien entra\u00eeneur sur le Rocher Niko Kovac avait [...]","og_url":"https:\/\/www.ladiagonale.net\/index.php\/2023\/05\/30\/volland-aurait-deja-des-propositions\/","og_site_name":"La Diagonale","article_published_time":"2023-05-30T14:22:22+00:00","article_modified_time":"2023-05-30T15:59:03+00:00","og_image":[{"width":1160,"height":650,"url":"https:\/\/www.ladiagonale.net\/wp-content\/uploads\/2023\/04\/volland.png","type":"image\/png"}],"author":"Damien Dellerba","twitter_card":"summary_large_image","twitter_image":"https:\/\/www.ladiagonale.net\/wp-content\/uploads\/2023\/04\/volland.png","twitter_misc":{"\u00c9crit par":"Damien Dellerba","Dur\u00e9e de lecture estim\u00e9e":"1 minute"},"schema":{"@context":"https:\/\/schema.org","@graph":[{"@type":"WebPage","@id":"https:\/\/www.ladiagonale.net\/index.php\/2023\/05\/30\/volland-aurait-deja-des-propositions\/","url":"https:\/\/www.ladiagonale.net\/index.php\/2023\/05\/30\/volland-aurait-deja-des-propositions\/","name":"Volland aurait d\u00e9j\u00e0 des propositions - La Diagonale","isPartOf":{"@id":"https:\/\/www.ladiagonale.net\/#website"},"datePublished":"2023-05-30T14:22:22+00:00","dateModified":"2023-05-30T15:59:03+00:00","author":{"@id":"https:\/\/www.ladiagonale.net\/#\/schema\/person\/79ff1e7b0853ed01b2aa26e64ad300bf"},"breadcrumb":{"@id":"https:\/\/www.ladiagonale.net\/index.php\/2023\/05\/30\/volland-aurait-deja-des-propositions\/#breadcrumb"},"inLanguage":"fr-FR","potentialAction":[{"@type":"ReadAction","target":["https:\/\/www.ladiagonale.net\/index.php\/2023\/05\/30\/volland-aurait-deja-des-propositions\/"]}]},{"@type":"BreadcrumbList","@id":"https:\/\/www.ladiagonale.net\/index.php\/2023\/05\/30\/volland-aurait-deja-des-propositions\/#breadcrumb","itemListElement":[{"@type":"ListItem","position":1,"name":"Accueil","item":"https:\/\/www.ladiagonale.net\/"},{"@type":"ListItem","position":2,"name":"Volland aurait d\u00e9j\u00e0 des propositions"}]},{"@type":"WebSite","@id":"https:\/\/www.ladiagonale.net\/#website","url":"https:\/\/www.ladiagonale.net\/","name":"La Diagonale","description":"Le site des supporters de l&#039;AS Monaco FC","potentialAction":[{"@type":"SearchAction","target":{"@type":"EntryPoint","urlTemplate":"https:\/\/www.ladiagonale.net\/?s={search_term_string}"},"query-input":"required name=search_term_string"}],"inLanguage":"fr-FR"},{"@type":"Person","@id":"https:\/\/www.ladiagonale.net\/#\/schema\/person\/79ff1e7b0853ed01b2aa26e64ad300bf","name":"Damien Dellerba","image":{"@type":"ImageObject","inLanguage":"fr-FR","@id":"https:\/\/www.ladiagonale.net\/#\/schema\/person\/image\/","url":"https:\/\/secure.gravatar.com\/avatar\/c7850e06d3ff63cdbaee88b7fc16e2f0?s=96&d=mm&r=g","contentUrl":"https:\/\/secure.gravatar.com\/avatar\/c7850e06d3ff63cdbaee88b7fc16e2f0?s=96&d=mm&r=g","caption":"Damien Dellerba"},"url":"https:\/\/www.ladiagonale.net\/index.php\/author\/damien\/"}]}},"_links":{"self":[{"href":"https:\/\/www.ladiagonale.net\/index.php\/wp-json\/wp\/v2\/posts\/12944"}],"collection":[{"href":"https:\/\/www.ladiagonale.net\/index.php\/wp-json\/wp\/v2\/posts"}],"about":[{"href":"https:\/\/www.ladiagonale.net\/index.php\/wp-json\/wp\/v2\/types\/post"}],"author":[{"embeddable":true,"href":"https:\/\/www.ladiagonale.net\/index.php\/wp-json\/wp\/v2\/users\/2"}],"replies":[{"embeddable":true,"href":"https:\/\/www.ladiagonale.net\/index.php\/wp-json\/wp\/v2\/comments?post=12944"}],"version-history":[{"count":3,"href":"https:\/\/www.ladiagonale.net\/index.php\/wp-json\/wp\/v2\/posts\/12944\/revisions"}],"predecessor-version":[{"id":12954,"href":"https:\/\/www.ladiagonale.net\/index.php\/wp-json\/wp\/v2\/posts\/12944\/revisions\/12954"}],"wp:attachment":[{"href":"https:\/\/www.ladiagonale.net\/index.php\/wp-json\/wp\/v2\/media?parent=12944"}],"wp:term":[{"taxonomy":"category","embeddable":true,"href":"https:\/\/www.ladiagonale.net\/index.php\/wp-json\/wp\/v2\/categories?post=12944"},{"taxonomy":"post_tag","embeddable":true,"href":"https:\/\/www.ladiagonale.net\/index.php\/wp-json\/wp\/v2\/tags?post=12944"}],"curies":[{"name":"wp","href":"https:\/\/api.w.org\/{rel}","templated":true}]}}