{"id":12946,"date":"2023-05-30T15:46:24","date_gmt":"2023-05-30T13:46:24","guid":{"rendered":"https:\/\/www.ladiagonale.net\/?p=12946"},"modified":"2023-05-30T15:49:51","modified_gmt":"2023-05-30T13:49:51","slug":"benama-devrait-signer-son-contrat-professionnel","status":"publish","type":"post","link":"https:\/\/www.ladiagonale.net\/index.php\/2023\/05\/30\/benama-devrait-signer-son-contrat-professionnel\/","title":{"rendered":"Benama devrait signer son contrat professionnel"},"content":{"rendered":"\n\n\n<p>Mayssam Benama devrait bien passer professionnel avec l&rsquo;AS Monaco. Le milieu de terrain de 17 ans, va signer son premier contrat professionnel en Principaut\u00e9, selon des informations de Lo\u00efc Tanzi que nous sommes en mesure de confirmer, <a href=\"https:\/\/www.ladiagonale.net\/index.php\/2023\/04\/30\/monaco-et-benama-negocient-pour-un-contrat-pro-mais\/\">malgr\u00e9 quelques h\u00e9sitations il y a plusieurs semaines<\/a>. Le journaliste de <em>Nice-Matin<\/em>, Christopher Roux \u00e9voque un contrat de trois saisons.<\/p>\n\n\n\n<p>Cette saison, le m\u00e9tronome des U19 a fait 13 apparitions avec l&rsquo;\u00e9quipe de Fr\u00e9d\u00e9ric Barilaro et a r\u00e9cemment <a href=\"https:\/\/www.ladiagonale.net\/index.php\/2023\/04\/29\/monaco-remporte-la-coupe-gambardella\/\">remport\u00e9 la Coupe Gambardella avec le club de la Principaut\u00e9<\/a> contre Clermont (4-2, le 29 avril), o\u00f9 il a eu une part pr\u00e9pond\u00e9rante dans le parcours as\u00e9miste. Ce mardi, Benama a appris <a href=\"https:\/\/www.ladiagonale.net\/index.php\/2023\/05\/30\/ben-seghir-et-benama-vont-disputer-le-tournoi-de-toulon\/\">sa convocation avec l&rsquo;\u00e9quipe de France U18<\/a> pour disputer le tournoi Maurice-Revello en compagnie d&rsquo;Eliesse Ben Seghir.<\/p>\n","protected":false},"excerpt":{"rendered":"<p>Mayssam Benama devrait bien passer professionnel avec l&rsquo;AS Monaco. Le milieu de terrain de 17 ans, va signer son premier contrat professionnel en Principaut\u00e9, selon des informations de Lo\u00efc Tanzi que nous sommes en mesure de confirmer, malgr\u00e9 quelques h\u00e9sitations il y a plusieurs semaines. Le journaliste de Nice-Matin, Christopher Roux \u00e9voque un contrat de [&#8230;]\n","protected":false},"author":2,"featured_media":0,"comment_status":"open","ping_status":"open","sticky":false,"template":"","format":"standard","meta":[],"categories":[6],"tags":[76,86,453],"yoast_head":"<!-- This site is optimized with the Yoast SEO plugin v19.8 - https:\/\/yoast.com\/wordpress\/plugins\/seo\/ -->\n<title>Benama devrait signer son contrat professionnel - La Diagonale<\/title>\n<meta name=\"robots\" content=\"index, follow, max-snippet:-1, max-image-preview:large, max-video-preview:-1\" \/>\n<link rel=\"canonical\" href=\"https:\/\/www.ladiagonale.net\/index.php\/2023\/05\/30\/benama-devrait-signer-son-contrat-professionnel\/\" \/>\n<meta property=\"og:locale\" content=\"fr_FR\" \/>\n<meta property=\"og:type\" content=\"article\" \/>\n<meta property=\"og:title\" content=\"Benama devrait signer son contrat professionnel - La Diagonale\" \/>\n<meta property=\"og:description\" content=\"Mayssam Benama devrait bien passer professionnel avec l&rsquo;AS Monaco. Le milieu de terrain de 17 ans, va signer son premier contrat professionnel en Principaut\u00e9, selon des informations de Lo\u00efc Tanzi que nous sommes en mesure de confirmer, malgr\u00e9 quelques h\u00e9sitations il y a plusieurs semaines. Le journaliste de Nice-Matin, Christopher Roux \u00e9voque un contrat de [...]\" \/>\n<meta property=\"og:url\" content=\"https:\/\/www.ladiagonale.net\/index.php\/2023\/05\/30\/benama-devrait-signer-son-contrat-professionnel\/\" \/>\n<meta property=\"og:site_name\" content=\"La Diagonale\" \/>\n<meta property=\"article:published_time\" content=\"2023-05-30T13:46:24+00:00\" \/>\n<meta property=\"article:modified_time\" content=\"2023-05-30T13:49:51+00:00\" \/>\n<meta property=\"og:image\" content=\"https:\/\/www.ladiagonale.net\/wp-content\/uploads\/2023\/05\/benama.png\" \/>\n\t<meta property=\"og:image:width\" content=\"1160\" \/>\n\t<meta property=\"og:image:height\" content=\"650\" \/>\n\t<meta property=\"og:image:type\" content=\"image\/png\" \/>\n<meta name=\"author\" content=\"Damien Dellerba\" \/>\n<meta name=\"twitter:card\" content=\"summary_large_image\" \/>\n<meta name=\"twitter:image\" content=\"https:\/\/www.ladiagonale.net\/wp-content\/uploads\/2023\/05\/benama.png\" \/>\n<meta name=\"twitter:label1\" content=\"\u00c9crit par\" \/>\n\t<meta name=\"twitter:data1\" content=\"Damien Dellerba\" \/>\n\t<meta name=\"twitter:label2\" content=\"Dur\u00e9e de lecture estim\u00e9e\" \/>\n\t<meta name=\"twitter:data2\" content=\"1 minute\" \/>\n<script type=\"application\/ld+json\" class=\"yoast-schema-graph\">{\"@context\":\"https:\/\/schema.org\",\"@graph\":[{\"@type\":\"WebPage\",\"@id\":\"https:\/\/www.ladiagonale.net\/index.php\/2023\/05\/30\/benama-devrait-signer-son-contrat-professionnel\/\",\"url\":\"https:\/\/www.ladiagonale.net\/index.php\/2023\/05\/30\/benama-devrait-signer-son-contrat-professionnel\/\",\"name\":\"Benama devrait signer son contrat professionnel - La Diagonale\",\"isPartOf\":{\"@id\":\"https:\/\/www.ladiagonale.net\/#website\"},\"datePublished\":\"2023-05-30T13:46:24+00:00\",\"dateModified\":\"2023-05-30T13:49:51+00:00\",\"author\":{\"@id\":\"https:\/\/www.ladiagonale.net\/#\/schema\/person\/79ff1e7b0853ed01b2aa26e64ad300bf\"},\"breadcrumb\":{\"@id\":\"https:\/\/www.ladiagonale.net\/index.php\/2023\/05\/30\/benama-devrait-signer-son-contrat-professionnel\/#breadcrumb\"},\"inLanguage\":\"fr-FR\",\"potentialAction\":[{\"@type\":\"ReadAction\",\"target\":[\"https:\/\/www.ladiagonale.net\/index.php\/2023\/05\/30\/benama-devrait-signer-son-contrat-professionnel\/\"]}]},{\"@type\":\"BreadcrumbList\",\"@id\":\"https:\/\/www.ladiagonale.net\/index.php\/2023\/05\/30\/benama-devrait-signer-son-contrat-professionnel\/#breadcrumb\",\"itemListElement\":[{\"@type\":\"ListItem\",\"position\":1,\"name\":\"Accueil\",\"item\":\"https:\/\/www.ladiagonale.net\/\"},{\"@type\":\"ListItem\",\"position\":2,\"name\":\"Benama devrait signer son contrat professionnel\"}]},{\"@type\":\"WebSite\",\"@id\":\"https:\/\/www.ladiagonale.net\/#website\",\"url\":\"https:\/\/www.ladiagonale.net\/\",\"name\":\"La Diagonale\",\"description\":\"Le site des supporters de l&#039;AS Monaco FC\",\"potentialAction\":[{\"@type\":\"SearchAction\",\"target\":{\"@type\":\"EntryPoint\",\"urlTemplate\":\"https:\/\/www.ladiagonale.net\/?s={search_term_string}\"},\"query-input\":\"required name=search_term_string\"}],\"inLanguage\":\"fr-FR\"},{\"@type\":\"Person\",\"@id\":\"https:\/\/www.ladiagonale.net\/#\/schema\/person\/79ff1e7b0853ed01b2aa26e64ad300bf\",\"name\":\"Damien Dellerba\",\"image\":{\"@type\":\"ImageObject\",\"inLanguage\":\"fr-FR\",\"@id\":\"https:\/\/www.ladiagonale.net\/#\/schema\/person\/image\/\",\"url\":\"https:\/\/secure.gravatar.com\/avatar\/c7850e06d3ff63cdbaee88b7fc16e2f0?s=96&d=mm&r=g\",\"contentUrl\":\"https:\/\/secure.gravatar.com\/avatar\/c7850e06d3ff63cdbaee88b7fc16e2f0?s=96&d=mm&r=g\",\"caption\":\"Damien Dellerba\"},\"url\":\"https:\/\/www.ladiagonale.net\/index.php\/author\/damien\/\"}]}<\/script>\n<!-- \/ Yoast SEO plugin. -->","yoast_head_json":{"title":"Benama devrait signer son contrat professionnel - La Diagonale","robots":{"index":"index","follow":"follow","max-snippet":"max-snippet:-1","max-image-preview":"max-image-preview:large","max-video-preview":"max-video-preview:-1"},"canonical":"https:\/\/www.ladiagonale.net\/index.php\/2023\/05\/30\/benama-devrait-signer-son-contrat-professionnel\/","og_locale":"fr_FR","og_type":"article","og_title":"Benama devrait signer son contrat professionnel - La Diagonale","og_description":"Mayssam Benama devrait bien passer professionnel avec l&rsquo;AS Monaco. Le milieu de terrain de 17 ans, va signer son premier contrat professionnel en Principaut\u00e9, selon des informations de Lo\u00efc Tanzi que nous sommes en mesure de confirmer, malgr\u00e9 quelques h\u00e9sitations il y a plusieurs semaines. Le journaliste de Nice-Matin, Christopher Roux \u00e9voque un contrat de [...]","og_url":"https:\/\/www.ladiagonale.net\/index.php\/2023\/05\/30\/benama-devrait-signer-son-contrat-professionnel\/","og_site_name":"La Diagonale","article_published_time":"2023-05-30T13:46:24+00:00","article_modified_time":"2023-05-30T13:49:51+00:00","og_image":[{"width":1160,"height":650,"url":"https:\/\/www.ladiagonale.net\/wp-content\/uploads\/2023\/05\/benama.png","type":"image\/png"}],"author":"Damien Dellerba","twitter_card":"summary_large_image","twitter_image":"https:\/\/www.ladiagonale.net\/wp-content\/uploads\/2023\/05\/benama.png","twitter_misc":{"\u00c9crit par":"Damien Dellerba","Dur\u00e9e de lecture estim\u00e9e":"1 minute"},"schema":{"@context":"https:\/\/schema.org","@graph":[{"@type":"WebPage","@id":"https:\/\/www.ladiagonale.net\/index.php\/2023\/05\/30\/benama-devrait-signer-son-contrat-professionnel\/","url":"https:\/\/www.ladiagonale.net\/index.php\/2023\/05\/30\/benama-devrait-signer-son-contrat-professionnel\/","name":"Benama devrait signer son contrat professionnel - La Diagonale","isPartOf":{"@id":"https:\/\/www.ladiagonale.net\/#website"},"datePublished":"2023-05-30T13:46:24+00:00","dateModified":"2023-05-30T13:49:51+00:00","author":{"@id":"https:\/\/www.ladiagonale.net\/#\/schema\/person\/79ff1e7b0853ed01b2aa26e64ad300bf"},"breadcrumb":{"@id":"https:\/\/www.ladiagonale.net\/index.php\/2023\/05\/30\/benama-devrait-signer-son-contrat-professionnel\/#breadcrumb"},"inLanguage":"fr-FR","potentialAction":[{"@type":"ReadAction","target":["https:\/\/www.ladiagonale.net\/index.php\/2023\/05\/30\/benama-devrait-signer-son-contrat-professionnel\/"]}]},{"@type":"BreadcrumbList","@id":"https:\/\/www.ladiagonale.net\/index.php\/2023\/05\/30\/benama-devrait-signer-son-contrat-professionnel\/#breadcrumb","itemListElement":[{"@type":"ListItem","position":1,"name":"Accueil","item":"https:\/\/www.ladiagonale.net\/"},{"@type":"ListItem","position":2,"name":"Benama devrait signer son contrat professionnel"}]},{"@type":"WebSite","@id":"https:\/\/www.ladiagonale.net\/#website","url":"https:\/\/www.ladiagonale.net\/","name":"La Diagonale","description":"Le site des supporters de l&#039;AS Monaco FC","potentialAction":[{"@type":"SearchAction","target":{"@type":"EntryPoint","urlTemplate":"https:\/\/www.ladiagonale.net\/?s={search_term_string}"},"query-input":"required name=search_term_string"}],"inLanguage":"fr-FR"},{"@type":"Person","@id":"https:\/\/www.ladiagonale.net\/#\/schema\/person\/79ff1e7b0853ed01b2aa26e64ad300bf","name":"Damien Dellerba","image":{"@type":"ImageObject","inLanguage":"fr-FR","@id":"https:\/\/www.ladiagonale.net\/#\/schema\/person\/image\/","url":"https:\/\/secure.gravatar.com\/avatar\/c7850e06d3ff63cdbaee88b7fc16e2f0?s=96&d=mm&r=g","contentUrl":"https:\/\/secure.gravatar.com\/avatar\/c7850e06d3ff63cdbaee88b7fc16e2f0?s=96&d=mm&r=g","caption":"Damien Dellerba"},"url":"https:\/\/www.ladiagonale.net\/index.php\/author\/damien\/"}]}},"_links":{"self":[{"href":"https:\/\/www.ladiagonale.net\/index.php\/wp-json\/wp\/v2\/posts\/12946"}],"collection":[{"href":"https:\/\/www.ladiagonale.net\/index.php\/wp-json\/wp\/v2\/posts"}],"about":[{"href":"https:\/\/www.ladiagonale.net\/index.php\/wp-json\/wp\/v2\/types\/post"}],"author":[{"embeddable":true,"href":"https:\/\/www.ladiagonale.net\/index.php\/wp-json\/wp\/v2\/users\/2"}],"replies":[{"embeddable":true,"href":"https:\/\/www.ladiagonale.net\/index.php\/wp-json\/wp\/v2\/comments?post=12946"}],"version-history":[{"count":3,"href":"https:\/\/www.ladiagonale.net\/index.php\/wp-json\/wp\/v2\/posts\/12946\/revisions"}],"predecessor-version":[{"id":12950,"href":"https:\/\/www.ladiagonale.net\/index.php\/wp-json\/wp\/v2\/posts\/12946\/revisions\/12950"}],"wp:attachment":[{"href":"https:\/\/www.ladiagonale.net\/index.php\/wp-json\/wp\/v2\/media?parent=12946"}],"wp:term":[{"taxonomy":"category","embeddable":true,"href":"https:\/\/www.ladiagonale.net\/index.php\/wp-json\/wp\/v2\/categories?post=12946"},{"taxonomy":"post_tag","embeddable":true,"href":"https:\/\/www.ladiagonale.net\/index.php\/wp-json\/wp\/v2\/tags?post=12946"}],"curies":[{"name":"wp","href":"https:\/\/api.w.org\/{rel}","templated":true}]}}