{"id":12958,"date":"2023-05-31T02:09:30","date_gmt":"2023-05-31T00:09:30","guid":{"rendered":"https:\/\/www.ladiagonale.net\/?p=12958"},"modified":"2023-05-31T02:09:33","modified_gmt":"2023-05-31T00:09:33","slug":"bouabre-mene-les-bleuets-en-finale-de-leuro","status":"publish","type":"post","link":"https:\/\/www.ladiagonale.net\/index.php\/2023\/05\/31\/bouabre-mene-les-bleuets-en-finale-de-leuro\/","title":{"rendered":"Bouabr\u00e9 m\u00e8ne les Bleuets en finale de l\u2019Euro"},"content":{"rendered":"\n\n\n<p>Lors de la demi-finale qui a oppos\u00e9 la France \u00e0 l&rsquo;Espagne (3-1) mardi soir, le Mon\u00e9gasque Sa\u00efmon Bouabr\u00e9 a encore r\u00e9alis\u00e9 une performance de tout premier ordre pour mener les tricolores en finale de l&rsquo;Euro U17. Le jeune milieu de terrain, que <a href=\"https:\/\/www.ladiagonale.net\/index.php\/2023\/05\/30\/bouabre-negocie-avec-lasm\/\">Monaco essaie de s\u00e9curiser avec une proposition de contrat professionnel<\/a>, a d\u00e9livr\u00e9 une passe d\u00e9cisive pour Mathis Lambourde sur corner, pour le but de l&rsquo;\u00e9galisation \u00e0 l&rsquo;amorce du dernier quart d&rsquo;heure de la rencontre (1-1, 73<sup>e<\/sup>).<\/p>\n\n\n\n<figure class=\"wp-block-embed is-type-rich is-provider-twitter wp-block-embed-twitter\"><div class=\"wp-block-embed__wrapper\">\n<blockquote class=\"twitter-tweet\" data-width=\"550\" data-dnt=\"true\"><p lang=\"fr\" dir=\"ltr\">MATHIS LAMBOURDE \ud83c\uddeb\ud83c\uddf7(2006) HEADS LEVEL!!!<br>SA\u00cfMON BOUABR\u00c9 \ud83c\uddeb\ud83c\uddf7(2006) WITH THE ASSIST!!!<a href=\"https:\/\/twitter.com\/hashtag\/U17Euro?src=hash&amp;ref_src=twsrc%5Etfw\">#U17Euro<\/a> <a href=\"https:\/\/t.co\/P9m6ElfaRW\">pic.twitter.com\/P9m6ElfaRW<\/a><\/p>&mdash; Football Report (@FootballReprt) <a href=\"https:\/\/twitter.com\/FootballReprt\/status\/1663630006751248388?ref_src=twsrc%5Etfw\">May 30, 2023<\/a><\/blockquote><script async src=\"https:\/\/platform.twitter.com\/widgets.js\" charset=\"utf-8\"><\/script>\n<\/div><\/figure>\n\n\n\n<p>Men\u00e9s, les hommes de Jean-Luc Vannuchi ont bien r\u00e9agi et ont enfonc\u00e9 le clou quelques minutes plus tard par Issoufou (1-2, 80<sup>e<\/sup>). Dans le temps additionnel, un tir repouss\u00e9 de Bouabr\u00e9 par le gardien espagnol s&rsquo;est transform\u00e9 en passe d\u00e9cisive pour Gomis, qui a parachev\u00e9 le succ\u00e8s des tricolores (3-1, 90<sup>e<\/sup>+1). Si Bouabr\u00e9 a disput\u00e9 l&rsquo;int\u00e9gralit\u00e9 de cette rencontre, Joan Tincres est entr\u00e9 juste apr\u00e8s le troisi\u00e8me but (90<sup>e<\/sup>+2), tandis que Dan Sinat\u00e9 est rest\u00e9 sur le banc.<\/p>\n\n\n\n<figure class=\"wp-block-embed is-type-rich is-provider-twitter wp-block-embed-twitter\"><div class=\"wp-block-embed__wrapper\">\n<blockquote class=\"twitter-tweet\" data-width=\"550\" data-dnt=\"true\"><p lang=\"en\" dir=\"ltr\">TIDIAM GOMIS \ud83c\uddeb\ud83c\uddf7\ud83c\uddf8\ud83c\uddf3(2006) WITH THE DAGGER!!!<br>SA\u00cfMON BOUABR\u00c9 \ud83c\uddeb\ud83c\uddf7\ud83c\udde8\ud83c\uddee(2006) WITH THE ASSIST!<br>NHOA SANGUI \ud83c\uddf2\ud83c\uddeb(2006) WITH A GREAT RUN TO START THE MOVE!!<a href=\"https:\/\/twitter.com\/hashtag\/U17Euro?src=hash&amp;ref_src=twsrc%5Etfw\">#U17Euro<\/a> <a href=\"https:\/\/t.co\/LbhJ0CFrnX\">pic.twitter.com\/LbhJ0CFrnX<\/a><\/p>&mdash; Football Report (@FootballReprt) <a href=\"https:\/\/twitter.com\/FootballReprt\/status\/1663634831576539140?ref_src=twsrc%5Etfw\">May 30, 2023<\/a><\/blockquote><script async src=\"https:\/\/platform.twitter.com\/widgets.js\" charset=\"utf-8\"><\/script>\n<\/div><\/figure>\n\n\n\n<p>Les Bleuets pourront donc tenter de conserver leur titre de champion d&rsquo;Europe acquis l&rsquo;ann\u00e9e derni\u00e8re et les trois repr\u00e9sentants de l&rsquo;AS Monaco, qui font partie de la d\u00e9l\u00e9gation fran\u00e7aise, auront la possibilit\u00e9 de succ\u00e9der \u00e0 Lisandru Olmeta au palmar\u00e8s. En finale, vendredi (20h), la France retrouvera l&rsquo;Allemagne, qui l&rsquo;a battue lors de la seconde journ\u00e9e de la phase de poules (3-1). <\/p>\n","protected":false},"excerpt":{"rendered":"<p>Lors de la demi-finale qui a oppos\u00e9 la France \u00e0 l&rsquo;Espagne (3-1) mardi soir, le Mon\u00e9gasque Sa\u00efmon Bouabr\u00e9 a encore r\u00e9alis\u00e9 une performance de tout premier ordre pour mener les tricolores en finale de l&rsquo;Euro U17. Le jeune milieu de terrain, que Monaco essaie de s\u00e9curiser avec une proposition de contrat professionnel, a d\u00e9livr\u00e9 une [&#8230;]\n","protected":false},"author":2,"featured_media":0,"comment_status":"open","ping_status":"open","sticky":false,"template":"","format":"standard","meta":[],"categories":[4,6],"tags":[76,86,538,93,413,116],"yoast_head":"<!-- This site is optimized with the Yoast SEO plugin v19.8 - https:\/\/yoast.com\/wordpress\/plugins\/seo\/ -->\n<title>Bouabr\u00e9 m\u00e8ne les Bleuets en finale de l\u2019Euro - La Diagonale<\/title>\n<meta name=\"robots\" content=\"index, follow, max-snippet:-1, max-image-preview:large, max-video-preview:-1\" \/>\n<link rel=\"canonical\" href=\"https:\/\/www.ladiagonale.net\/index.php\/2023\/05\/31\/bouabre-mene-les-bleuets-en-finale-de-leuro\/\" \/>\n<meta property=\"og:locale\" content=\"fr_FR\" \/>\n<meta property=\"og:type\" content=\"article\" \/>\n<meta property=\"og:title\" content=\"Bouabr\u00e9 m\u00e8ne les Bleuets en finale de l\u2019Euro - La Diagonale\" \/>\n<meta property=\"og:description\" content=\"Lors de la demi-finale qui a oppos\u00e9 la France \u00e0 l&rsquo;Espagne (3-1) mardi soir, le Mon\u00e9gasque Sa\u00efmon Bouabr\u00e9 a encore r\u00e9alis\u00e9 une performance de tout premier ordre pour mener les tricolores en finale de l&rsquo;Euro U17. Le jeune milieu de terrain, que Monaco essaie de s\u00e9curiser avec une proposition de contrat professionnel, a d\u00e9livr\u00e9 une [...]\" \/>\n<meta property=\"og:url\" content=\"https:\/\/www.ladiagonale.net\/index.php\/2023\/05\/31\/bouabre-mene-les-bleuets-en-finale-de-leuro\/\" \/>\n<meta property=\"og:site_name\" content=\"La Diagonale\" \/>\n<meta property=\"article:published_time\" content=\"2023-05-31T00:09:30+00:00\" \/>\n<meta property=\"article:modified_time\" content=\"2023-05-31T00:09:33+00:00\" \/>\n<meta property=\"og:image\" content=\"https:\/\/www.ladiagonale.net\/wp-content\/uploads\/2023\/05\/bouabre\u0301.png\" \/>\n\t<meta property=\"og:image:width\" content=\"1160\" \/>\n\t<meta property=\"og:image:height\" content=\"650\" \/>\n\t<meta property=\"og:image:type\" content=\"image\/png\" \/>\n<meta name=\"author\" content=\"Damien Dellerba\" \/>\n<meta name=\"twitter:card\" content=\"summary_large_image\" \/>\n<meta name=\"twitter:image\" content=\"https:\/\/www.ladiagonale.net\/wp-content\/uploads\/2023\/05\/bouabre\u0301.png\" \/>\n<meta name=\"twitter:label1\" content=\"\u00c9crit par\" \/>\n\t<meta name=\"twitter:data1\" content=\"Damien Dellerba\" \/>\n\t<meta name=\"twitter:label2\" content=\"Dur\u00e9e de lecture estim\u00e9e\" \/>\n\t<meta name=\"twitter:data2\" content=\"2 minutes\" \/>\n<script type=\"application\/ld+json\" class=\"yoast-schema-graph\">{\"@context\":\"https:\/\/schema.org\",\"@graph\":[{\"@type\":\"WebPage\",\"@id\":\"https:\/\/www.ladiagonale.net\/index.php\/2023\/05\/31\/bouabre-mene-les-bleuets-en-finale-de-leuro\/\",\"url\":\"https:\/\/www.ladiagonale.net\/index.php\/2023\/05\/31\/bouabre-mene-les-bleuets-en-finale-de-leuro\/\",\"name\":\"Bouabr\u00e9 m\u00e8ne les Bleuets en finale de l\u2019Euro - La Diagonale\",\"isPartOf\":{\"@id\":\"https:\/\/www.ladiagonale.net\/#website\"},\"datePublished\":\"2023-05-31T00:09:30+00:00\",\"dateModified\":\"2023-05-31T00:09:33+00:00\",\"author\":{\"@id\":\"https:\/\/www.ladiagonale.net\/#\/schema\/person\/79ff1e7b0853ed01b2aa26e64ad300bf\"},\"breadcrumb\":{\"@id\":\"https:\/\/www.ladiagonale.net\/index.php\/2023\/05\/31\/bouabre-mene-les-bleuets-en-finale-de-leuro\/#breadcrumb\"},\"inLanguage\":\"fr-FR\",\"potentialAction\":[{\"@type\":\"ReadAction\",\"target\":[\"https:\/\/www.ladiagonale.net\/index.php\/2023\/05\/31\/bouabre-mene-les-bleuets-en-finale-de-leuro\/\"]}]},{\"@type\":\"BreadcrumbList\",\"@id\":\"https:\/\/www.ladiagonale.net\/index.php\/2023\/05\/31\/bouabre-mene-les-bleuets-en-finale-de-leuro\/#breadcrumb\",\"itemListElement\":[{\"@type\":\"ListItem\",\"position\":1,\"name\":\"Accueil\",\"item\":\"https:\/\/www.ladiagonale.net\/\"},{\"@type\":\"ListItem\",\"position\":2,\"name\":\"Bouabr\u00e9 m\u00e8ne les Bleuets en finale de l\u2019Euro\"}]},{\"@type\":\"WebSite\",\"@id\":\"https:\/\/www.ladiagonale.net\/#website\",\"url\":\"https:\/\/www.ladiagonale.net\/\",\"name\":\"La Diagonale\",\"description\":\"Le site des supporters de l&#039;AS Monaco FC\",\"potentialAction\":[{\"@type\":\"SearchAction\",\"target\":{\"@type\":\"EntryPoint\",\"urlTemplate\":\"https:\/\/www.ladiagonale.net\/?s={search_term_string}\"},\"query-input\":\"required name=search_term_string\"}],\"inLanguage\":\"fr-FR\"},{\"@type\":\"Person\",\"@id\":\"https:\/\/www.ladiagonale.net\/#\/schema\/person\/79ff1e7b0853ed01b2aa26e64ad300bf\",\"name\":\"Damien Dellerba\",\"image\":{\"@type\":\"ImageObject\",\"inLanguage\":\"fr-FR\",\"@id\":\"https:\/\/www.ladiagonale.net\/#\/schema\/person\/image\/\",\"url\":\"https:\/\/secure.gravatar.com\/avatar\/c7850e06d3ff63cdbaee88b7fc16e2f0?s=96&d=mm&r=g\",\"contentUrl\":\"https:\/\/secure.gravatar.com\/avatar\/c7850e06d3ff63cdbaee88b7fc16e2f0?s=96&d=mm&r=g\",\"caption\":\"Damien Dellerba\"},\"url\":\"https:\/\/www.ladiagonale.net\/index.php\/author\/damien\/\"}]}<\/script>\n<!-- \/ Yoast SEO plugin. -->","yoast_head_json":{"title":"Bouabr\u00e9 m\u00e8ne les Bleuets en finale de l\u2019Euro - La Diagonale","robots":{"index":"index","follow":"follow","max-snippet":"max-snippet:-1","max-image-preview":"max-image-preview:large","max-video-preview":"max-video-preview:-1"},"canonical":"https:\/\/www.ladiagonale.net\/index.php\/2023\/05\/31\/bouabre-mene-les-bleuets-en-finale-de-leuro\/","og_locale":"fr_FR","og_type":"article","og_title":"Bouabr\u00e9 m\u00e8ne les Bleuets en finale de l\u2019Euro - La Diagonale","og_description":"Lors de la demi-finale qui a oppos\u00e9 la France \u00e0 l&rsquo;Espagne (3-1) mardi soir, le Mon\u00e9gasque Sa\u00efmon Bouabr\u00e9 a encore r\u00e9alis\u00e9 une performance de tout premier ordre pour mener les tricolores en finale de l&rsquo;Euro U17. Le jeune milieu de terrain, que Monaco essaie de s\u00e9curiser avec une proposition de contrat professionnel, a d\u00e9livr\u00e9 une [...]","og_url":"https:\/\/www.ladiagonale.net\/index.php\/2023\/05\/31\/bouabre-mene-les-bleuets-en-finale-de-leuro\/","og_site_name":"La Diagonale","article_published_time":"2023-05-31T00:09:30+00:00","article_modified_time":"2023-05-31T00:09:33+00:00","og_image":[{"width":1160,"height":650,"url":"https:\/\/www.ladiagonale.net\/wp-content\/uploads\/2023\/05\/bouabre\u0301.png","type":"image\/png"}],"author":"Damien Dellerba","twitter_card":"summary_large_image","twitter_image":"https:\/\/www.ladiagonale.net\/wp-content\/uploads\/2023\/05\/bouabre\u0301.png","twitter_misc":{"\u00c9crit par":"Damien Dellerba","Dur\u00e9e de lecture estim\u00e9e":"2 minutes"},"schema":{"@context":"https:\/\/schema.org","@graph":[{"@type":"WebPage","@id":"https:\/\/www.ladiagonale.net\/index.php\/2023\/05\/31\/bouabre-mene-les-bleuets-en-finale-de-leuro\/","url":"https:\/\/www.ladiagonale.net\/index.php\/2023\/05\/31\/bouabre-mene-les-bleuets-en-finale-de-leuro\/","name":"Bouabr\u00e9 m\u00e8ne les Bleuets en finale de l\u2019Euro - La Diagonale","isPartOf":{"@id":"https:\/\/www.ladiagonale.net\/#website"},"datePublished":"2023-05-31T00:09:30+00:00","dateModified":"2023-05-31T00:09:33+00:00","author":{"@id":"https:\/\/www.ladiagonale.net\/#\/schema\/person\/79ff1e7b0853ed01b2aa26e64ad300bf"},"breadcrumb":{"@id":"https:\/\/www.ladiagonale.net\/index.php\/2023\/05\/31\/bouabre-mene-les-bleuets-en-finale-de-leuro\/#breadcrumb"},"inLanguage":"fr-FR","potentialAction":[{"@type":"ReadAction","target":["https:\/\/www.ladiagonale.net\/index.php\/2023\/05\/31\/bouabre-mene-les-bleuets-en-finale-de-leuro\/"]}]},{"@type":"BreadcrumbList","@id":"https:\/\/www.ladiagonale.net\/index.php\/2023\/05\/31\/bouabre-mene-les-bleuets-en-finale-de-leuro\/#breadcrumb","itemListElement":[{"@type":"ListItem","position":1,"name":"Accueil","item":"https:\/\/www.ladiagonale.net\/"},{"@type":"ListItem","position":2,"name":"Bouabr\u00e9 m\u00e8ne les Bleuets en finale de l\u2019Euro"}]},{"@type":"WebSite","@id":"https:\/\/www.ladiagonale.net\/#website","url":"https:\/\/www.ladiagonale.net\/","name":"La Diagonale","description":"Le site des supporters de l&#039;AS Monaco FC","potentialAction":[{"@type":"SearchAction","target":{"@type":"EntryPoint","urlTemplate":"https:\/\/www.ladiagonale.net\/?s={search_term_string}"},"query-input":"required name=search_term_string"}],"inLanguage":"fr-FR"},{"@type":"Person","@id":"https:\/\/www.ladiagonale.net\/#\/schema\/person\/79ff1e7b0853ed01b2aa26e64ad300bf","name":"Damien Dellerba","image":{"@type":"ImageObject","inLanguage":"fr-FR","@id":"https:\/\/www.ladiagonale.net\/#\/schema\/person\/image\/","url":"https:\/\/secure.gravatar.com\/avatar\/c7850e06d3ff63cdbaee88b7fc16e2f0?s=96&d=mm&r=g","contentUrl":"https:\/\/secure.gravatar.com\/avatar\/c7850e06d3ff63cdbaee88b7fc16e2f0?s=96&d=mm&r=g","caption":"Damien Dellerba"},"url":"https:\/\/www.ladiagonale.net\/index.php\/author\/damien\/"}]}},"_links":{"self":[{"href":"https:\/\/www.ladiagonale.net\/index.php\/wp-json\/wp\/v2\/posts\/12958"}],"collection":[{"href":"https:\/\/www.ladiagonale.net\/index.php\/wp-json\/wp\/v2\/posts"}],"about":[{"href":"https:\/\/www.ladiagonale.net\/index.php\/wp-json\/wp\/v2\/types\/post"}],"author":[{"embeddable":true,"href":"https:\/\/www.ladiagonale.net\/index.php\/wp-json\/wp\/v2\/users\/2"}],"replies":[{"embeddable":true,"href":"https:\/\/www.ladiagonale.net\/index.php\/wp-json\/wp\/v2\/comments?post=12958"}],"version-history":[{"count":2,"href":"https:\/\/www.ladiagonale.net\/index.php\/wp-json\/wp\/v2\/posts\/12958\/revisions"}],"predecessor-version":[{"id":12960,"href":"https:\/\/www.ladiagonale.net\/index.php\/wp-json\/wp\/v2\/posts\/12958\/revisions\/12960"}],"wp:attachment":[{"href":"https:\/\/www.ladiagonale.net\/index.php\/wp-json\/wp\/v2\/media?parent=12958"}],"wp:term":[{"taxonomy":"category","embeddable":true,"href":"https:\/\/www.ladiagonale.net\/index.php\/wp-json\/wp\/v2\/categories?post=12958"},{"taxonomy":"post_tag","embeddable":true,"href":"https:\/\/www.ladiagonale.net\/index.php\/wp-json\/wp\/v2\/tags?post=12958"}],"curies":[{"name":"wp","href":"https:\/\/api.w.org\/{rel}","templated":true}]}}