{"id":12967,"date":"2023-05-31T14:22:35","date_gmt":"2023-05-31T12:22:35","guid":{"rendered":"https:\/\/www.ladiagonale.net\/?p=12967"},"modified":"2023-05-31T14:23:47","modified_gmt":"2023-05-31T12:23:47","slug":"disasi-et-fofana-convoques-en-equipe-de-france","status":"publish","type":"post","link":"https:\/\/www.ladiagonale.net\/index.php\/2023\/05\/31\/disasi-et-fofana-convoques-en-equipe-de-france\/","title":{"rendered":"Disasi et Fofana convoqu\u00e9s en \u00e9quipe de France"},"content":{"rendered":"\n\n\n<p>Les deux internationaux fran\u00e7ais de l&rsquo;AS Monaco, Axel Disasi et Youssouf Fofana, ont \u00e9t\u00e9 appel\u00e9s par Didier Deschamps pour le prochain rassemblement de l&rsquo;\u00e9quipe de France, malgr\u00e9 une fin de saison compliqu\u00e9e en club. L&rsquo;ancien entra\u00eeneur de l&rsquo;AS Monaco (2001-2005) a d\u00e9voil\u00e9 sa liste ce mercredi pour les rencontres face \u00e0 Gibraltar (16 juin, 20h45) \u00e0 Faro et face \u00e0 la Gr\u00e8ce (19 juin, 20h45) au Stade de France dans le cadre des \u00e9liminatoires pour l&rsquo;Euro 2024.<\/p>\n\n\n\n<p>Lors de la derni\u00e8re s\u00e9lection en mars, Youssouf Fofana avait disput\u00e9 un bout de match contre les Pays-Bas, tandis qu&rsquo;Axel Disasi, appel\u00e9 de derni\u00e8re minute pour pallier le forfait de William Saliba, n&rsquo;avait pas \u00e9t\u00e9 utilis\u00e9 par Deschamps. Le d\u00e9fenseur central d&rsquo;Arsenal, bless\u00e9 au dos depuis le 16 mars, est d&rsquo;ailleurs de nouveau absent de cette liste.<\/p>\n\n\n\n<p><strong>La liste compl\u00e8te<\/strong><\/p>\n\n\n\n<ul><li><strong>Gardiens :<\/strong> Areola, Maignan, Samba.<\/li><li><strong>D\u00e9fenseurs :<\/strong> Disasi, W. Fofana, T. Hernandez, Konat\u00e9, Kound\u00e9, F. Mendy, Pavard, Upamecano.<\/li><li><strong>Milieux :<\/strong> Camavinga, Y. Fofana, Griezmann, Rabiot, Tchouam\u00e9ni.<\/li><li><strong>Attaquants :<\/strong> Coman, Demb\u00e9l\u00e9, Giroud, Kolo Muani, Mbapp\u00e9, Nkunku, Thuram.<\/li><\/ul>\n","protected":false},"excerpt":{"rendered":"<p>Les deux internationaux fran\u00e7ais de l&rsquo;AS Monaco, Axel Disasi et Youssouf Fofana, ont \u00e9t\u00e9 appel\u00e9s par Didier Deschamps pour le prochain rassemblement de l&rsquo;\u00e9quipe de France, malgr\u00e9 une fin de saison compliqu\u00e9e en club. L&rsquo;ancien entra\u00eeneur de l&rsquo;AS Monaco (2001-2005) a d\u00e9voil\u00e9 sa liste ce mercredi pour les rencontres face \u00e0 Gibraltar (16 juin, 20h45) [&#8230;]\n","protected":false},"author":2,"featured_media":0,"comment_status":"open","ping_status":"open","sticky":false,"template":"","format":"standard","meta":[],"categories":[4,6],"tags":[86,178,83,116,176],"yoast_head":"<!-- This site is optimized with the Yoast SEO plugin v19.8 - https:\/\/yoast.com\/wordpress\/plugins\/seo\/ -->\n<title>Disasi et Fofana convoqu\u00e9s en \u00e9quipe de France - La Diagonale<\/title>\n<meta name=\"robots\" content=\"index, follow, max-snippet:-1, max-image-preview:large, max-video-preview:-1\" \/>\n<link rel=\"canonical\" href=\"https:\/\/www.ladiagonale.net\/index.php\/2023\/05\/31\/disasi-et-fofana-convoques-en-equipe-de-france\/\" \/>\n<meta property=\"og:locale\" content=\"fr_FR\" \/>\n<meta property=\"og:type\" content=\"article\" \/>\n<meta property=\"og:title\" content=\"Disasi et Fofana convoqu\u00e9s en \u00e9quipe de France - La Diagonale\" \/>\n<meta property=\"og:description\" content=\"Les deux internationaux fran\u00e7ais de l&rsquo;AS Monaco, Axel Disasi et Youssouf Fofana, ont \u00e9t\u00e9 appel\u00e9s par Didier Deschamps pour le prochain rassemblement de l&rsquo;\u00e9quipe de France, malgr\u00e9 une fin de saison compliqu\u00e9e en club. L&rsquo;ancien entra\u00eeneur de l&rsquo;AS Monaco (2001-2005) a d\u00e9voil\u00e9 sa liste ce mercredi pour les rencontres face \u00e0 Gibraltar (16 juin, 20h45) [...]\" \/>\n<meta property=\"og:url\" content=\"https:\/\/www.ladiagonale.net\/index.php\/2023\/05\/31\/disasi-et-fofana-convoques-en-equipe-de-france\/\" \/>\n<meta property=\"og:site_name\" content=\"La Diagonale\" \/>\n<meta property=\"article:published_time\" content=\"2023-05-31T12:22:35+00:00\" \/>\n<meta property=\"article:modified_time\" content=\"2023-05-31T12:23:47+00:00\" \/>\n<meta property=\"og:image\" content=\"https:\/\/www.ladiagonale.net\/wp-content\/uploads\/2022\/12\/disasi-fofana.png\" \/>\n\t<meta property=\"og:image:width\" content=\"1160\" \/>\n\t<meta property=\"og:image:height\" content=\"650\" \/>\n\t<meta property=\"og:image:type\" content=\"image\/png\" \/>\n<meta name=\"author\" content=\"Damien Dellerba\" \/>\n<meta name=\"twitter:card\" content=\"summary_large_image\" \/>\n<meta name=\"twitter:image\" content=\"https:\/\/www.ladiagonale.net\/wp-content\/uploads\/2022\/12\/disasi-fofana.png\" \/>\n<meta name=\"twitter:label1\" content=\"\u00c9crit par\" \/>\n\t<meta name=\"twitter:data1\" content=\"Damien Dellerba\" \/>\n\t<meta name=\"twitter:label2\" content=\"Dur\u00e9e de lecture estim\u00e9e\" \/>\n\t<meta name=\"twitter:data2\" content=\"1 minute\" \/>\n<script type=\"application\/ld+json\" class=\"yoast-schema-graph\">{\"@context\":\"https:\/\/schema.org\",\"@graph\":[{\"@type\":\"WebPage\",\"@id\":\"https:\/\/www.ladiagonale.net\/index.php\/2023\/05\/31\/disasi-et-fofana-convoques-en-equipe-de-france\/\",\"url\":\"https:\/\/www.ladiagonale.net\/index.php\/2023\/05\/31\/disasi-et-fofana-convoques-en-equipe-de-france\/\",\"name\":\"Disasi et Fofana convoqu\u00e9s en \u00e9quipe de France - La Diagonale\",\"isPartOf\":{\"@id\":\"https:\/\/www.ladiagonale.net\/#website\"},\"datePublished\":\"2023-05-31T12:22:35+00:00\",\"dateModified\":\"2023-05-31T12:23:47+00:00\",\"author\":{\"@id\":\"https:\/\/www.ladiagonale.net\/#\/schema\/person\/79ff1e7b0853ed01b2aa26e64ad300bf\"},\"breadcrumb\":{\"@id\":\"https:\/\/www.ladiagonale.net\/index.php\/2023\/05\/31\/disasi-et-fofana-convoques-en-equipe-de-france\/#breadcrumb\"},\"inLanguage\":\"fr-FR\",\"potentialAction\":[{\"@type\":\"ReadAction\",\"target\":[\"https:\/\/www.ladiagonale.net\/index.php\/2023\/05\/31\/disasi-et-fofana-convoques-en-equipe-de-france\/\"]}]},{\"@type\":\"BreadcrumbList\",\"@id\":\"https:\/\/www.ladiagonale.net\/index.php\/2023\/05\/31\/disasi-et-fofana-convoques-en-equipe-de-france\/#breadcrumb\",\"itemListElement\":[{\"@type\":\"ListItem\",\"position\":1,\"name\":\"Accueil\",\"item\":\"https:\/\/www.ladiagonale.net\/\"},{\"@type\":\"ListItem\",\"position\":2,\"name\":\"Disasi et Fofana convoqu\u00e9s en \u00e9quipe de France\"}]},{\"@type\":\"WebSite\",\"@id\":\"https:\/\/www.ladiagonale.net\/#website\",\"url\":\"https:\/\/www.ladiagonale.net\/\",\"name\":\"La Diagonale\",\"description\":\"Le site des supporters de l&#039;AS Monaco FC\",\"potentialAction\":[{\"@type\":\"SearchAction\",\"target\":{\"@type\":\"EntryPoint\",\"urlTemplate\":\"https:\/\/www.ladiagonale.net\/?s={search_term_string}\"},\"query-input\":\"required name=search_term_string\"}],\"inLanguage\":\"fr-FR\"},{\"@type\":\"Person\",\"@id\":\"https:\/\/www.ladiagonale.net\/#\/schema\/person\/79ff1e7b0853ed01b2aa26e64ad300bf\",\"name\":\"Damien Dellerba\",\"image\":{\"@type\":\"ImageObject\",\"inLanguage\":\"fr-FR\",\"@id\":\"https:\/\/www.ladiagonale.net\/#\/schema\/person\/image\/\",\"url\":\"https:\/\/secure.gravatar.com\/avatar\/c7850e06d3ff63cdbaee88b7fc16e2f0?s=96&d=mm&r=g\",\"contentUrl\":\"https:\/\/secure.gravatar.com\/avatar\/c7850e06d3ff63cdbaee88b7fc16e2f0?s=96&d=mm&r=g\",\"caption\":\"Damien Dellerba\"},\"url\":\"https:\/\/www.ladiagonale.net\/index.php\/author\/damien\/\"}]}<\/script>\n<!-- \/ Yoast SEO plugin. -->","yoast_head_json":{"title":"Disasi et Fofana convoqu\u00e9s en \u00e9quipe de France - La Diagonale","robots":{"index":"index","follow":"follow","max-snippet":"max-snippet:-1","max-image-preview":"max-image-preview:large","max-video-preview":"max-video-preview:-1"},"canonical":"https:\/\/www.ladiagonale.net\/index.php\/2023\/05\/31\/disasi-et-fofana-convoques-en-equipe-de-france\/","og_locale":"fr_FR","og_type":"article","og_title":"Disasi et Fofana convoqu\u00e9s en \u00e9quipe de France - La Diagonale","og_description":"Les deux internationaux fran\u00e7ais de l&rsquo;AS Monaco, Axel Disasi et Youssouf Fofana, ont \u00e9t\u00e9 appel\u00e9s par Didier Deschamps pour le prochain rassemblement de l&rsquo;\u00e9quipe de France, malgr\u00e9 une fin de saison compliqu\u00e9e en club. L&rsquo;ancien entra\u00eeneur de l&rsquo;AS Monaco (2001-2005) a d\u00e9voil\u00e9 sa liste ce mercredi pour les rencontres face \u00e0 Gibraltar (16 juin, 20h45) [...]","og_url":"https:\/\/www.ladiagonale.net\/index.php\/2023\/05\/31\/disasi-et-fofana-convoques-en-equipe-de-france\/","og_site_name":"La Diagonale","article_published_time":"2023-05-31T12:22:35+00:00","article_modified_time":"2023-05-31T12:23:47+00:00","og_image":[{"width":1160,"height":650,"url":"https:\/\/www.ladiagonale.net\/wp-content\/uploads\/2022\/12\/disasi-fofana.png","type":"image\/png"}],"author":"Damien Dellerba","twitter_card":"summary_large_image","twitter_image":"https:\/\/www.ladiagonale.net\/wp-content\/uploads\/2022\/12\/disasi-fofana.png","twitter_misc":{"\u00c9crit par":"Damien Dellerba","Dur\u00e9e de lecture estim\u00e9e":"1 minute"},"schema":{"@context":"https:\/\/schema.org","@graph":[{"@type":"WebPage","@id":"https:\/\/www.ladiagonale.net\/index.php\/2023\/05\/31\/disasi-et-fofana-convoques-en-equipe-de-france\/","url":"https:\/\/www.ladiagonale.net\/index.php\/2023\/05\/31\/disasi-et-fofana-convoques-en-equipe-de-france\/","name":"Disasi et Fofana convoqu\u00e9s en \u00e9quipe de France - La Diagonale","isPartOf":{"@id":"https:\/\/www.ladiagonale.net\/#website"},"datePublished":"2023-05-31T12:22:35+00:00","dateModified":"2023-05-31T12:23:47+00:00","author":{"@id":"https:\/\/www.ladiagonale.net\/#\/schema\/person\/79ff1e7b0853ed01b2aa26e64ad300bf"},"breadcrumb":{"@id":"https:\/\/www.ladiagonale.net\/index.php\/2023\/05\/31\/disasi-et-fofana-convoques-en-equipe-de-france\/#breadcrumb"},"inLanguage":"fr-FR","potentialAction":[{"@type":"ReadAction","target":["https:\/\/www.ladiagonale.net\/index.php\/2023\/05\/31\/disasi-et-fofana-convoques-en-equipe-de-france\/"]}]},{"@type":"BreadcrumbList","@id":"https:\/\/www.ladiagonale.net\/index.php\/2023\/05\/31\/disasi-et-fofana-convoques-en-equipe-de-france\/#breadcrumb","itemListElement":[{"@type":"ListItem","position":1,"name":"Accueil","item":"https:\/\/www.ladiagonale.net\/"},{"@type":"ListItem","position":2,"name":"Disasi et Fofana convoqu\u00e9s en \u00e9quipe de France"}]},{"@type":"WebSite","@id":"https:\/\/www.ladiagonale.net\/#website","url":"https:\/\/www.ladiagonale.net\/","name":"La Diagonale","description":"Le site des supporters de l&#039;AS Monaco FC","potentialAction":[{"@type":"SearchAction","target":{"@type":"EntryPoint","urlTemplate":"https:\/\/www.ladiagonale.net\/?s={search_term_string}"},"query-input":"required name=search_term_string"}],"inLanguage":"fr-FR"},{"@type":"Person","@id":"https:\/\/www.ladiagonale.net\/#\/schema\/person\/79ff1e7b0853ed01b2aa26e64ad300bf","name":"Damien Dellerba","image":{"@type":"ImageObject","inLanguage":"fr-FR","@id":"https:\/\/www.ladiagonale.net\/#\/schema\/person\/image\/","url":"https:\/\/secure.gravatar.com\/avatar\/c7850e06d3ff63cdbaee88b7fc16e2f0?s=96&d=mm&r=g","contentUrl":"https:\/\/secure.gravatar.com\/avatar\/c7850e06d3ff63cdbaee88b7fc16e2f0?s=96&d=mm&r=g","caption":"Damien Dellerba"},"url":"https:\/\/www.ladiagonale.net\/index.php\/author\/damien\/"}]}},"_links":{"self":[{"href":"https:\/\/www.ladiagonale.net\/index.php\/wp-json\/wp\/v2\/posts\/12967"}],"collection":[{"href":"https:\/\/www.ladiagonale.net\/index.php\/wp-json\/wp\/v2\/posts"}],"about":[{"href":"https:\/\/www.ladiagonale.net\/index.php\/wp-json\/wp\/v2\/types\/post"}],"author":[{"embeddable":true,"href":"https:\/\/www.ladiagonale.net\/index.php\/wp-json\/wp\/v2\/users\/2"}],"replies":[{"embeddable":true,"href":"https:\/\/www.ladiagonale.net\/index.php\/wp-json\/wp\/v2\/comments?post=12967"}],"version-history":[{"count":3,"href":"https:\/\/www.ladiagonale.net\/index.php\/wp-json\/wp\/v2\/posts\/12967\/revisions"}],"predecessor-version":[{"id":12970,"href":"https:\/\/www.ladiagonale.net\/index.php\/wp-json\/wp\/v2\/posts\/12967\/revisions\/12970"}],"wp:attachment":[{"href":"https:\/\/www.ladiagonale.net\/index.php\/wp-json\/wp\/v2\/media?parent=12967"}],"wp:term":[{"taxonomy":"category","embeddable":true,"href":"https:\/\/www.ladiagonale.net\/index.php\/wp-json\/wp\/v2\/categories?post=12967"},{"taxonomy":"post_tag","embeddable":true,"href":"https:\/\/www.ladiagonale.net\/index.php\/wp-json\/wp\/v2\/tags?post=12967"}],"curies":[{"name":"wp","href":"https:\/\/api.w.org\/{rel}","templated":true}]}}