{"id":12971,"date":"2023-05-31T17:23:38","date_gmt":"2023-05-31T15:23:38","guid":{"rendered":"https:\/\/www.ladiagonale.net\/?p=12971"},"modified":"2023-05-31T17:23:40","modified_gmt":"2023-05-31T15:23:40","slug":"officiel-benama-passe-professionnel","status":"publish","type":"post","link":"https:\/\/www.ladiagonale.net\/index.php\/2023\/05\/31\/officiel-benama-passe-professionnel\/","title":{"rendered":"Officiel : Benama passe professionnel"},"content":{"rendered":"\n\n\n<p>L&rsquo;AS Monaco compte un nouveau joueur professionnel dans ses rangs. Apr\u00e8s <a href=\"https:\/\/www.ladiagonale.net\/index.php\/2023\/05\/23\/officiel-michal-signe-son-premier-contrat-professionnel\/\">Lucas Michal une semaine plus t\u00f4t<\/a>, ou encore <a href=\"https:\/\/www.ladiagonale.net\/index.php\/2023\/02\/13\/officiel-ritchy-valme-passe-professionnel\/\">Ritchy Valm\u00e9 il y a quelques mois<\/a>, Mayssam Benama a sign\u00e9 son premier contrat professionnel avec le club de la Principaut\u00e9. Un engagement qui le liera \u00e0 son club formateur jusqu&rsquo;en juin 2026.<\/p>\n\n\n\n<p>Cadre des U19 nationaux de Fr\u00e9d\u00e9ric Barilaro (13 rencontres) et <a href=\"https:\/\/www.ladiagonale.net\/index.php\/2023\/04\/29\/monaco-remporte-la-coupe-gambardella\/\">vainqueur de la Coupe Gambardella contre Clermont<\/a>, o\u00f9 il avait notamment inscrit le but \u00e9galisateur en finale, Benama a \u00e9galement \u00e9t\u00e9 int\u00e9gr\u00e9 cette saison au Groupe \u00c9lite entra\u00een\u00e9 par Damien Perrinelle. International fran\u00e7ais U18 (4 s\u00e9lections) il a \u00e9t\u00e9 <a href=\"https:\/\/www.ladiagonale.net\/index.php\/2023\/05\/30\/ben-seghir-et-benama-vont-disputer-le-tournoi-de-toulon\/\">appel\u00e9 par Bernard Diom\u00e8de pour disputer le tournoi Maurice-Revello<\/a> en juin avec l&rsquo;\u00e9quipe de France U18. <\/p>\n\n\n\n<p>\u00ab <em>C&rsquo;est une tr\u00e8s grande fiert\u00e9 d&rsquo;avoir sign\u00e9 mon premier contrat professionnel avec mon club formateur<\/em>, a confi\u00e9 le milieu de terrain de 18 ans sur le site officiel du club. <em>C&rsquo;est le d\u00e9but d&rsquo;un long chemin je l&rsquo;esp\u00e8re avec l&rsquo;AS Monaco. Je tiens \u00e0 remercier tous mes formateurs, car c&rsquo;est gr\u00e2ce \u00e0 eux que je suis ici. Daghe Munegu !<\/em> \u00bb<\/p>\n\n\n\n<figure class=\"wp-block-embed is-type-rich is-provider-twitter wp-block-embed-twitter\"><div class=\"wp-block-embed__wrapper\">\n<blockquote class=\"twitter-tweet\" data-width=\"550\" data-dnt=\"true\"><p lang=\"fr\" dir=\"ltr\">Un nouveau jeune <a href=\"https:\/\/twitter.com\/hashtag\/MadeInLaDiagonale?src=hash&amp;ref_src=twsrc%5Etfw\">#MadeInLaDiagonale<\/a> passe pro \ud83d\udd1d\u2728<a href=\"https:\/\/twitter.com\/hashtag\/Benama2026?src=hash&amp;ref_src=twsrc%5Etfw\">#Benama2026<\/a> <a href=\"https:\/\/t.co\/XJCxSE3Vm0\">pic.twitter.com\/XJCxSE3Vm0<\/a><\/p>&mdash; AS Monaco \ud83c\uddf2\ud83c\udde8 (@AS_Monaco) <a href=\"https:\/\/twitter.com\/AS_Monaco\/status\/1663923304288092160?ref_src=twsrc%5Etfw\">May 31, 2023<\/a><\/blockquote><script async src=\"https:\/\/platform.twitter.com\/widgets.js\" charset=\"utf-8\"><\/script>\n<\/div><\/figure>\n","protected":false},"excerpt":{"rendered":"<p>L&rsquo;AS Monaco compte un nouveau joueur professionnel dans ses rangs. Apr\u00e8s Lucas Michal une semaine plus t\u00f4t, ou encore Ritchy Valm\u00e9 il y a quelques mois, Mayssam Benama a sign\u00e9 son premier contrat professionnel avec le club de la Principaut\u00e9. Un engagement qui le liera \u00e0 son club formateur jusqu&rsquo;en juin 2026. Cadre des U19 [&#8230;]\n","protected":false},"author":2,"featured_media":0,"comment_status":"open","ping_status":"open","sticky":false,"template":"","format":"standard","meta":[],"categories":[4,6],"tags":[76,86,314,453],"yoast_head":"<!-- This site is optimized with the Yoast SEO plugin v19.8 - https:\/\/yoast.com\/wordpress\/plugins\/seo\/ -->\n<title>Officiel : Benama passe professionnel - La Diagonale<\/title>\n<meta name=\"robots\" content=\"index, follow, max-snippet:-1, max-image-preview:large, max-video-preview:-1\" \/>\n<link rel=\"canonical\" href=\"https:\/\/www.ladiagonale.net\/index.php\/2023\/05\/31\/officiel-benama-passe-professionnel\/\" \/>\n<meta property=\"og:locale\" content=\"fr_FR\" \/>\n<meta property=\"og:type\" content=\"article\" \/>\n<meta property=\"og:title\" content=\"Officiel : Benama passe professionnel - La Diagonale\" \/>\n<meta property=\"og:description\" content=\"L&rsquo;AS Monaco compte un nouveau joueur professionnel dans ses rangs. Apr\u00e8s Lucas Michal une semaine plus t\u00f4t, ou encore Ritchy Valm\u00e9 il y a quelques mois, Mayssam Benama a sign\u00e9 son premier contrat professionnel avec le club de la Principaut\u00e9. Un engagement qui le liera \u00e0 son club formateur jusqu&rsquo;en juin 2026. Cadre des U19 [...]\" \/>\n<meta property=\"og:url\" content=\"https:\/\/www.ladiagonale.net\/index.php\/2023\/05\/31\/officiel-benama-passe-professionnel\/\" \/>\n<meta property=\"og:site_name\" content=\"La Diagonale\" \/>\n<meta property=\"article:published_time\" content=\"2023-05-31T15:23:38+00:00\" \/>\n<meta property=\"article:modified_time\" content=\"2023-05-31T15:23:40+00:00\" \/>\n<meta name=\"author\" content=\"Damien Dellerba\" \/>\n<meta name=\"twitter:card\" content=\"summary_large_image\" \/>\n<meta name=\"twitter:label1\" content=\"\u00c9crit par\" \/>\n\t<meta name=\"twitter:data1\" content=\"Damien Dellerba\" \/>\n\t<meta name=\"twitter:label2\" content=\"Dur\u00e9e de lecture estim\u00e9e\" \/>\n\t<meta name=\"twitter:data2\" content=\"1 minute\" \/>\n<script type=\"application\/ld+json\" class=\"yoast-schema-graph\">{\"@context\":\"https:\/\/schema.org\",\"@graph\":[{\"@type\":\"WebPage\",\"@id\":\"https:\/\/www.ladiagonale.net\/index.php\/2023\/05\/31\/officiel-benama-passe-professionnel\/\",\"url\":\"https:\/\/www.ladiagonale.net\/index.php\/2023\/05\/31\/officiel-benama-passe-professionnel\/\",\"name\":\"Officiel : Benama passe professionnel - La Diagonale\",\"isPartOf\":{\"@id\":\"https:\/\/www.ladiagonale.net\/#website\"},\"datePublished\":\"2023-05-31T15:23:38+00:00\",\"dateModified\":\"2023-05-31T15:23:40+00:00\",\"author\":{\"@id\":\"https:\/\/www.ladiagonale.net\/#\/schema\/person\/79ff1e7b0853ed01b2aa26e64ad300bf\"},\"breadcrumb\":{\"@id\":\"https:\/\/www.ladiagonale.net\/index.php\/2023\/05\/31\/officiel-benama-passe-professionnel\/#breadcrumb\"},\"inLanguage\":\"fr-FR\",\"potentialAction\":[{\"@type\":\"ReadAction\",\"target\":[\"https:\/\/www.ladiagonale.net\/index.php\/2023\/05\/31\/officiel-benama-passe-professionnel\/\"]}]},{\"@type\":\"BreadcrumbList\",\"@id\":\"https:\/\/www.ladiagonale.net\/index.php\/2023\/05\/31\/officiel-benama-passe-professionnel\/#breadcrumb\",\"itemListElement\":[{\"@type\":\"ListItem\",\"position\":1,\"name\":\"Accueil\",\"item\":\"https:\/\/www.ladiagonale.net\/\"},{\"@type\":\"ListItem\",\"position\":2,\"name\":\"Officiel : Benama passe professionnel\"}]},{\"@type\":\"WebSite\",\"@id\":\"https:\/\/www.ladiagonale.net\/#website\",\"url\":\"https:\/\/www.ladiagonale.net\/\",\"name\":\"La Diagonale\",\"description\":\"Le site des supporters de l&#039;AS Monaco FC\",\"potentialAction\":[{\"@type\":\"SearchAction\",\"target\":{\"@type\":\"EntryPoint\",\"urlTemplate\":\"https:\/\/www.ladiagonale.net\/?s={search_term_string}\"},\"query-input\":\"required name=search_term_string\"}],\"inLanguage\":\"fr-FR\"},{\"@type\":\"Person\",\"@id\":\"https:\/\/www.ladiagonale.net\/#\/schema\/person\/79ff1e7b0853ed01b2aa26e64ad300bf\",\"name\":\"Damien Dellerba\",\"image\":{\"@type\":\"ImageObject\",\"inLanguage\":\"fr-FR\",\"@id\":\"https:\/\/www.ladiagonale.net\/#\/schema\/person\/image\/\",\"url\":\"https:\/\/secure.gravatar.com\/avatar\/c7850e06d3ff63cdbaee88b7fc16e2f0?s=96&d=mm&r=g\",\"contentUrl\":\"https:\/\/secure.gravatar.com\/avatar\/c7850e06d3ff63cdbaee88b7fc16e2f0?s=96&d=mm&r=g\",\"caption\":\"Damien Dellerba\"},\"url\":\"https:\/\/www.ladiagonale.net\/index.php\/author\/damien\/\"}]}<\/script>\n<!-- \/ Yoast SEO plugin. -->","yoast_head_json":{"title":"Officiel : Benama passe professionnel - La Diagonale","robots":{"index":"index","follow":"follow","max-snippet":"max-snippet:-1","max-image-preview":"max-image-preview:large","max-video-preview":"max-video-preview:-1"},"canonical":"https:\/\/www.ladiagonale.net\/index.php\/2023\/05\/31\/officiel-benama-passe-professionnel\/","og_locale":"fr_FR","og_type":"article","og_title":"Officiel : Benama passe professionnel - La Diagonale","og_description":"L&rsquo;AS Monaco compte un nouveau joueur professionnel dans ses rangs. Apr\u00e8s Lucas Michal une semaine plus t\u00f4t, ou encore Ritchy Valm\u00e9 il y a quelques mois, Mayssam Benama a sign\u00e9 son premier contrat professionnel avec le club de la Principaut\u00e9. Un engagement qui le liera \u00e0 son club formateur jusqu&rsquo;en juin 2026. Cadre des U19 [...]","og_url":"https:\/\/www.ladiagonale.net\/index.php\/2023\/05\/31\/officiel-benama-passe-professionnel\/","og_site_name":"La Diagonale","article_published_time":"2023-05-31T15:23:38+00:00","article_modified_time":"2023-05-31T15:23:40+00:00","author":"Damien Dellerba","twitter_card":"summary_large_image","twitter_misc":{"\u00c9crit par":"Damien Dellerba","Dur\u00e9e de lecture estim\u00e9e":"1 minute"},"schema":{"@context":"https:\/\/schema.org","@graph":[{"@type":"WebPage","@id":"https:\/\/www.ladiagonale.net\/index.php\/2023\/05\/31\/officiel-benama-passe-professionnel\/","url":"https:\/\/www.ladiagonale.net\/index.php\/2023\/05\/31\/officiel-benama-passe-professionnel\/","name":"Officiel : Benama passe professionnel - La Diagonale","isPartOf":{"@id":"https:\/\/www.ladiagonale.net\/#website"},"datePublished":"2023-05-31T15:23:38+00:00","dateModified":"2023-05-31T15:23:40+00:00","author":{"@id":"https:\/\/www.ladiagonale.net\/#\/schema\/person\/79ff1e7b0853ed01b2aa26e64ad300bf"},"breadcrumb":{"@id":"https:\/\/www.ladiagonale.net\/index.php\/2023\/05\/31\/officiel-benama-passe-professionnel\/#breadcrumb"},"inLanguage":"fr-FR","potentialAction":[{"@type":"ReadAction","target":["https:\/\/www.ladiagonale.net\/index.php\/2023\/05\/31\/officiel-benama-passe-professionnel\/"]}]},{"@type":"BreadcrumbList","@id":"https:\/\/www.ladiagonale.net\/index.php\/2023\/05\/31\/officiel-benama-passe-professionnel\/#breadcrumb","itemListElement":[{"@type":"ListItem","position":1,"name":"Accueil","item":"https:\/\/www.ladiagonale.net\/"},{"@type":"ListItem","position":2,"name":"Officiel : Benama passe professionnel"}]},{"@type":"WebSite","@id":"https:\/\/www.ladiagonale.net\/#website","url":"https:\/\/www.ladiagonale.net\/","name":"La Diagonale","description":"Le site des supporters de l&#039;AS Monaco FC","potentialAction":[{"@type":"SearchAction","target":{"@type":"EntryPoint","urlTemplate":"https:\/\/www.ladiagonale.net\/?s={search_term_string}"},"query-input":"required name=search_term_string"}],"inLanguage":"fr-FR"},{"@type":"Person","@id":"https:\/\/www.ladiagonale.net\/#\/schema\/person\/79ff1e7b0853ed01b2aa26e64ad300bf","name":"Damien Dellerba","image":{"@type":"ImageObject","inLanguage":"fr-FR","@id":"https:\/\/www.ladiagonale.net\/#\/schema\/person\/image\/","url":"https:\/\/secure.gravatar.com\/avatar\/c7850e06d3ff63cdbaee88b7fc16e2f0?s=96&d=mm&r=g","contentUrl":"https:\/\/secure.gravatar.com\/avatar\/c7850e06d3ff63cdbaee88b7fc16e2f0?s=96&d=mm&r=g","caption":"Damien Dellerba"},"url":"https:\/\/www.ladiagonale.net\/index.php\/author\/damien\/"}]}},"_links":{"self":[{"href":"https:\/\/www.ladiagonale.net\/index.php\/wp-json\/wp\/v2\/posts\/12971"}],"collection":[{"href":"https:\/\/www.ladiagonale.net\/index.php\/wp-json\/wp\/v2\/posts"}],"about":[{"href":"https:\/\/www.ladiagonale.net\/index.php\/wp-json\/wp\/v2\/types\/post"}],"author":[{"embeddable":true,"href":"https:\/\/www.ladiagonale.net\/index.php\/wp-json\/wp\/v2\/users\/2"}],"replies":[{"embeddable":true,"href":"https:\/\/www.ladiagonale.net\/index.php\/wp-json\/wp\/v2\/comments?post=12971"}],"version-history":[{"count":1,"href":"https:\/\/www.ladiagonale.net\/index.php\/wp-json\/wp\/v2\/posts\/12971\/revisions"}],"predecessor-version":[{"id":12972,"href":"https:\/\/www.ladiagonale.net\/index.php\/wp-json\/wp\/v2\/posts\/12971\/revisions\/12972"}],"wp:attachment":[{"href":"https:\/\/www.ladiagonale.net\/index.php\/wp-json\/wp\/v2\/media?parent=12971"}],"wp:term":[{"taxonomy":"category","embeddable":true,"href":"https:\/\/www.ladiagonale.net\/index.php\/wp-json\/wp\/v2\/categories?post=12971"},{"taxonomy":"post_tag","embeddable":true,"href":"https:\/\/www.ladiagonale.net\/index.php\/wp-json\/wp\/v2\/tags?post=12971"}],"curies":[{"name":"wp","href":"https:\/\/api.w.org\/{rel}","templated":true}]}}