{"id":12973,"date":"2023-05-31T17:51:50","date_gmt":"2023-05-31T15:51:50","guid":{"rendered":"https:\/\/www.ladiagonale.net\/?p=12973"},"modified":"2023-05-31T17:51:54","modified_gmt":"2023-05-31T15:51:54","slug":"embolo-appele-avec-la-suisse","status":"publish","type":"post","link":"https:\/\/www.ladiagonale.net\/index.php\/2023\/05\/31\/embolo-appele-avec-la-suisse\/","title":{"rendered":"Embolo appel\u00e9 avec la Suisse"},"content":{"rendered":"\n\n\n<p><a href=\"https:\/\/www.ladiagonale.net\/index.php\/2023\/05\/31\/disasi-et-fofana-convoques-en-equipe-de-france\/\">Axel Disasi et Youssouf Fofana ne seront pas les seuls internationaux<\/a> de l&rsquo;AS Monaco sur le pont \u00e0 l&rsquo;issue de cette saison, puisque Breel Embolo a \u00e9t\u00e9 convoqu\u00e9 avec la Suisse. L&rsquo;attaquant de 26 ans rejoindra la d\u00e9l\u00e9gation suisse pour deux rencontres dans le cadre des qualifications pour l&rsquo;Euro 2024. En mars, i<a href=\"https:\/\/www.ladiagonale.net\/index.php\/2023\/03\/23\/embolo-doit-quitter-sa-selection\/\">l avait finalement d\u00fb quitter pr\u00e9matur\u00e9ment le rassemblement<\/a> de la <em>Nati<\/em> en raison d&rsquo;une entorse \u00e0 un genou contract\u00e9e face \u00e0 Ajaccio (le 19 mars). Embolo avait notamment <a href=\"https:\/\/www.ladiagonale.net\/index.php\/2023\/05\/25\/embolo-cetait-difficile-de-mexpliquer-quil-fallait-faire-une-pause\/\">racont\u00e9 cet \u00e9pisode en conf\u00e9rence de presse<\/a> avant la rencontre face \u00e0 Rennes.<\/p>\n\n\n\n<p>Si Embolo n&rsquo;avait pas pu s&#8217;employer pour sa s\u00e9lection, cela n&rsquo;a pas emp\u00each\u00e9 la Suisse de r\u00e9aliser une entame id\u00e9ale dans ces \u00e9liminatoires, avec deux succ\u00e8s contre la Bi\u00e9lorussie (5-0) et contre Isra\u00ebl (3-0). Les Suisses se d\u00e9placeront \u00e0 Andorre le vendredi 16 juin (20h45), puis recevront la Roumanie le 19 juin (20h45), avec qui ils partagent la t\u00eate de la poule I.<\/p>\n","protected":false},"excerpt":{"rendered":"<p>Axel Disasi et Youssouf Fofana ne seront pas les seuls internationaux de l&rsquo;AS Monaco sur le pont \u00e0 l&rsquo;issue de cette saison, puisque Breel Embolo a \u00e9t\u00e9 convoqu\u00e9 avec la Suisse. L&rsquo;attaquant de 26 ans rejoindra la d\u00e9l\u00e9gation suisse pour deux rencontres dans le cadre des qualifications pour l&rsquo;Euro 2024. En mars, il avait finalement [&#8230;]\n","protected":false},"author":2,"featured_media":0,"comment_status":"open","ping_status":"open","sticky":false,"template":"","format":"standard","meta":[],"categories":[6],"tags":[86,161,116,117],"yoast_head":"<!-- This site is optimized with the Yoast SEO plugin v19.8 - https:\/\/yoast.com\/wordpress\/plugins\/seo\/ -->\n<title>Embolo appel\u00e9 avec la Suisse - La Diagonale<\/title>\n<meta name=\"robots\" content=\"index, follow, max-snippet:-1, max-image-preview:large, max-video-preview:-1\" \/>\n<link rel=\"canonical\" href=\"https:\/\/www.ladiagonale.net\/index.php\/2023\/05\/31\/embolo-appele-avec-la-suisse\/\" \/>\n<meta property=\"og:locale\" content=\"fr_FR\" \/>\n<meta property=\"og:type\" content=\"article\" \/>\n<meta property=\"og:title\" content=\"Embolo appel\u00e9 avec la Suisse - La Diagonale\" \/>\n<meta property=\"og:description\" content=\"Axel Disasi et Youssouf Fofana ne seront pas les seuls internationaux de l&rsquo;AS Monaco sur le pont \u00e0 l&rsquo;issue de cette saison, puisque Breel Embolo a \u00e9t\u00e9 convoqu\u00e9 avec la Suisse. L&rsquo;attaquant de 26 ans rejoindra la d\u00e9l\u00e9gation suisse pour deux rencontres dans le cadre des qualifications pour l&rsquo;Euro 2024. En mars, il avait finalement [...]\" \/>\n<meta property=\"og:url\" content=\"https:\/\/www.ladiagonale.net\/index.php\/2023\/05\/31\/embolo-appele-avec-la-suisse\/\" \/>\n<meta property=\"og:site_name\" content=\"La Diagonale\" \/>\n<meta property=\"article:published_time\" content=\"2023-05-31T15:51:50+00:00\" \/>\n<meta property=\"article:modified_time\" content=\"2023-05-31T15:51:54+00:00\" \/>\n<meta property=\"og:image\" content=\"https:\/\/www.ladiagonale.net\/wp-content\/uploads\/2022\/11\/embolo-suisse.png\" \/>\n\t<meta property=\"og:image:width\" content=\"1160\" \/>\n\t<meta property=\"og:image:height\" content=\"650\" \/>\n\t<meta property=\"og:image:type\" content=\"image\/png\" \/>\n<meta name=\"author\" content=\"Damien Dellerba\" \/>\n<meta name=\"twitter:card\" content=\"summary_large_image\" \/>\n<meta name=\"twitter:image\" content=\"https:\/\/www.ladiagonale.net\/wp-content\/uploads\/2022\/11\/embolo-suisse.png\" \/>\n<meta name=\"twitter:label1\" content=\"\u00c9crit par\" \/>\n\t<meta name=\"twitter:data1\" content=\"Damien Dellerba\" \/>\n\t<meta name=\"twitter:label2\" content=\"Dur\u00e9e de lecture estim\u00e9e\" \/>\n\t<meta name=\"twitter:data2\" content=\"1 minute\" \/>\n<script type=\"application\/ld+json\" class=\"yoast-schema-graph\">{\"@context\":\"https:\/\/schema.org\",\"@graph\":[{\"@type\":\"WebPage\",\"@id\":\"https:\/\/www.ladiagonale.net\/index.php\/2023\/05\/31\/embolo-appele-avec-la-suisse\/\",\"url\":\"https:\/\/www.ladiagonale.net\/index.php\/2023\/05\/31\/embolo-appele-avec-la-suisse\/\",\"name\":\"Embolo appel\u00e9 avec la Suisse - La Diagonale\",\"isPartOf\":{\"@id\":\"https:\/\/www.ladiagonale.net\/#website\"},\"datePublished\":\"2023-05-31T15:51:50+00:00\",\"dateModified\":\"2023-05-31T15:51:54+00:00\",\"author\":{\"@id\":\"https:\/\/www.ladiagonale.net\/#\/schema\/person\/79ff1e7b0853ed01b2aa26e64ad300bf\"},\"breadcrumb\":{\"@id\":\"https:\/\/www.ladiagonale.net\/index.php\/2023\/05\/31\/embolo-appele-avec-la-suisse\/#breadcrumb\"},\"inLanguage\":\"fr-FR\",\"potentialAction\":[{\"@type\":\"ReadAction\",\"target\":[\"https:\/\/www.ladiagonale.net\/index.php\/2023\/05\/31\/embolo-appele-avec-la-suisse\/\"]}]},{\"@type\":\"BreadcrumbList\",\"@id\":\"https:\/\/www.ladiagonale.net\/index.php\/2023\/05\/31\/embolo-appele-avec-la-suisse\/#breadcrumb\",\"itemListElement\":[{\"@type\":\"ListItem\",\"position\":1,\"name\":\"Accueil\",\"item\":\"https:\/\/www.ladiagonale.net\/\"},{\"@type\":\"ListItem\",\"position\":2,\"name\":\"Embolo appel\u00e9 avec la Suisse\"}]},{\"@type\":\"WebSite\",\"@id\":\"https:\/\/www.ladiagonale.net\/#website\",\"url\":\"https:\/\/www.ladiagonale.net\/\",\"name\":\"La Diagonale\",\"description\":\"Le site des supporters de l&#039;AS Monaco FC\",\"potentialAction\":[{\"@type\":\"SearchAction\",\"target\":{\"@type\":\"EntryPoint\",\"urlTemplate\":\"https:\/\/www.ladiagonale.net\/?s={search_term_string}\"},\"query-input\":\"required name=search_term_string\"}],\"inLanguage\":\"fr-FR\"},{\"@type\":\"Person\",\"@id\":\"https:\/\/www.ladiagonale.net\/#\/schema\/person\/79ff1e7b0853ed01b2aa26e64ad300bf\",\"name\":\"Damien Dellerba\",\"image\":{\"@type\":\"ImageObject\",\"inLanguage\":\"fr-FR\",\"@id\":\"https:\/\/www.ladiagonale.net\/#\/schema\/person\/image\/\",\"url\":\"https:\/\/secure.gravatar.com\/avatar\/c7850e06d3ff63cdbaee88b7fc16e2f0?s=96&d=mm&r=g\",\"contentUrl\":\"https:\/\/secure.gravatar.com\/avatar\/c7850e06d3ff63cdbaee88b7fc16e2f0?s=96&d=mm&r=g\",\"caption\":\"Damien Dellerba\"},\"url\":\"https:\/\/www.ladiagonale.net\/index.php\/author\/damien\/\"}]}<\/script>\n<!-- \/ Yoast SEO plugin. -->","yoast_head_json":{"title":"Embolo appel\u00e9 avec la Suisse - La Diagonale","robots":{"index":"index","follow":"follow","max-snippet":"max-snippet:-1","max-image-preview":"max-image-preview:large","max-video-preview":"max-video-preview:-1"},"canonical":"https:\/\/www.ladiagonale.net\/index.php\/2023\/05\/31\/embolo-appele-avec-la-suisse\/","og_locale":"fr_FR","og_type":"article","og_title":"Embolo appel\u00e9 avec la Suisse - La Diagonale","og_description":"Axel Disasi et Youssouf Fofana ne seront pas les seuls internationaux de l&rsquo;AS Monaco sur le pont \u00e0 l&rsquo;issue de cette saison, puisque Breel Embolo a \u00e9t\u00e9 convoqu\u00e9 avec la Suisse. L&rsquo;attaquant de 26 ans rejoindra la d\u00e9l\u00e9gation suisse pour deux rencontres dans le cadre des qualifications pour l&rsquo;Euro 2024. En mars, il avait finalement [...]","og_url":"https:\/\/www.ladiagonale.net\/index.php\/2023\/05\/31\/embolo-appele-avec-la-suisse\/","og_site_name":"La Diagonale","article_published_time":"2023-05-31T15:51:50+00:00","article_modified_time":"2023-05-31T15:51:54+00:00","og_image":[{"width":1160,"height":650,"url":"https:\/\/www.ladiagonale.net\/wp-content\/uploads\/2022\/11\/embolo-suisse.png","type":"image\/png"}],"author":"Damien Dellerba","twitter_card":"summary_large_image","twitter_image":"https:\/\/www.ladiagonale.net\/wp-content\/uploads\/2022\/11\/embolo-suisse.png","twitter_misc":{"\u00c9crit par":"Damien Dellerba","Dur\u00e9e de lecture estim\u00e9e":"1 minute"},"schema":{"@context":"https:\/\/schema.org","@graph":[{"@type":"WebPage","@id":"https:\/\/www.ladiagonale.net\/index.php\/2023\/05\/31\/embolo-appele-avec-la-suisse\/","url":"https:\/\/www.ladiagonale.net\/index.php\/2023\/05\/31\/embolo-appele-avec-la-suisse\/","name":"Embolo appel\u00e9 avec la Suisse - La Diagonale","isPartOf":{"@id":"https:\/\/www.ladiagonale.net\/#website"},"datePublished":"2023-05-31T15:51:50+00:00","dateModified":"2023-05-31T15:51:54+00:00","author":{"@id":"https:\/\/www.ladiagonale.net\/#\/schema\/person\/79ff1e7b0853ed01b2aa26e64ad300bf"},"breadcrumb":{"@id":"https:\/\/www.ladiagonale.net\/index.php\/2023\/05\/31\/embolo-appele-avec-la-suisse\/#breadcrumb"},"inLanguage":"fr-FR","potentialAction":[{"@type":"ReadAction","target":["https:\/\/www.ladiagonale.net\/index.php\/2023\/05\/31\/embolo-appele-avec-la-suisse\/"]}]},{"@type":"BreadcrumbList","@id":"https:\/\/www.ladiagonale.net\/index.php\/2023\/05\/31\/embolo-appele-avec-la-suisse\/#breadcrumb","itemListElement":[{"@type":"ListItem","position":1,"name":"Accueil","item":"https:\/\/www.ladiagonale.net\/"},{"@type":"ListItem","position":2,"name":"Embolo appel\u00e9 avec la Suisse"}]},{"@type":"WebSite","@id":"https:\/\/www.ladiagonale.net\/#website","url":"https:\/\/www.ladiagonale.net\/","name":"La Diagonale","description":"Le site des supporters de l&#039;AS Monaco FC","potentialAction":[{"@type":"SearchAction","target":{"@type":"EntryPoint","urlTemplate":"https:\/\/www.ladiagonale.net\/?s={search_term_string}"},"query-input":"required name=search_term_string"}],"inLanguage":"fr-FR"},{"@type":"Person","@id":"https:\/\/www.ladiagonale.net\/#\/schema\/person\/79ff1e7b0853ed01b2aa26e64ad300bf","name":"Damien Dellerba","image":{"@type":"ImageObject","inLanguage":"fr-FR","@id":"https:\/\/www.ladiagonale.net\/#\/schema\/person\/image\/","url":"https:\/\/secure.gravatar.com\/avatar\/c7850e06d3ff63cdbaee88b7fc16e2f0?s=96&d=mm&r=g","contentUrl":"https:\/\/secure.gravatar.com\/avatar\/c7850e06d3ff63cdbaee88b7fc16e2f0?s=96&d=mm&r=g","caption":"Damien Dellerba"},"url":"https:\/\/www.ladiagonale.net\/index.php\/author\/damien\/"}]}},"_links":{"self":[{"href":"https:\/\/www.ladiagonale.net\/index.php\/wp-json\/wp\/v2\/posts\/12973"}],"collection":[{"href":"https:\/\/www.ladiagonale.net\/index.php\/wp-json\/wp\/v2\/posts"}],"about":[{"href":"https:\/\/www.ladiagonale.net\/index.php\/wp-json\/wp\/v2\/types\/post"}],"author":[{"embeddable":true,"href":"https:\/\/www.ladiagonale.net\/index.php\/wp-json\/wp\/v2\/users\/2"}],"replies":[{"embeddable":true,"href":"https:\/\/www.ladiagonale.net\/index.php\/wp-json\/wp\/v2\/comments?post=12973"}],"version-history":[{"count":1,"href":"https:\/\/www.ladiagonale.net\/index.php\/wp-json\/wp\/v2\/posts\/12973\/revisions"}],"predecessor-version":[{"id":12974,"href":"https:\/\/www.ladiagonale.net\/index.php\/wp-json\/wp\/v2\/posts\/12973\/revisions\/12974"}],"wp:attachment":[{"href":"https:\/\/www.ladiagonale.net\/index.php\/wp-json\/wp\/v2\/media?parent=12973"}],"wp:term":[{"taxonomy":"category","embeddable":true,"href":"https:\/\/www.ladiagonale.net\/index.php\/wp-json\/wp\/v2\/categories?post=12973"},{"taxonomy":"post_tag","embeddable":true,"href":"https:\/\/www.ladiagonale.net\/index.php\/wp-json\/wp\/v2\/tags?post=12973"}],"curies":[{"name":"wp","href":"https:\/\/api.w.org\/{rel}","templated":true}]}}