{"id":12975,"date":"2023-06-01T01:12:40","date_gmt":"2023-05-31T23:12:40","guid":{"rendered":"https:\/\/www.ladiagonale.net\/?p=12975"},"modified":"2023-06-01T02:14:53","modified_gmt":"2023-06-01T00:14:53","slug":"yacoub-et-la-tunisie-elimines-du-mondial-u20","status":"publish","type":"post","link":"https:\/\/www.ladiagonale.net\/index.php\/2023\/06\/01\/yacoub-et-la-tunisie-elimines-du-mondial-u20\/","title":{"rendered":"Yacoub et la Tunisie \u00e9limin\u00e9s du Mondial U20"},"content":{"rendered":"\n<p>L\u2019aventure de Bechir Yacoub et de la Tunisie \u00e0 la Coupe du monde U20 n\u2019aura dur\u00e9 qu\u2019un tour de plus <a href=\"https:\/\/www.ladiagonale.net\/index.php\/2023\/05\/29\/lelimination-de-la-france-du-mondial-u20-profite-a-la-tunisie-de-yacoub\/\">que celui de l\u2019\u00c9quipe de France<\/a>. Les Aiglons sont tomb\u00e9s face au Br\u00e9sil (1-4) en huiti\u00e8mes de finale de la comp\u00e9tition. Titulaire au coup d\u2019envoi, apr\u00e8s \u00eatre rest\u00e9 sur le banc lors de la derni\u00e8re rencontre de poules face \u00e0 l\u2019Uruguay (d\u00e9faite 0-1), Yacoub a disput\u00e9 61 minutes avant d\u2019\u00eatre remplac\u00e9.<\/p>\n\n\n\n<p>Au moment de son remplacement, le score \u00e9tait d\u00e9j\u00e0 \u00e0 l&rsquo;avantage de la <em>Sele\u00e7ao<\/em> (2-0) et malgr\u00e9 une exclusion en d\u00e9fense du c\u00f4t\u00e9 br\u00e9silien \u00e0 la mi-temps, la s\u00e9lection tunisienne n&rsquo;est pas parvenue \u00e0 combler son retard. Yacoub a une fois de plus livr\u00e9 une prestation moyenne, avec un seul tir, de 25 m\u00e8tres, qui n&rsquo;a pas trouv\u00e9 le cadre. Apr\u00e8s l\u2019\u00e9chec de la France et des quatre Mon\u00e9gasques engag\u00e9s, il ne reste d\u00e9sormais plus aucun Rouge et Blanc en lice. <\/p>\n","protected":false},"excerpt":{"rendered":"<p>L\u2019aventure de Bechir Yacoub et de la Tunisie \u00e0 la Coupe du monde U20 n\u2019aura dur\u00e9 qu\u2019un tour de plus que celui de l\u2019\u00c9quipe de France. Les Aiglons sont tomb\u00e9s face au Br\u00e9sil (1-4) en huiti\u00e8mes de finale de la comp\u00e9tition. Titulaire au coup d\u2019envoi, apr\u00e8s \u00eatre rest\u00e9 sur le banc lors de la derni\u00e8re [&#8230;]\n","protected":false},"author":2,"featured_media":0,"comment_status":"open","ping_status":"open","sticky":false,"template":"","format":"standard","meta":[],"categories":[6],"tags":[76,86,527,116,122],"yoast_head":"<!-- This site is optimized with the Yoast SEO plugin v19.8 - https:\/\/yoast.com\/wordpress\/plugins\/seo\/ -->\n<title>Yacoub et la Tunisie \u00e9limin\u00e9s du Mondial U20 - La Diagonale<\/title>\n<meta name=\"robots\" content=\"index, follow, max-snippet:-1, max-image-preview:large, max-video-preview:-1\" \/>\n<link rel=\"canonical\" href=\"https:\/\/www.ladiagonale.net\/index.php\/2023\/06\/01\/yacoub-et-la-tunisie-elimines-du-mondial-u20\/\" \/>\n<meta property=\"og:locale\" content=\"fr_FR\" \/>\n<meta property=\"og:type\" content=\"article\" \/>\n<meta property=\"og:title\" content=\"Yacoub et la Tunisie \u00e9limin\u00e9s du Mondial U20 - La Diagonale\" \/>\n<meta property=\"og:description\" content=\"L\u2019aventure de Bechir Yacoub et de la Tunisie \u00e0 la Coupe du monde U20 n\u2019aura dur\u00e9 qu\u2019un tour de plus que celui de l\u2019\u00c9quipe de France. Les Aiglons sont tomb\u00e9s face au Br\u00e9sil (1-4) en huiti\u00e8mes de finale de la comp\u00e9tition. Titulaire au coup d\u2019envoi, apr\u00e8s \u00eatre rest\u00e9 sur le banc lors de la derni\u00e8re [...]\" \/>\n<meta property=\"og:url\" content=\"https:\/\/www.ladiagonale.net\/index.php\/2023\/06\/01\/yacoub-et-la-tunisie-elimines-du-mondial-u20\/\" \/>\n<meta property=\"og:site_name\" content=\"La Diagonale\" \/>\n<meta property=\"article:published_time\" content=\"2023-05-31T23:12:40+00:00\" \/>\n<meta property=\"article:modified_time\" content=\"2023-06-01T00:14:53+00:00\" \/>\n<meta property=\"og:image\" content=\"https:\/\/www.ladiagonale.net\/wp-content\/uploads\/2023\/05\/yacoub.png\" \/>\n\t<meta property=\"og:image:width\" content=\"1160\" \/>\n\t<meta property=\"og:image:height\" content=\"650\" \/>\n\t<meta property=\"og:image:type\" content=\"image\/png\" \/>\n<meta name=\"author\" content=\"Damien Dellerba\" \/>\n<meta name=\"twitter:card\" content=\"summary_large_image\" \/>\n<meta name=\"twitter:image\" content=\"https:\/\/www.ladiagonale.net\/wp-content\/uploads\/2023\/05\/yacoub.png\" \/>\n<meta name=\"twitter:label1\" content=\"\u00c9crit par\" \/>\n\t<meta name=\"twitter:data1\" content=\"Damien Dellerba\" \/>\n\t<meta name=\"twitter:label2\" content=\"Dur\u00e9e de lecture estim\u00e9e\" \/>\n\t<meta name=\"twitter:data2\" content=\"1 minute\" \/>\n<script type=\"application\/ld+json\" class=\"yoast-schema-graph\">{\"@context\":\"https:\/\/schema.org\",\"@graph\":[{\"@type\":\"WebPage\",\"@id\":\"https:\/\/www.ladiagonale.net\/index.php\/2023\/06\/01\/yacoub-et-la-tunisie-elimines-du-mondial-u20\/\",\"url\":\"https:\/\/www.ladiagonale.net\/index.php\/2023\/06\/01\/yacoub-et-la-tunisie-elimines-du-mondial-u20\/\",\"name\":\"Yacoub et la Tunisie \u00e9limin\u00e9s du Mondial U20 - La Diagonale\",\"isPartOf\":{\"@id\":\"https:\/\/www.ladiagonale.net\/#website\"},\"datePublished\":\"2023-05-31T23:12:40+00:00\",\"dateModified\":\"2023-06-01T00:14:53+00:00\",\"author\":{\"@id\":\"https:\/\/www.ladiagonale.net\/#\/schema\/person\/79ff1e7b0853ed01b2aa26e64ad300bf\"},\"breadcrumb\":{\"@id\":\"https:\/\/www.ladiagonale.net\/index.php\/2023\/06\/01\/yacoub-et-la-tunisie-elimines-du-mondial-u20\/#breadcrumb\"},\"inLanguage\":\"fr-FR\",\"potentialAction\":[{\"@type\":\"ReadAction\",\"target\":[\"https:\/\/www.ladiagonale.net\/index.php\/2023\/06\/01\/yacoub-et-la-tunisie-elimines-du-mondial-u20\/\"]}]},{\"@type\":\"BreadcrumbList\",\"@id\":\"https:\/\/www.ladiagonale.net\/index.php\/2023\/06\/01\/yacoub-et-la-tunisie-elimines-du-mondial-u20\/#breadcrumb\",\"itemListElement\":[{\"@type\":\"ListItem\",\"position\":1,\"name\":\"Accueil\",\"item\":\"https:\/\/www.ladiagonale.net\/\"},{\"@type\":\"ListItem\",\"position\":2,\"name\":\"Yacoub et la Tunisie \u00e9limin\u00e9s du Mondial U20\"}]},{\"@type\":\"WebSite\",\"@id\":\"https:\/\/www.ladiagonale.net\/#website\",\"url\":\"https:\/\/www.ladiagonale.net\/\",\"name\":\"La Diagonale\",\"description\":\"Le site des supporters de l&#039;AS Monaco FC\",\"potentialAction\":[{\"@type\":\"SearchAction\",\"target\":{\"@type\":\"EntryPoint\",\"urlTemplate\":\"https:\/\/www.ladiagonale.net\/?s={search_term_string}\"},\"query-input\":\"required name=search_term_string\"}],\"inLanguage\":\"fr-FR\"},{\"@type\":\"Person\",\"@id\":\"https:\/\/www.ladiagonale.net\/#\/schema\/person\/79ff1e7b0853ed01b2aa26e64ad300bf\",\"name\":\"Damien Dellerba\",\"image\":{\"@type\":\"ImageObject\",\"inLanguage\":\"fr-FR\",\"@id\":\"https:\/\/www.ladiagonale.net\/#\/schema\/person\/image\/\",\"url\":\"https:\/\/secure.gravatar.com\/avatar\/c7850e06d3ff63cdbaee88b7fc16e2f0?s=96&d=mm&r=g\",\"contentUrl\":\"https:\/\/secure.gravatar.com\/avatar\/c7850e06d3ff63cdbaee88b7fc16e2f0?s=96&d=mm&r=g\",\"caption\":\"Damien Dellerba\"},\"url\":\"https:\/\/www.ladiagonale.net\/index.php\/author\/damien\/\"}]}<\/script>\n<!-- \/ Yoast SEO plugin. -->","yoast_head_json":{"title":"Yacoub et la Tunisie \u00e9limin\u00e9s du Mondial U20 - La Diagonale","robots":{"index":"index","follow":"follow","max-snippet":"max-snippet:-1","max-image-preview":"max-image-preview:large","max-video-preview":"max-video-preview:-1"},"canonical":"https:\/\/www.ladiagonale.net\/index.php\/2023\/06\/01\/yacoub-et-la-tunisie-elimines-du-mondial-u20\/","og_locale":"fr_FR","og_type":"article","og_title":"Yacoub et la Tunisie \u00e9limin\u00e9s du Mondial U20 - La Diagonale","og_description":"L\u2019aventure de Bechir Yacoub et de la Tunisie \u00e0 la Coupe du monde U20 n\u2019aura dur\u00e9 qu\u2019un tour de plus que celui de l\u2019\u00c9quipe de France. Les Aiglons sont tomb\u00e9s face au Br\u00e9sil (1-4) en huiti\u00e8mes de finale de la comp\u00e9tition. Titulaire au coup d\u2019envoi, apr\u00e8s \u00eatre rest\u00e9 sur le banc lors de la derni\u00e8re [...]","og_url":"https:\/\/www.ladiagonale.net\/index.php\/2023\/06\/01\/yacoub-et-la-tunisie-elimines-du-mondial-u20\/","og_site_name":"La Diagonale","article_published_time":"2023-05-31T23:12:40+00:00","article_modified_time":"2023-06-01T00:14:53+00:00","og_image":[{"width":1160,"height":650,"url":"https:\/\/www.ladiagonale.net\/wp-content\/uploads\/2023\/05\/yacoub.png","type":"image\/png"}],"author":"Damien Dellerba","twitter_card":"summary_large_image","twitter_image":"https:\/\/www.ladiagonale.net\/wp-content\/uploads\/2023\/05\/yacoub.png","twitter_misc":{"\u00c9crit par":"Damien Dellerba","Dur\u00e9e de lecture estim\u00e9e":"1 minute"},"schema":{"@context":"https:\/\/schema.org","@graph":[{"@type":"WebPage","@id":"https:\/\/www.ladiagonale.net\/index.php\/2023\/06\/01\/yacoub-et-la-tunisie-elimines-du-mondial-u20\/","url":"https:\/\/www.ladiagonale.net\/index.php\/2023\/06\/01\/yacoub-et-la-tunisie-elimines-du-mondial-u20\/","name":"Yacoub et la Tunisie \u00e9limin\u00e9s du Mondial U20 - La Diagonale","isPartOf":{"@id":"https:\/\/www.ladiagonale.net\/#website"},"datePublished":"2023-05-31T23:12:40+00:00","dateModified":"2023-06-01T00:14:53+00:00","author":{"@id":"https:\/\/www.ladiagonale.net\/#\/schema\/person\/79ff1e7b0853ed01b2aa26e64ad300bf"},"breadcrumb":{"@id":"https:\/\/www.ladiagonale.net\/index.php\/2023\/06\/01\/yacoub-et-la-tunisie-elimines-du-mondial-u20\/#breadcrumb"},"inLanguage":"fr-FR","potentialAction":[{"@type":"ReadAction","target":["https:\/\/www.ladiagonale.net\/index.php\/2023\/06\/01\/yacoub-et-la-tunisie-elimines-du-mondial-u20\/"]}]},{"@type":"BreadcrumbList","@id":"https:\/\/www.ladiagonale.net\/index.php\/2023\/06\/01\/yacoub-et-la-tunisie-elimines-du-mondial-u20\/#breadcrumb","itemListElement":[{"@type":"ListItem","position":1,"name":"Accueil","item":"https:\/\/www.ladiagonale.net\/"},{"@type":"ListItem","position":2,"name":"Yacoub et la Tunisie \u00e9limin\u00e9s du Mondial U20"}]},{"@type":"WebSite","@id":"https:\/\/www.ladiagonale.net\/#website","url":"https:\/\/www.ladiagonale.net\/","name":"La Diagonale","description":"Le site des supporters de l&#039;AS Monaco FC","potentialAction":[{"@type":"SearchAction","target":{"@type":"EntryPoint","urlTemplate":"https:\/\/www.ladiagonale.net\/?s={search_term_string}"},"query-input":"required name=search_term_string"}],"inLanguage":"fr-FR"},{"@type":"Person","@id":"https:\/\/www.ladiagonale.net\/#\/schema\/person\/79ff1e7b0853ed01b2aa26e64ad300bf","name":"Damien Dellerba","image":{"@type":"ImageObject","inLanguage":"fr-FR","@id":"https:\/\/www.ladiagonale.net\/#\/schema\/person\/image\/","url":"https:\/\/secure.gravatar.com\/avatar\/c7850e06d3ff63cdbaee88b7fc16e2f0?s=96&d=mm&r=g","contentUrl":"https:\/\/secure.gravatar.com\/avatar\/c7850e06d3ff63cdbaee88b7fc16e2f0?s=96&d=mm&r=g","caption":"Damien Dellerba"},"url":"https:\/\/www.ladiagonale.net\/index.php\/author\/damien\/"}]}},"_links":{"self":[{"href":"https:\/\/www.ladiagonale.net\/index.php\/wp-json\/wp\/v2\/posts\/12975"}],"collection":[{"href":"https:\/\/www.ladiagonale.net\/index.php\/wp-json\/wp\/v2\/posts"}],"about":[{"href":"https:\/\/www.ladiagonale.net\/index.php\/wp-json\/wp\/v2\/types\/post"}],"author":[{"embeddable":true,"href":"https:\/\/www.ladiagonale.net\/index.php\/wp-json\/wp\/v2\/users\/2"}],"replies":[{"embeddable":true,"href":"https:\/\/www.ladiagonale.net\/index.php\/wp-json\/wp\/v2\/comments?post=12975"}],"version-history":[{"count":3,"href":"https:\/\/www.ladiagonale.net\/index.php\/wp-json\/wp\/v2\/posts\/12975\/revisions"}],"predecessor-version":[{"id":12979,"href":"https:\/\/www.ladiagonale.net\/index.php\/wp-json\/wp\/v2\/posts\/12975\/revisions\/12979"}],"wp:attachment":[{"href":"https:\/\/www.ladiagonale.net\/index.php\/wp-json\/wp\/v2\/media?parent=12975"}],"wp:term":[{"taxonomy":"category","embeddable":true,"href":"https:\/\/www.ladiagonale.net\/index.php\/wp-json\/wp\/v2\/categories?post=12975"},{"taxonomy":"post_tag","embeddable":true,"href":"https:\/\/www.ladiagonale.net\/index.php\/wp-json\/wp\/v2\/tags?post=12975"}],"curies":[{"name":"wp","href":"https:\/\/api.w.org\/{rel}","templated":true}]}}