{"id":12993,"date":"2023-06-01T16:17:13","date_gmt":"2023-06-01T14:17:13","guid":{"rendered":"https:\/\/www.ladiagonale.net\/?p=12993"},"modified":"2023-06-01T16:17:17","modified_gmt":"2023-06-01T14:17:17","slug":"les-ultras-furieux-mouillez-le-maillot-ou-cassez-vous","status":"publish","type":"post","link":"https:\/\/www.ladiagonale.net\/index.php\/2023\/06\/01\/les-ultras-furieux-mouillez-le-maillot-ou-cassez-vous\/","title":{"rendered":"Les Ultras furieux : \u00ab\u00a0Mouillez le maillot ou cassez-vous !\u00a0\u00bb"},"content":{"rendered":"\n\n\n<p>\u00c0 48 heures d\u2019une rencontre d\u00e9cisive contre Toulouse (samedi, 21h), les Ultras Monaco ont d\u00e9nonc\u00e9 dans un communiqu\u00e9 peu am\u00e8ne le comportement non-professionnel de certains joueurs de l\u2019AS Monaco, tout en pointant du doigt la complicit\u00e9 de Paul Mitchell dans le d\u00e9litement de cette situation : \u00ab\u00a0<em>Nous d\u00e9non\u00e7ons l\u2019attitude inacceptable et le manque de professionnalisme abusif d\u2019une grande partie des joueurs de notre \u00e9quipe-premi\u00e8re. Un laisser-faire assist\u00e9 par notre directeur sportif corporatiste, Paul Mitchell, qui n\u2019a jamais su s\u2019int\u00e9resser r\u00e9ellement \u00e0 notre club et qui a totalement abandonn\u00e9 ses responsabilit\u00e9s depuis la mi-avril, lorsqu\u2019il a confirm\u00e9 son d\u00e9part en fin de saison.<\/em>\u00a0\u00bb<\/p>\n\n\n\n<p>Les Ultras ont notamment cibl\u00e9 plusieurs joueurs sans les nommer pour des soir\u00e9es un peu trop arros\u00e9es et notamment celle qui a suivi le Grand Prix de Monaco, dimanche soir : \u00ab <em>Lorsque l\u2019on conna\u00eet les enjeux actuels pour le club et la n\u00e9cessit\u00e9 de se qualifier en coupe d\u2019Europe, comment les joueurs peuvent-ils se permettre, chaque semaine, de s\u2019alcooliser \u00e0 outrance dans les bars de la Principaut\u00e9 jusque\u2019\u00e0 5h du matin alors qu\u2019ils ont entra\u00eenement \u00e0 10h30 ?\u00a0(\u2026) Certains se plaignent de ne pas avoir assez de temps de jeu alors que nous savons qu\u2019ils passent plus de temps au bar que nous.<\/em>\u00a0\u00bb Ismail Jakobs, <a href=\"https:\/\/www.ladiagonale.net\/index.php\/2023\/06\/01\/jakobs-ecarte-golovin-incertain\/\">qui a \u00e9t\u00e9 \u00e9cart\u00e9 par Philippe Clement pour ce match<\/a>, semble bel et bien vis\u00e9 par le communiqu\u00e9.<\/p>\n\n\n\n<p>Les UM94 ont \u00e9galement demand\u00e9 \u00e0 ce que le m\u00e9nage soit fait et se sont m\u00eame positionn\u00e9s contre <a href=\"https:\/\/www.ladiagonale.net\/index.php\/2023\/05\/20\/thiago-scuro-aurait-accepte-un-contrat-de-trois-ans-avec-monaco\/\">l\u2019arriv\u00e9e de Thiago Scuro<\/a>, qui devrait remplacer Paul Mitchell au poste de directeur sportif dans les prochaines semaines : \u00ab\u00a0<em>Il est grand temps de faire le m\u00e9nage \u00e0 l\u2019AS Monaco, en commen\u00e7ant par ne pas permettre \u00e0 M. Mitchell de choisir son rempla\u00e7ant, puisqu\u2019il aligne d\u00e9j\u00e0 des amis dont les comp\u00e9tences sont douteuses.<\/em>\u00a0\u00bb Avant de conclure par un lapidaire \u00ab\u00a0<em>Mouillez le maillot ou cassez-vous !<\/em>\u00a0\u00bb<\/p>\n\n\n\n<figure class=\"wp-block-embed is-type-rich is-provider-twitter wp-block-embed-twitter\"><div class=\"wp-block-embed__wrapper\">\n<blockquote class=\"twitter-tweet\" data-width=\"550\" data-dnt=\"true\"><p lang=\"fr\" dir=\"ltr\">MOUILLEZ LE MAILLOT OU CASSEZ-VOUS ! <a href=\"https:\/\/t.co\/nzaYDXQHOS\">pic.twitter.com\/nzaYDXQHOS<\/a><\/p>&mdash; Ultras Monaco 1994 (@ULTRASMONACO94) <a href=\"https:\/\/twitter.com\/ULTRASMONACO94\/status\/1664247812186415105?ref_src=twsrc%5Etfw\">June 1, 2023<\/a><\/blockquote><script async src=\"https:\/\/platform.twitter.com\/widgets.js\" charset=\"utf-8\"><\/script>\n<\/div><\/figure>\n\n\n\n<h4 class=\"has-vivid-red-color has-text-color\" style=\"font-style:normal;font-weight:400;text-transform:uppercase\">La r\u00e9ponse de Philippe Clement<\/h4>\n\n\n\n<p>Invit\u00e9 \u00e0 r\u00e9agir sur ce communiqu\u00e9 lors de la conf\u00e9rence de presse, Philippe Clement a compris la grogne des supporters et a expliqu\u00e9 que les comportements qui devaient faire l\u2019objet de sanctions l\u2019\u00e9taient syst\u00e9matiquement. Le <a href=\"https:\/\/www.ladiagonale.net\/index.php\/2023\/06\/01\/jakobs-ecarte-golovin-incertain\/\">dernier en date \u00e9tant donc Ismail Jakobs<\/a> : \u00ab\u00a0<em>Quand il y a des comportements non professionnels, on le sait et on a toujours sanctionn\u00e9. C\u2019est normal, quand les r\u00e9sultats sont comme ces derni\u00e8res semaines, que les supporters ne soient pas contents, c\u2019est le cas dans tous les clubs. C\u2019est la m\u00eame chose dans le vestiaire, le d\u00e9but de la semaine \u00e9tait tendu, avec beaucoup de frustration chez les joueurs.<\/em>\u00a0\u00bb<\/p>\n","protected":false},"excerpt":{"rendered":"<p>\u00c0 48 heures d\u2019une rencontre d\u00e9cisive contre Toulouse (samedi, 21h), les Ultras Monaco ont d\u00e9nonc\u00e9 dans un communiqu\u00e9 peu am\u00e8ne le comportement non-professionnel de certains joueurs de l\u2019AS Monaco, tout en pointant du doigt la complicit\u00e9 de Paul Mitchell dans le d\u00e9litement de cette situation : \u00ab\u00a0Nous d\u00e9non\u00e7ons l\u2019attitude inacceptable et le manque de professionnalisme [&#8230;]\n","protected":false},"author":2,"featured_media":0,"comment_status":"open","ping_status":"open","sticky":false,"template":"","format":"standard","meta":[],"categories":[4,6],"tags":[86,552],"yoast_head":"<!-- This site is optimized with the Yoast SEO plugin v19.8 - https:\/\/yoast.com\/wordpress\/plugins\/seo\/ -->\n<title>Les Ultras furieux : \u00ab\u00a0Mouillez le maillot ou cassez-vous !\u00a0\u00bb - La Diagonale<\/title>\n<meta name=\"robots\" content=\"index, follow, max-snippet:-1, max-image-preview:large, max-video-preview:-1\" \/>\n<link rel=\"canonical\" href=\"https:\/\/www.ladiagonale.net\/index.php\/2023\/06\/01\/les-ultras-furieux-mouillez-le-maillot-ou-cassez-vous\/\" \/>\n<meta property=\"og:locale\" content=\"fr_FR\" \/>\n<meta property=\"og:type\" content=\"article\" \/>\n<meta property=\"og:title\" content=\"Les Ultras furieux : \u00ab\u00a0Mouillez le maillot ou cassez-vous !\u00a0\u00bb - La Diagonale\" \/>\n<meta property=\"og:description\" content=\"\u00c0 48 heures d\u2019une rencontre d\u00e9cisive contre Toulouse (samedi, 21h), les Ultras Monaco ont d\u00e9nonc\u00e9 dans un communiqu\u00e9 peu am\u00e8ne le comportement non-professionnel de certains joueurs de l\u2019AS Monaco, tout en pointant du doigt la complicit\u00e9 de Paul Mitchell dans le d\u00e9litement de cette situation : \u00ab\u00a0Nous d\u00e9non\u00e7ons l\u2019attitude inacceptable et le manque de professionnalisme [...]\" \/>\n<meta property=\"og:url\" content=\"https:\/\/www.ladiagonale.net\/index.php\/2023\/06\/01\/les-ultras-furieux-mouillez-le-maillot-ou-cassez-vous\/\" \/>\n<meta property=\"og:site_name\" content=\"La Diagonale\" \/>\n<meta property=\"article:published_time\" content=\"2023-06-01T14:17:13+00:00\" \/>\n<meta property=\"article:modified_time\" content=\"2023-06-01T14:17:17+00:00\" \/>\n<meta property=\"og:image\" content=\"https:\/\/www.ladiagonale.net\/wp-content\/uploads\/2023\/06\/ultras.png\" \/>\n\t<meta property=\"og:image:width\" content=\"1160\" \/>\n\t<meta property=\"og:image:height\" content=\"650\" \/>\n\t<meta property=\"og:image:type\" content=\"image\/png\" \/>\n<meta name=\"author\" content=\"Damien Dellerba\" \/>\n<meta name=\"twitter:card\" content=\"summary_large_image\" \/>\n<meta name=\"twitter:image\" content=\"https:\/\/www.ladiagonale.net\/wp-content\/uploads\/2023\/06\/ultras.png\" \/>\n<meta name=\"twitter:label1\" content=\"\u00c9crit par\" \/>\n\t<meta name=\"twitter:data1\" content=\"Damien Dellerba\" \/>\n\t<meta name=\"twitter:label2\" content=\"Dur\u00e9e de lecture estim\u00e9e\" \/>\n\t<meta name=\"twitter:data2\" content=\"3 minutes\" \/>\n<script type=\"application\/ld+json\" class=\"yoast-schema-graph\">{\"@context\":\"https:\/\/schema.org\",\"@graph\":[{\"@type\":\"WebPage\",\"@id\":\"https:\/\/www.ladiagonale.net\/index.php\/2023\/06\/01\/les-ultras-furieux-mouillez-le-maillot-ou-cassez-vous\/\",\"url\":\"https:\/\/www.ladiagonale.net\/index.php\/2023\/06\/01\/les-ultras-furieux-mouillez-le-maillot-ou-cassez-vous\/\",\"name\":\"Les Ultras furieux : \u00ab\u00a0Mouillez le maillot ou cassez-vous !\u00a0\u00bb - La Diagonale\",\"isPartOf\":{\"@id\":\"https:\/\/www.ladiagonale.net\/#website\"},\"datePublished\":\"2023-06-01T14:17:13+00:00\",\"dateModified\":\"2023-06-01T14:17:17+00:00\",\"author\":{\"@id\":\"https:\/\/www.ladiagonale.net\/#\/schema\/person\/79ff1e7b0853ed01b2aa26e64ad300bf\"},\"breadcrumb\":{\"@id\":\"https:\/\/www.ladiagonale.net\/index.php\/2023\/06\/01\/les-ultras-furieux-mouillez-le-maillot-ou-cassez-vous\/#breadcrumb\"},\"inLanguage\":\"fr-FR\",\"potentialAction\":[{\"@type\":\"ReadAction\",\"target\":[\"https:\/\/www.ladiagonale.net\/index.php\/2023\/06\/01\/les-ultras-furieux-mouillez-le-maillot-ou-cassez-vous\/\"]}]},{\"@type\":\"BreadcrumbList\",\"@id\":\"https:\/\/www.ladiagonale.net\/index.php\/2023\/06\/01\/les-ultras-furieux-mouillez-le-maillot-ou-cassez-vous\/#breadcrumb\",\"itemListElement\":[{\"@type\":\"ListItem\",\"position\":1,\"name\":\"Accueil\",\"item\":\"https:\/\/www.ladiagonale.net\/\"},{\"@type\":\"ListItem\",\"position\":2,\"name\":\"Les Ultras furieux : \u00ab\u00a0Mouillez le maillot ou cassez-vous !\u00a0\u00bb\"}]},{\"@type\":\"WebSite\",\"@id\":\"https:\/\/www.ladiagonale.net\/#website\",\"url\":\"https:\/\/www.ladiagonale.net\/\",\"name\":\"La Diagonale\",\"description\":\"Le site des supporters de l&#039;AS Monaco FC\",\"potentialAction\":[{\"@type\":\"SearchAction\",\"target\":{\"@type\":\"EntryPoint\",\"urlTemplate\":\"https:\/\/www.ladiagonale.net\/?s={search_term_string}\"},\"query-input\":\"required name=search_term_string\"}],\"inLanguage\":\"fr-FR\"},{\"@type\":\"Person\",\"@id\":\"https:\/\/www.ladiagonale.net\/#\/schema\/person\/79ff1e7b0853ed01b2aa26e64ad300bf\",\"name\":\"Damien Dellerba\",\"image\":{\"@type\":\"ImageObject\",\"inLanguage\":\"fr-FR\",\"@id\":\"https:\/\/www.ladiagonale.net\/#\/schema\/person\/image\/\",\"url\":\"https:\/\/secure.gravatar.com\/avatar\/c7850e06d3ff63cdbaee88b7fc16e2f0?s=96&d=mm&r=g\",\"contentUrl\":\"https:\/\/secure.gravatar.com\/avatar\/c7850e06d3ff63cdbaee88b7fc16e2f0?s=96&d=mm&r=g\",\"caption\":\"Damien Dellerba\"},\"url\":\"https:\/\/www.ladiagonale.net\/index.php\/author\/damien\/\"}]}<\/script>\n<!-- \/ Yoast SEO plugin. -->","yoast_head_json":{"title":"Les Ultras furieux : \u00ab\u00a0Mouillez le maillot ou cassez-vous !\u00a0\u00bb - La Diagonale","robots":{"index":"index","follow":"follow","max-snippet":"max-snippet:-1","max-image-preview":"max-image-preview:large","max-video-preview":"max-video-preview:-1"},"canonical":"https:\/\/www.ladiagonale.net\/index.php\/2023\/06\/01\/les-ultras-furieux-mouillez-le-maillot-ou-cassez-vous\/","og_locale":"fr_FR","og_type":"article","og_title":"Les Ultras furieux : \u00ab\u00a0Mouillez le maillot ou cassez-vous !\u00a0\u00bb - La Diagonale","og_description":"\u00c0 48 heures d\u2019une rencontre d\u00e9cisive contre Toulouse (samedi, 21h), les Ultras Monaco ont d\u00e9nonc\u00e9 dans un communiqu\u00e9 peu am\u00e8ne le comportement non-professionnel de certains joueurs de l\u2019AS Monaco, tout en pointant du doigt la complicit\u00e9 de Paul Mitchell dans le d\u00e9litement de cette situation : \u00ab\u00a0Nous d\u00e9non\u00e7ons l\u2019attitude inacceptable et le manque de professionnalisme [...]","og_url":"https:\/\/www.ladiagonale.net\/index.php\/2023\/06\/01\/les-ultras-furieux-mouillez-le-maillot-ou-cassez-vous\/","og_site_name":"La Diagonale","article_published_time":"2023-06-01T14:17:13+00:00","article_modified_time":"2023-06-01T14:17:17+00:00","og_image":[{"width":1160,"height":650,"url":"https:\/\/www.ladiagonale.net\/wp-content\/uploads\/2023\/06\/ultras.png","type":"image\/png"}],"author":"Damien Dellerba","twitter_card":"summary_large_image","twitter_image":"https:\/\/www.ladiagonale.net\/wp-content\/uploads\/2023\/06\/ultras.png","twitter_misc":{"\u00c9crit par":"Damien Dellerba","Dur\u00e9e de lecture estim\u00e9e":"3 minutes"},"schema":{"@context":"https:\/\/schema.org","@graph":[{"@type":"WebPage","@id":"https:\/\/www.ladiagonale.net\/index.php\/2023\/06\/01\/les-ultras-furieux-mouillez-le-maillot-ou-cassez-vous\/","url":"https:\/\/www.ladiagonale.net\/index.php\/2023\/06\/01\/les-ultras-furieux-mouillez-le-maillot-ou-cassez-vous\/","name":"Les Ultras furieux : \u00ab\u00a0Mouillez le maillot ou cassez-vous !\u00a0\u00bb - La Diagonale","isPartOf":{"@id":"https:\/\/www.ladiagonale.net\/#website"},"datePublished":"2023-06-01T14:17:13+00:00","dateModified":"2023-06-01T14:17:17+00:00","author":{"@id":"https:\/\/www.ladiagonale.net\/#\/schema\/person\/79ff1e7b0853ed01b2aa26e64ad300bf"},"breadcrumb":{"@id":"https:\/\/www.ladiagonale.net\/index.php\/2023\/06\/01\/les-ultras-furieux-mouillez-le-maillot-ou-cassez-vous\/#breadcrumb"},"inLanguage":"fr-FR","potentialAction":[{"@type":"ReadAction","target":["https:\/\/www.ladiagonale.net\/index.php\/2023\/06\/01\/les-ultras-furieux-mouillez-le-maillot-ou-cassez-vous\/"]}]},{"@type":"BreadcrumbList","@id":"https:\/\/www.ladiagonale.net\/index.php\/2023\/06\/01\/les-ultras-furieux-mouillez-le-maillot-ou-cassez-vous\/#breadcrumb","itemListElement":[{"@type":"ListItem","position":1,"name":"Accueil","item":"https:\/\/www.ladiagonale.net\/"},{"@type":"ListItem","position":2,"name":"Les Ultras furieux : \u00ab\u00a0Mouillez le maillot ou cassez-vous !\u00a0\u00bb"}]},{"@type":"WebSite","@id":"https:\/\/www.ladiagonale.net\/#website","url":"https:\/\/www.ladiagonale.net\/","name":"La Diagonale","description":"Le site des supporters de l&#039;AS Monaco FC","potentialAction":[{"@type":"SearchAction","target":{"@type":"EntryPoint","urlTemplate":"https:\/\/www.ladiagonale.net\/?s={search_term_string}"},"query-input":"required name=search_term_string"}],"inLanguage":"fr-FR"},{"@type":"Person","@id":"https:\/\/www.ladiagonale.net\/#\/schema\/person\/79ff1e7b0853ed01b2aa26e64ad300bf","name":"Damien Dellerba","image":{"@type":"ImageObject","inLanguage":"fr-FR","@id":"https:\/\/www.ladiagonale.net\/#\/schema\/person\/image\/","url":"https:\/\/secure.gravatar.com\/avatar\/c7850e06d3ff63cdbaee88b7fc16e2f0?s=96&d=mm&r=g","contentUrl":"https:\/\/secure.gravatar.com\/avatar\/c7850e06d3ff63cdbaee88b7fc16e2f0?s=96&d=mm&r=g","caption":"Damien Dellerba"},"url":"https:\/\/www.ladiagonale.net\/index.php\/author\/damien\/"}]}},"_links":{"self":[{"href":"https:\/\/www.ladiagonale.net\/index.php\/wp-json\/wp\/v2\/posts\/12993"}],"collection":[{"href":"https:\/\/www.ladiagonale.net\/index.php\/wp-json\/wp\/v2\/posts"}],"about":[{"href":"https:\/\/www.ladiagonale.net\/index.php\/wp-json\/wp\/v2\/types\/post"}],"author":[{"embeddable":true,"href":"https:\/\/www.ladiagonale.net\/index.php\/wp-json\/wp\/v2\/users\/2"}],"replies":[{"embeddable":true,"href":"https:\/\/www.ladiagonale.net\/index.php\/wp-json\/wp\/v2\/comments?post=12993"}],"version-history":[{"count":1,"href":"https:\/\/www.ladiagonale.net\/index.php\/wp-json\/wp\/v2\/posts\/12993\/revisions"}],"predecessor-version":[{"id":12995,"href":"https:\/\/www.ladiagonale.net\/index.php\/wp-json\/wp\/v2\/posts\/12993\/revisions\/12995"}],"wp:attachment":[{"href":"https:\/\/www.ladiagonale.net\/index.php\/wp-json\/wp\/v2\/media?parent=12993"}],"wp:term":[{"taxonomy":"category","embeddable":true,"href":"https:\/\/www.ladiagonale.net\/index.php\/wp-json\/wp\/v2\/categories?post=12993"},{"taxonomy":"post_tag","embeddable":true,"href":"https:\/\/www.ladiagonale.net\/index.php\/wp-json\/wp\/v2\/tags?post=12993"}],"curies":[{"name":"wp","href":"https:\/\/api.w.org\/{rel}","templated":true}]}}