{"id":13051,"date":"2023-06-03T13:21:16","date_gmt":"2023-06-03T11:21:16","guid":{"rendered":"https:\/\/www.ladiagonale.net\/?p=13051"},"modified":"2023-06-03T15:02:29","modified_gmt":"2023-06-03T13:02:29","slug":"apres-les-ultras-le-csm-exprime-son-ras-le-bol","status":"publish","type":"post","link":"https:\/\/www.ladiagonale.net\/index.php\/2023\/06\/03\/apres-les-ultras-le-csm-exprime-son-ras-le-bol\/","title":{"rendered":"Apr\u00e8s les Ultras, le CSM exprime son ras-le-bol"},"content":{"rendered":"\n<p>Vendredi, <a href=\"https:\/\/www.ladiagonale.net\/index.php\/2023\/06\/01\/les-ultras-furieux-mouillez-le-maillot-ou-cassez-vous\/\">les Ultras Monaco avaient pondu un communiqu\u00e9 au vitriol<\/a>, pour d\u00e9noncer les errements du club de la Principaut\u00e9 et des joueurs. 24 heures plus tard, ce samedi, le Club des Supporters (CSM) a emboit\u00e9 le pas des Ultras pour d\u00e9noncer le \u00ab&nbsp;<em>spectacle affligeant propos\u00e9 par notre \u00e9quipe&nbsp; sur le terrain et en dehors<\/em>&nbsp;\u00bb.<\/p>\n\n\n\n<p>Habituellement plut\u00f4t mesur\u00e9, m\u00eame s\u2019il avait d\u00e9j\u00e0 <a href=\"https:\/\/www.ladiagonale.net\/index.php\/2023\/04\/23\/le-csm-publie-un-communique-incendiaire-apres-la-deroute-a-lens\/\">publi\u00e9 un communiqu\u00e9 incendiaire apr\u00e8s la d\u00e9route \u00e0 Lens<\/a>, le CSM a expliqu\u00e9 ne plus pouvoir d\u00e9fendre l\u2019\u00e9quipe et les joueurs sur cette fin de saison : \u00ab&nbsp;<em>Le CSM a pendant longtemps cette saison fait le choix de d\u00e9fendre cette \u00e9quipe et ses joueurs, par amour, par fid\u00e9lit\u00e9 mais en cette fin de saison, c\u2019en est trop ! Remplir tous les parcages de France, donner de son temps et de son argent chaque week-end en France et en Europe pour se faire pi\u00e9tiner par des mercenaires sans honneur l\u2019ann\u00e9e de nos 70 ans, c\u2019est l\u2019humiliation de trop.<\/em>&nbsp;\u00bb<\/p>\n\n\n\n<p>Le CSM a \u00e9galement condamn\u00e9 l\u2019attitude des joueurs, qu\u2019il estime \u00ab <em>plus efficaces en bo\u00eete de nuit que sur les terrains, plus orgueilleux que techniques<\/em> \u00bb et qui \u00ab s<em>e permettent des propos d\u00e9plac\u00e9s et honteux envers les derniers supporters encore fid\u00e8les.<\/em> \u00bb Philippe Clement, l\u2019entra\u00eeneur de l\u2019AS Monaco, a \u00e9t\u00e9 lui aussi \u00e9gratign\u00e9 : \u00ab <em>Nous n\u2019\u00e9voquerons pas plus Philippe Clement qui sera lui aussi transparent dans ce communiqu\u00e9 qu\u2019il l\u2019a \u00e9t\u00e9 dans la gestion de son groupe et de cette \u00e9quipe.<\/em> \u00bb<\/p>\n\n\n\n<p>Mais si des manques ont pu \u00eatre observ\u00e9s dans l\u2019attitude des joueurs, le cadre pos\u00e9 par le club semble aussi faire d\u00e9faut, et le Club des Supporters a point\u00e9 du doigt \u00ab&nbsp;<em>l\u2019incomp\u00e9tence<\/em>&nbsp;\u00bb de Paul Mitchell dans la gestion du groupe et son mutisme sur les \u00e9v\u00e9nements r\u00e9cents : \u00ab&nbsp;<em>O\u00f9 sont-ils les patrons ? Qui a la l\u00e9gitimit\u00e9 pour se faire respecter dans ce club ? Mitchell ? Rien n\u2019est l\u00e9gitime chez lui. Incomp\u00e9tent dans la gestion d\u2019un groupe, incomp\u00e9tent dans le recrutement, incomp\u00e9tent et fier de l\u2019\u00eatre.<\/em>&nbsp;\u00bb<\/p>\n\n\n\n\n\n<p><\/p>\n","protected":false},"excerpt":{"rendered":"<p>Vendredi, les Ultras Monaco avaient pondu un communiqu\u00e9 au vitriol, pour d\u00e9noncer les errements du club de la Principaut\u00e9 et des joueurs. 24 heures plus tard, ce samedi, le Club des Supporters (CSM) a emboit\u00e9 le pas des Ultras pour d\u00e9noncer le \u00ab&nbsp;spectacle affligeant propos\u00e9 par notre \u00e9quipe&nbsp; sur le terrain et en dehors&nbsp;\u00bb. Habituellement [&#8230;]\n","protected":false},"author":2,"featured_media":0,"comment_status":"open","ping_status":"open","sticky":false,"template":"","format":"standard","meta":[],"categories":[4,6],"tags":[86,303,304],"yoast_head":"<!-- This site is optimized with the Yoast SEO plugin v19.8 - https:\/\/yoast.com\/wordpress\/plugins\/seo\/ -->\n<title>Apr\u00e8s les Ultras, le CSM exprime son ras-le-bol - La Diagonale<\/title>\n<meta name=\"robots\" content=\"index, follow, max-snippet:-1, max-image-preview:large, max-video-preview:-1\" \/>\n<link rel=\"canonical\" href=\"https:\/\/www.ladiagonale.net\/index.php\/2023\/06\/03\/apres-les-ultras-le-csm-exprime-son-ras-le-bol\/\" \/>\n<meta property=\"og:locale\" content=\"fr_FR\" \/>\n<meta property=\"og:type\" content=\"article\" \/>\n<meta property=\"og:title\" content=\"Apr\u00e8s les Ultras, le CSM exprime son ras-le-bol - La Diagonale\" \/>\n<meta property=\"og:description\" content=\"Vendredi, les Ultras Monaco avaient pondu un communiqu\u00e9 au vitriol, pour d\u00e9noncer les errements du club de la Principaut\u00e9 et des joueurs. 24 heures plus tard, ce samedi, le Club des Supporters (CSM) a emboit\u00e9 le pas des Ultras pour d\u00e9noncer le \u00ab&nbsp;spectacle affligeant propos\u00e9 par notre \u00e9quipe&nbsp; sur le terrain et en dehors&nbsp;\u00bb. Habituellement [...]\" \/>\n<meta property=\"og:url\" content=\"https:\/\/www.ladiagonale.net\/index.php\/2023\/06\/03\/apres-les-ultras-le-csm-exprime-son-ras-le-bol\/\" \/>\n<meta property=\"og:site_name\" content=\"La Diagonale\" \/>\n<meta property=\"article:published_time\" content=\"2023-06-03T11:21:16+00:00\" \/>\n<meta property=\"article:modified_time\" content=\"2023-06-03T13:02:29+00:00\" \/>\n<meta property=\"og:image\" content=\"https:\/\/www.ladiagonale.net\/wp-content\/uploads\/2022\/11\/CSM.png\" \/>\n\t<meta property=\"og:image:width\" content=\"1160\" \/>\n\t<meta property=\"og:image:height\" content=\"650\" \/>\n\t<meta property=\"og:image:type\" content=\"image\/png\" \/>\n<meta name=\"author\" content=\"Damien Dellerba\" \/>\n<meta name=\"twitter:card\" content=\"summary_large_image\" \/>\n<meta name=\"twitter:image\" content=\"https:\/\/www.ladiagonale.net\/wp-content\/uploads\/2022\/11\/CSM.png\" \/>\n<meta name=\"twitter:label1\" content=\"\u00c9crit par\" \/>\n\t<meta name=\"twitter:data1\" content=\"Damien Dellerba\" \/>\n\t<meta name=\"twitter:label2\" content=\"Dur\u00e9e de lecture estim\u00e9e\" \/>\n\t<meta name=\"twitter:data2\" content=\"2 minutes\" \/>\n<script type=\"application\/ld+json\" class=\"yoast-schema-graph\">{\"@context\":\"https:\/\/schema.org\",\"@graph\":[{\"@type\":\"WebPage\",\"@id\":\"https:\/\/www.ladiagonale.net\/index.php\/2023\/06\/03\/apres-les-ultras-le-csm-exprime-son-ras-le-bol\/\",\"url\":\"https:\/\/www.ladiagonale.net\/index.php\/2023\/06\/03\/apres-les-ultras-le-csm-exprime-son-ras-le-bol\/\",\"name\":\"Apr\u00e8s les Ultras, le CSM exprime son ras-le-bol - La Diagonale\",\"isPartOf\":{\"@id\":\"https:\/\/www.ladiagonale.net\/#website\"},\"datePublished\":\"2023-06-03T11:21:16+00:00\",\"dateModified\":\"2023-06-03T13:02:29+00:00\",\"author\":{\"@id\":\"https:\/\/www.ladiagonale.net\/#\/schema\/person\/79ff1e7b0853ed01b2aa26e64ad300bf\"},\"breadcrumb\":{\"@id\":\"https:\/\/www.ladiagonale.net\/index.php\/2023\/06\/03\/apres-les-ultras-le-csm-exprime-son-ras-le-bol\/#breadcrumb\"},\"inLanguage\":\"fr-FR\",\"potentialAction\":[{\"@type\":\"ReadAction\",\"target\":[\"https:\/\/www.ladiagonale.net\/index.php\/2023\/06\/03\/apres-les-ultras-le-csm-exprime-son-ras-le-bol\/\"]}]},{\"@type\":\"BreadcrumbList\",\"@id\":\"https:\/\/www.ladiagonale.net\/index.php\/2023\/06\/03\/apres-les-ultras-le-csm-exprime-son-ras-le-bol\/#breadcrumb\",\"itemListElement\":[{\"@type\":\"ListItem\",\"position\":1,\"name\":\"Accueil\",\"item\":\"https:\/\/www.ladiagonale.net\/\"},{\"@type\":\"ListItem\",\"position\":2,\"name\":\"Apr\u00e8s les Ultras, le CSM exprime son ras-le-bol\"}]},{\"@type\":\"WebSite\",\"@id\":\"https:\/\/www.ladiagonale.net\/#website\",\"url\":\"https:\/\/www.ladiagonale.net\/\",\"name\":\"La Diagonale\",\"description\":\"Le site des supporters de l&#039;AS Monaco FC\",\"potentialAction\":[{\"@type\":\"SearchAction\",\"target\":{\"@type\":\"EntryPoint\",\"urlTemplate\":\"https:\/\/www.ladiagonale.net\/?s={search_term_string}\"},\"query-input\":\"required name=search_term_string\"}],\"inLanguage\":\"fr-FR\"},{\"@type\":\"Person\",\"@id\":\"https:\/\/www.ladiagonale.net\/#\/schema\/person\/79ff1e7b0853ed01b2aa26e64ad300bf\",\"name\":\"Damien Dellerba\",\"image\":{\"@type\":\"ImageObject\",\"inLanguage\":\"fr-FR\",\"@id\":\"https:\/\/www.ladiagonale.net\/#\/schema\/person\/image\/\",\"url\":\"https:\/\/secure.gravatar.com\/avatar\/c7850e06d3ff63cdbaee88b7fc16e2f0?s=96&d=mm&r=g\",\"contentUrl\":\"https:\/\/secure.gravatar.com\/avatar\/c7850e06d3ff63cdbaee88b7fc16e2f0?s=96&d=mm&r=g\",\"caption\":\"Damien Dellerba\"},\"url\":\"https:\/\/www.ladiagonale.net\/index.php\/author\/damien\/\"}]}<\/script>\n<!-- \/ Yoast SEO plugin. -->","yoast_head_json":{"title":"Apr\u00e8s les Ultras, le CSM exprime son ras-le-bol - La Diagonale","robots":{"index":"index","follow":"follow","max-snippet":"max-snippet:-1","max-image-preview":"max-image-preview:large","max-video-preview":"max-video-preview:-1"},"canonical":"https:\/\/www.ladiagonale.net\/index.php\/2023\/06\/03\/apres-les-ultras-le-csm-exprime-son-ras-le-bol\/","og_locale":"fr_FR","og_type":"article","og_title":"Apr\u00e8s les Ultras, le CSM exprime son ras-le-bol - La Diagonale","og_description":"Vendredi, les Ultras Monaco avaient pondu un communiqu\u00e9 au vitriol, pour d\u00e9noncer les errements du club de la Principaut\u00e9 et des joueurs. 24 heures plus tard, ce samedi, le Club des Supporters (CSM) a emboit\u00e9 le pas des Ultras pour d\u00e9noncer le \u00ab&nbsp;spectacle affligeant propos\u00e9 par notre \u00e9quipe&nbsp; sur le terrain et en dehors&nbsp;\u00bb. Habituellement [...]","og_url":"https:\/\/www.ladiagonale.net\/index.php\/2023\/06\/03\/apres-les-ultras-le-csm-exprime-son-ras-le-bol\/","og_site_name":"La Diagonale","article_published_time":"2023-06-03T11:21:16+00:00","article_modified_time":"2023-06-03T13:02:29+00:00","og_image":[{"width":1160,"height":650,"url":"https:\/\/www.ladiagonale.net\/wp-content\/uploads\/2022\/11\/CSM.png","type":"image\/png"}],"author":"Damien Dellerba","twitter_card":"summary_large_image","twitter_image":"https:\/\/www.ladiagonale.net\/wp-content\/uploads\/2022\/11\/CSM.png","twitter_misc":{"\u00c9crit par":"Damien Dellerba","Dur\u00e9e de lecture estim\u00e9e":"2 minutes"},"schema":{"@context":"https:\/\/schema.org","@graph":[{"@type":"WebPage","@id":"https:\/\/www.ladiagonale.net\/index.php\/2023\/06\/03\/apres-les-ultras-le-csm-exprime-son-ras-le-bol\/","url":"https:\/\/www.ladiagonale.net\/index.php\/2023\/06\/03\/apres-les-ultras-le-csm-exprime-son-ras-le-bol\/","name":"Apr\u00e8s les Ultras, le CSM exprime son ras-le-bol - La Diagonale","isPartOf":{"@id":"https:\/\/www.ladiagonale.net\/#website"},"datePublished":"2023-06-03T11:21:16+00:00","dateModified":"2023-06-03T13:02:29+00:00","author":{"@id":"https:\/\/www.ladiagonale.net\/#\/schema\/person\/79ff1e7b0853ed01b2aa26e64ad300bf"},"breadcrumb":{"@id":"https:\/\/www.ladiagonale.net\/index.php\/2023\/06\/03\/apres-les-ultras-le-csm-exprime-son-ras-le-bol\/#breadcrumb"},"inLanguage":"fr-FR","potentialAction":[{"@type":"ReadAction","target":["https:\/\/www.ladiagonale.net\/index.php\/2023\/06\/03\/apres-les-ultras-le-csm-exprime-son-ras-le-bol\/"]}]},{"@type":"BreadcrumbList","@id":"https:\/\/www.ladiagonale.net\/index.php\/2023\/06\/03\/apres-les-ultras-le-csm-exprime-son-ras-le-bol\/#breadcrumb","itemListElement":[{"@type":"ListItem","position":1,"name":"Accueil","item":"https:\/\/www.ladiagonale.net\/"},{"@type":"ListItem","position":2,"name":"Apr\u00e8s les Ultras, le CSM exprime son ras-le-bol"}]},{"@type":"WebSite","@id":"https:\/\/www.ladiagonale.net\/#website","url":"https:\/\/www.ladiagonale.net\/","name":"La Diagonale","description":"Le site des supporters de l&#039;AS Monaco FC","potentialAction":[{"@type":"SearchAction","target":{"@type":"EntryPoint","urlTemplate":"https:\/\/www.ladiagonale.net\/?s={search_term_string}"},"query-input":"required name=search_term_string"}],"inLanguage":"fr-FR"},{"@type":"Person","@id":"https:\/\/www.ladiagonale.net\/#\/schema\/person\/79ff1e7b0853ed01b2aa26e64ad300bf","name":"Damien Dellerba","image":{"@type":"ImageObject","inLanguage":"fr-FR","@id":"https:\/\/www.ladiagonale.net\/#\/schema\/person\/image\/","url":"https:\/\/secure.gravatar.com\/avatar\/c7850e06d3ff63cdbaee88b7fc16e2f0?s=96&d=mm&r=g","contentUrl":"https:\/\/secure.gravatar.com\/avatar\/c7850e06d3ff63cdbaee88b7fc16e2f0?s=96&d=mm&r=g","caption":"Damien Dellerba"},"url":"https:\/\/www.ladiagonale.net\/index.php\/author\/damien\/"}]}},"_links":{"self":[{"href":"https:\/\/www.ladiagonale.net\/index.php\/wp-json\/wp\/v2\/posts\/13051"}],"collection":[{"href":"https:\/\/www.ladiagonale.net\/index.php\/wp-json\/wp\/v2\/posts"}],"about":[{"href":"https:\/\/www.ladiagonale.net\/index.php\/wp-json\/wp\/v2\/types\/post"}],"author":[{"embeddable":true,"href":"https:\/\/www.ladiagonale.net\/index.php\/wp-json\/wp\/v2\/users\/2"}],"replies":[{"embeddable":true,"href":"https:\/\/www.ladiagonale.net\/index.php\/wp-json\/wp\/v2\/comments?post=13051"}],"version-history":[{"count":4,"href":"https:\/\/www.ladiagonale.net\/index.php\/wp-json\/wp\/v2\/posts\/13051\/revisions"}],"predecessor-version":[{"id":13058,"href":"https:\/\/www.ladiagonale.net\/index.php\/wp-json\/wp\/v2\/posts\/13051\/revisions\/13058"}],"wp:attachment":[{"href":"https:\/\/www.ladiagonale.net\/index.php\/wp-json\/wp\/v2\/media?parent=13051"}],"wp:term":[{"taxonomy":"category","embeddable":true,"href":"https:\/\/www.ladiagonale.net\/index.php\/wp-json\/wp\/v2\/categories?post=13051"},{"taxonomy":"post_tag","embeddable":true,"href":"https:\/\/www.ladiagonale.net\/index.php\/wp-json\/wp\/v2\/tags?post=13051"}],"curies":[{"name":"wp","href":"https:\/\/api.w.org\/{rel}","templated":true}]}}