{"id":1307,"date":"2022-06-28T18:28:44","date_gmt":"2022-06-28T16:28:44","guid":{"rendered":"https:\/\/www.ladiagonale.net\/index.php\/2022\/06\/28\/officiel-pietro-pellegri-quitte-lasm\/"},"modified":"2022-09-28T17:22:06","modified_gmt":"2022-09-28T15:22:06","slug":"officiel-pietro-pellegri-quitte-lasm","status":"publish","type":"post","link":"https:\/\/www.ladiagonale.net\/index.php\/2022\/06\/28\/officiel-pietro-pellegri-quitte-lasm\/","title":{"rendered":"Officiel : Pietro Pellegri quitte l&rsquo;ASM"},"content":{"rendered":"\n<p>Apr\u00e8s Strahinja Pavlovic (<a href=\"https:\/\/www.ladiagonale.net\/news-1534-officiel-pavlovic-sengage-avec-salzbourg\">lire par ailleurs<\/a>), l&rsquo;AS Monaco a officialis\u00e9 le d\u00e9part de Pietro Pellegri. L&rsquo;attaquant italien de 21 ans va continuer sa carri\u00e8re au Torino, club dans lequel il \u00e9tait pr\u00eat\u00e9 depuis le mois de janvier. Le transfert pourrait s&rsquo;\u00e9lever \u00e0 cinq millions d&rsquo;euros, hors bonus.<\/p>\n\n\n\n<p>Arriv\u00e9 \u00e0 l&rsquo;AS Monaco pour la modique somme de 25 millions d&rsquo;euros en janvier 2018, Pellegri n&rsquo;a jamais pu confirmer les espoirs plac\u00e9s en lui, en raison notamment de tr\u00e8s nombreuses blessures. Au final, il aura disput\u00e9 23 rencontres sous le maillot mon\u00e9gasque pour seulement deux buts inscrits.<\/p>\n","protected":false},"excerpt":{"rendered":"<p>Apr\u00e8s Strahinja Pavlovic (lire par ailleurs), l&rsquo;AS Monaco a officialis\u00e9 le d\u00e9part de Pietro Pellegri. L&rsquo;attaquant italien de 21 ans va continuer sa carri\u00e8re au Torino, club dans lequel il \u00e9tait pr\u00eat\u00e9 depuis le mois de janvier. Le transfert pourrait s&rsquo;\u00e9lever \u00e0 cinq millions d&rsquo;euros, hors bonus. Arriv\u00e9 \u00e0 l&rsquo;AS Monaco pour la modique somme [&#8230;]\n","protected":false},"author":2,"featured_media":0,"comment_status":"open","ping_status":"open","sticky":false,"template":"","format":"standard","meta":[],"categories":[6],"tags":[159,160],"yoast_head":"<!-- This site is optimized with the Yoast SEO plugin v19.8 - https:\/\/yoast.com\/wordpress\/plugins\/seo\/ -->\n<title>Officiel : Pietro Pellegri quitte l&#039;ASM - La Diagonale<\/title>\n<meta name=\"robots\" content=\"index, follow, max-snippet:-1, max-image-preview:large, max-video-preview:-1\" \/>\n<link rel=\"canonical\" href=\"https:\/\/www.ladiagonale.net\/index.php\/2022\/06\/28\/officiel-pietro-pellegri-quitte-lasm\/\" \/>\n<meta property=\"og:locale\" content=\"fr_FR\" \/>\n<meta property=\"og:type\" content=\"article\" \/>\n<meta property=\"og:title\" content=\"Officiel : Pietro Pellegri quitte l&#039;ASM - La Diagonale\" \/>\n<meta property=\"og:description\" content=\"Apr\u00e8s Strahinja Pavlovic (lire par ailleurs), l&rsquo;AS Monaco a officialis\u00e9 le d\u00e9part de Pietro Pellegri. L&rsquo;attaquant italien de 21 ans va continuer sa carri\u00e8re au Torino, club dans lequel il \u00e9tait pr\u00eat\u00e9 depuis le mois de janvier. Le transfert pourrait s&rsquo;\u00e9lever \u00e0 cinq millions d&rsquo;euros, hors bonus. Arriv\u00e9 \u00e0 l&rsquo;AS Monaco pour la modique somme [...]\" \/>\n<meta property=\"og:url\" content=\"https:\/\/www.ladiagonale.net\/index.php\/2022\/06\/28\/officiel-pietro-pellegri-quitte-lasm\/\" \/>\n<meta property=\"og:site_name\" content=\"La Diagonale\" \/>\n<meta property=\"article:published_time\" content=\"2022-06-28T16:28:44+00:00\" \/>\n<meta property=\"article:modified_time\" content=\"2022-09-28T15:22:06+00:00\" \/>\n<meta name=\"author\" content=\"Damien Dellerba\" \/>\n<meta name=\"twitter:card\" content=\"summary_large_image\" \/>\n<meta name=\"twitter:label1\" content=\"\u00c9crit par\" \/>\n\t<meta name=\"twitter:data1\" content=\"Damien Dellerba\" \/>\n<script type=\"application\/ld+json\" class=\"yoast-schema-graph\">{\"@context\":\"https:\/\/schema.org\",\"@graph\":[{\"@type\":\"WebPage\",\"@id\":\"https:\/\/www.ladiagonale.net\/index.php\/2022\/06\/28\/officiel-pietro-pellegri-quitte-lasm\/\",\"url\":\"https:\/\/www.ladiagonale.net\/index.php\/2022\/06\/28\/officiel-pietro-pellegri-quitte-lasm\/\",\"name\":\"Officiel : Pietro Pellegri quitte l'ASM - La Diagonale\",\"isPartOf\":{\"@id\":\"https:\/\/www.ladiagonale.net\/#website\"},\"datePublished\":\"2022-06-28T16:28:44+00:00\",\"dateModified\":\"2022-09-28T15:22:06+00:00\",\"author\":{\"@id\":\"https:\/\/www.ladiagonale.net\/#\/schema\/person\/79ff1e7b0853ed01b2aa26e64ad300bf\"},\"breadcrumb\":{\"@id\":\"https:\/\/www.ladiagonale.net\/index.php\/2022\/06\/28\/officiel-pietro-pellegri-quitte-lasm\/#breadcrumb\"},\"inLanguage\":\"fr-FR\",\"potentialAction\":[{\"@type\":\"ReadAction\",\"target\":[\"https:\/\/www.ladiagonale.net\/index.php\/2022\/06\/28\/officiel-pietro-pellegri-quitte-lasm\/\"]}]},{\"@type\":\"BreadcrumbList\",\"@id\":\"https:\/\/www.ladiagonale.net\/index.php\/2022\/06\/28\/officiel-pietro-pellegri-quitte-lasm\/#breadcrumb\",\"itemListElement\":[{\"@type\":\"ListItem\",\"position\":1,\"name\":\"Accueil\",\"item\":\"https:\/\/www.ladiagonale.net\/\"},{\"@type\":\"ListItem\",\"position\":2,\"name\":\"Officiel : Pietro Pellegri quitte l&rsquo;ASM\"}]},{\"@type\":\"WebSite\",\"@id\":\"https:\/\/www.ladiagonale.net\/#website\",\"url\":\"https:\/\/www.ladiagonale.net\/\",\"name\":\"La Diagonale\",\"description\":\"Le site des supporters de l&#039;AS Monaco FC\",\"potentialAction\":[{\"@type\":\"SearchAction\",\"target\":{\"@type\":\"EntryPoint\",\"urlTemplate\":\"https:\/\/www.ladiagonale.net\/?s={search_term_string}\"},\"query-input\":\"required name=search_term_string\"}],\"inLanguage\":\"fr-FR\"},{\"@type\":\"Person\",\"@id\":\"https:\/\/www.ladiagonale.net\/#\/schema\/person\/79ff1e7b0853ed01b2aa26e64ad300bf\",\"name\":\"Damien Dellerba\",\"image\":{\"@type\":\"ImageObject\",\"inLanguage\":\"fr-FR\",\"@id\":\"https:\/\/www.ladiagonale.net\/#\/schema\/person\/image\/\",\"url\":\"https:\/\/secure.gravatar.com\/avatar\/c7850e06d3ff63cdbaee88b7fc16e2f0?s=96&d=mm&r=g\",\"contentUrl\":\"https:\/\/secure.gravatar.com\/avatar\/c7850e06d3ff63cdbaee88b7fc16e2f0?s=96&d=mm&r=g\",\"caption\":\"Damien Dellerba\"},\"url\":\"https:\/\/www.ladiagonale.net\/index.php\/author\/damien\/\"}]}<\/script>\n<!-- \/ Yoast SEO plugin. -->","yoast_head_json":{"title":"Officiel : Pietro Pellegri quitte l'ASM - La Diagonale","robots":{"index":"index","follow":"follow","max-snippet":"max-snippet:-1","max-image-preview":"max-image-preview:large","max-video-preview":"max-video-preview:-1"},"canonical":"https:\/\/www.ladiagonale.net\/index.php\/2022\/06\/28\/officiel-pietro-pellegri-quitte-lasm\/","og_locale":"fr_FR","og_type":"article","og_title":"Officiel : Pietro Pellegri quitte l'ASM - La Diagonale","og_description":"Apr\u00e8s Strahinja Pavlovic (lire par ailleurs), l&rsquo;AS Monaco a officialis\u00e9 le d\u00e9part de Pietro Pellegri. L&rsquo;attaquant italien de 21 ans va continuer sa carri\u00e8re au Torino, club dans lequel il \u00e9tait pr\u00eat\u00e9 depuis le mois de janvier. Le transfert pourrait s&rsquo;\u00e9lever \u00e0 cinq millions d&rsquo;euros, hors bonus. Arriv\u00e9 \u00e0 l&rsquo;AS Monaco pour la modique somme [...]","og_url":"https:\/\/www.ladiagonale.net\/index.php\/2022\/06\/28\/officiel-pietro-pellegri-quitte-lasm\/","og_site_name":"La Diagonale","article_published_time":"2022-06-28T16:28:44+00:00","article_modified_time":"2022-09-28T15:22:06+00:00","author":"Damien Dellerba","twitter_card":"summary_large_image","twitter_misc":{"\u00c9crit par":"Damien Dellerba"},"schema":{"@context":"https:\/\/schema.org","@graph":[{"@type":"WebPage","@id":"https:\/\/www.ladiagonale.net\/index.php\/2022\/06\/28\/officiel-pietro-pellegri-quitte-lasm\/","url":"https:\/\/www.ladiagonale.net\/index.php\/2022\/06\/28\/officiel-pietro-pellegri-quitte-lasm\/","name":"Officiel : Pietro Pellegri quitte l'ASM - La Diagonale","isPartOf":{"@id":"https:\/\/www.ladiagonale.net\/#website"},"datePublished":"2022-06-28T16:28:44+00:00","dateModified":"2022-09-28T15:22:06+00:00","author":{"@id":"https:\/\/www.ladiagonale.net\/#\/schema\/person\/79ff1e7b0853ed01b2aa26e64ad300bf"},"breadcrumb":{"@id":"https:\/\/www.ladiagonale.net\/index.php\/2022\/06\/28\/officiel-pietro-pellegri-quitte-lasm\/#breadcrumb"},"inLanguage":"fr-FR","potentialAction":[{"@type":"ReadAction","target":["https:\/\/www.ladiagonale.net\/index.php\/2022\/06\/28\/officiel-pietro-pellegri-quitte-lasm\/"]}]},{"@type":"BreadcrumbList","@id":"https:\/\/www.ladiagonale.net\/index.php\/2022\/06\/28\/officiel-pietro-pellegri-quitte-lasm\/#breadcrumb","itemListElement":[{"@type":"ListItem","position":1,"name":"Accueil","item":"https:\/\/www.ladiagonale.net\/"},{"@type":"ListItem","position":2,"name":"Officiel : Pietro Pellegri quitte l&rsquo;ASM"}]},{"@type":"WebSite","@id":"https:\/\/www.ladiagonale.net\/#website","url":"https:\/\/www.ladiagonale.net\/","name":"La Diagonale","description":"Le site des supporters de l&#039;AS Monaco FC","potentialAction":[{"@type":"SearchAction","target":{"@type":"EntryPoint","urlTemplate":"https:\/\/www.ladiagonale.net\/?s={search_term_string}"},"query-input":"required name=search_term_string"}],"inLanguage":"fr-FR"},{"@type":"Person","@id":"https:\/\/www.ladiagonale.net\/#\/schema\/person\/79ff1e7b0853ed01b2aa26e64ad300bf","name":"Damien Dellerba","image":{"@type":"ImageObject","inLanguage":"fr-FR","@id":"https:\/\/www.ladiagonale.net\/#\/schema\/person\/image\/","url":"https:\/\/secure.gravatar.com\/avatar\/c7850e06d3ff63cdbaee88b7fc16e2f0?s=96&d=mm&r=g","contentUrl":"https:\/\/secure.gravatar.com\/avatar\/c7850e06d3ff63cdbaee88b7fc16e2f0?s=96&d=mm&r=g","caption":"Damien Dellerba"},"url":"https:\/\/www.ladiagonale.net\/index.php\/author\/damien\/"}]}},"_links":{"self":[{"href":"https:\/\/www.ladiagonale.net\/index.php\/wp-json\/wp\/v2\/posts\/1307"}],"collection":[{"href":"https:\/\/www.ladiagonale.net\/index.php\/wp-json\/wp\/v2\/posts"}],"about":[{"href":"https:\/\/www.ladiagonale.net\/index.php\/wp-json\/wp\/v2\/types\/post"}],"author":[{"embeddable":true,"href":"https:\/\/www.ladiagonale.net\/index.php\/wp-json\/wp\/v2\/users\/2"}],"replies":[{"embeddable":true,"href":"https:\/\/www.ladiagonale.net\/index.php\/wp-json\/wp\/v2\/comments?post=1307"}],"version-history":[{"count":2,"href":"https:\/\/www.ladiagonale.net\/index.php\/wp-json\/wp\/v2\/posts\/1307\/revisions"}],"predecessor-version":[{"id":4735,"href":"https:\/\/www.ladiagonale.net\/index.php\/wp-json\/wp\/v2\/posts\/1307\/revisions\/4735"}],"wp:attachment":[{"href":"https:\/\/www.ladiagonale.net\/index.php\/wp-json\/wp\/v2\/media?parent=1307"}],"wp:term":[{"taxonomy":"category","embeddable":true,"href":"https:\/\/www.ladiagonale.net\/index.php\/wp-json\/wp\/v2\/categories?post=1307"},{"taxonomy":"post_tag","embeddable":true,"href":"https:\/\/www.ladiagonale.net\/index.php\/wp-json\/wp\/v2\/tags?post=1307"}],"curies":[{"name":"wp","href":"https:\/\/api.w.org\/{rel}","templated":true}]}}