{"id":13142,"date":"2023-06-08T20:54:40","date_gmt":"2023-06-08T18:54:40","guid":{"rendered":"https:\/\/www.ladiagonale.net\/?p=13142"},"modified":"2023-06-09T12:19:14","modified_gmt":"2023-06-09T10:19:14","slug":"sarr-et-nubel-sen-vont-didillon-pourrait-rester-actualise","status":"publish","type":"post","link":"https:\/\/www.ladiagonale.net\/index.php\/2023\/06\/08\/sarr-et-nubel-sen-vont-didillon-pourrait-rester-actualise\/","title":{"rendered":"Sarr et N\u00fcbel s&rsquo;en vont, Didillon pourrait rester (Actualis\u00e9)"},"content":{"rendered":"\n<p>Pr\u00eat\u00e9 par Chelsea, Malang Sarr n&rsquo;\u00e9voluera plus sous les couleurs de l&rsquo;AS Monaco la saison prochaine. Dans l&rsquo;entretien qu&rsquo;il a accord\u00e9 \u00e0 la presse, Paul Mitchell a officialis\u00e9 l&rsquo;information, comme l&rsquo;a relay\u00e9 <em>getfootballnewsfrance.com<\/em> : \u00ab&nbsp;<em>Malang s&rsquo;est malheureusement bless\u00e9, une blessure abdominale musculaire \u00e0 l&rsquo;entra\u00eenement il y a quelques mois, et il n&rsquo;a donc pas \u00e9t\u00e9 disponible pour la s\u00e9lection pendant un long moment. Il est d\u00e9j\u00e0 de retour \u00e0 Chelsea.<\/em> \u00bb <\/p>\n\n\n\n<p>Monaco a donc d\u00e9cid\u00e9 de ne pas lever l&rsquo;option d&rsquo;achat estim\u00e9e autour de 12 millions d&rsquo;euros pour le joueur form\u00e9 \u00e0 Nice, qui a disput\u00e9 17 rencontres toutes comp\u00e9titions confondues avec le maillot \u00e0 la diagonale. Il n\u2019\u00e9tait plus apparu dans le groupe depuis le 19 mars dernier (contre Ajaccio), et <a href=\"https:\/\/www.ladiagonale.net\/index.php\/2023\/05\/23\/malang-sarr-sest-fait-operer\/\">s\u2019est fait op\u00e9rer r\u00e9cemment en Angleterre<\/a>.<\/p>\n\n\n\n<p>Sans surprise, Alexander N\u00fcbel retournera lui aussi dans son club du Bayern Munich apr\u00e8s un pr\u00eat de deux saisons o\u00f9 il n&rsquo;a jamais vraiment convaincu. En revanche, sa doublure Thomas Didillon pourrait rester en Principaut\u00e9. Carlos Avina, le directeur sportif du Cercle Bruges, avait indiqu\u00e9 que <a href=\"https:\/\/www.ladiagonale.net\/index.php\/2023\/05\/28\/didillon-ne-retournera-pas-au-cercle-bruges\/\">Didillon ne retournerait pas dans le club satellite de l&rsquo;ASM<\/a>, mais Paul Mitchell a annonc\u00e9 que Monaco n&rsquo;avait \u00ab <em>pas encore pris de d\u00e9cision<\/em> \u00bb. Pour l&rsquo;heure, Monaco se cherche un titulaire et <a href=\"https:\/\/www.ladiagonale.net\/index.php\/2023\/06\/06\/majecki-possible-titulaire-la-saison-prochaine\/\">Radoaslaw Majecki pourrait \u00eatre une option<\/a>.<\/p>\n\n\n\n<p><strong>Actualisation :<\/strong> Ce vendredi matin, l&rsquo;AS Monaco a annonc\u00e9 sur son site officiel les d\u00e9parts d&rsquo;Alexander N\u00fcbel et de Malang Sarr \u00e0 l&rsquo;issue de leur pr\u00eat.<\/p>\n","protected":false},"excerpt":{"rendered":"<p>Pr\u00eat\u00e9 par Chelsea, Malang Sarr n&rsquo;\u00e9voluera plus sous les couleurs de l&rsquo;AS Monaco la saison prochaine. Dans l&rsquo;entretien qu&rsquo;il a accord\u00e9 \u00e0 la presse, Paul Mitchell a officialis\u00e9 l&rsquo;information, comme l&rsquo;a relay\u00e9 getfootballnewsfrance.com : \u00ab&nbsp;Malang s&rsquo;est malheureusement bless\u00e9, une blessure abdominale musculaire \u00e0 l&rsquo;entra\u00eenement il y a quelques mois, et il n&rsquo;a donc pas \u00e9t\u00e9 [&#8230;]\n","protected":false},"author":2,"featured_media":0,"comment_status":"open","ping_status":"open","sticky":false,"template":"","format":"standard","meta":[],"categories":[4,6],"tags":[181,86,194,193],"yoast_head":"<!-- This site is optimized with the Yoast SEO plugin v19.8 - https:\/\/yoast.com\/wordpress\/plugins\/seo\/ -->\n<title>Sarr et N\u00fcbel s&#039;en vont, Didillon pourrait rester (Actualis\u00e9) - La Diagonale<\/title>\n<meta name=\"robots\" content=\"index, follow, max-snippet:-1, max-image-preview:large, max-video-preview:-1\" \/>\n<link rel=\"canonical\" href=\"https:\/\/www.ladiagonale.net\/index.php\/2023\/06\/08\/sarr-et-nubel-sen-vont-didillon-pourrait-rester-actualise\/\" \/>\n<meta property=\"og:locale\" content=\"fr_FR\" \/>\n<meta property=\"og:type\" content=\"article\" \/>\n<meta property=\"og:title\" content=\"Sarr et N\u00fcbel s&#039;en vont, Didillon pourrait rester (Actualis\u00e9) - La Diagonale\" \/>\n<meta property=\"og:description\" content=\"Pr\u00eat\u00e9 par Chelsea, Malang Sarr n&rsquo;\u00e9voluera plus sous les couleurs de l&rsquo;AS Monaco la saison prochaine. Dans l&rsquo;entretien qu&rsquo;il a accord\u00e9 \u00e0 la presse, Paul Mitchell a officialis\u00e9 l&rsquo;information, comme l&rsquo;a relay\u00e9 getfootballnewsfrance.com : \u00ab&nbsp;Malang s&rsquo;est malheureusement bless\u00e9, une blessure abdominale musculaire \u00e0 l&rsquo;entra\u00eenement il y a quelques mois, et il n&rsquo;a donc pas \u00e9t\u00e9 [...]\" \/>\n<meta property=\"og:url\" content=\"https:\/\/www.ladiagonale.net\/index.php\/2023\/06\/08\/sarr-et-nubel-sen-vont-didillon-pourrait-rester-actualise\/\" \/>\n<meta property=\"og:site_name\" content=\"La Diagonale\" \/>\n<meta property=\"article:published_time\" content=\"2023-06-08T18:54:40+00:00\" \/>\n<meta property=\"article:modified_time\" content=\"2023-06-09T10:19:14+00:00\" \/>\n<meta property=\"og:image\" content=\"https:\/\/www.ladiagonale.net\/wp-content\/uploads\/2023\/06\/didillon-nubel.png\" \/>\n\t<meta property=\"og:image:width\" content=\"1160\" \/>\n\t<meta property=\"og:image:height\" content=\"650\" \/>\n\t<meta property=\"og:image:type\" content=\"image\/png\" \/>\n<meta name=\"author\" content=\"Damien Dellerba\" \/>\n<meta name=\"twitter:card\" content=\"summary_large_image\" \/>\n<meta name=\"twitter:image\" content=\"https:\/\/www.ladiagonale.net\/wp-content\/uploads\/2023\/06\/didillon-nubel.png\" \/>\n<meta name=\"twitter:label1\" content=\"\u00c9crit par\" \/>\n\t<meta name=\"twitter:data1\" content=\"Damien Dellerba\" \/>\n\t<meta name=\"twitter:label2\" content=\"Dur\u00e9e de lecture estim\u00e9e\" \/>\n\t<meta name=\"twitter:data2\" content=\"2 minutes\" \/>\n<script type=\"application\/ld+json\" class=\"yoast-schema-graph\">{\"@context\":\"https:\/\/schema.org\",\"@graph\":[{\"@type\":\"WebPage\",\"@id\":\"https:\/\/www.ladiagonale.net\/index.php\/2023\/06\/08\/sarr-et-nubel-sen-vont-didillon-pourrait-rester-actualise\/\",\"url\":\"https:\/\/www.ladiagonale.net\/index.php\/2023\/06\/08\/sarr-et-nubel-sen-vont-didillon-pourrait-rester-actualise\/\",\"name\":\"Sarr et N\u00fcbel s'en vont, Didillon pourrait rester (Actualis\u00e9) - La Diagonale\",\"isPartOf\":{\"@id\":\"https:\/\/www.ladiagonale.net\/#website\"},\"datePublished\":\"2023-06-08T18:54:40+00:00\",\"dateModified\":\"2023-06-09T10:19:14+00:00\",\"author\":{\"@id\":\"https:\/\/www.ladiagonale.net\/#\/schema\/person\/79ff1e7b0853ed01b2aa26e64ad300bf\"},\"breadcrumb\":{\"@id\":\"https:\/\/www.ladiagonale.net\/index.php\/2023\/06\/08\/sarr-et-nubel-sen-vont-didillon-pourrait-rester-actualise\/#breadcrumb\"},\"inLanguage\":\"fr-FR\",\"potentialAction\":[{\"@type\":\"ReadAction\",\"target\":[\"https:\/\/www.ladiagonale.net\/index.php\/2023\/06\/08\/sarr-et-nubel-sen-vont-didillon-pourrait-rester-actualise\/\"]}]},{\"@type\":\"BreadcrumbList\",\"@id\":\"https:\/\/www.ladiagonale.net\/index.php\/2023\/06\/08\/sarr-et-nubel-sen-vont-didillon-pourrait-rester-actualise\/#breadcrumb\",\"itemListElement\":[{\"@type\":\"ListItem\",\"position\":1,\"name\":\"Accueil\",\"item\":\"https:\/\/www.ladiagonale.net\/\"},{\"@type\":\"ListItem\",\"position\":2,\"name\":\"Sarr et N\u00fcbel s&rsquo;en vont, Didillon pourrait rester (Actualis\u00e9)\"}]},{\"@type\":\"WebSite\",\"@id\":\"https:\/\/www.ladiagonale.net\/#website\",\"url\":\"https:\/\/www.ladiagonale.net\/\",\"name\":\"La Diagonale\",\"description\":\"Le site des supporters de l&#039;AS Monaco FC\",\"potentialAction\":[{\"@type\":\"SearchAction\",\"target\":{\"@type\":\"EntryPoint\",\"urlTemplate\":\"https:\/\/www.ladiagonale.net\/?s={search_term_string}\"},\"query-input\":\"required name=search_term_string\"}],\"inLanguage\":\"fr-FR\"},{\"@type\":\"Person\",\"@id\":\"https:\/\/www.ladiagonale.net\/#\/schema\/person\/79ff1e7b0853ed01b2aa26e64ad300bf\",\"name\":\"Damien Dellerba\",\"image\":{\"@type\":\"ImageObject\",\"inLanguage\":\"fr-FR\",\"@id\":\"https:\/\/www.ladiagonale.net\/#\/schema\/person\/image\/\",\"url\":\"https:\/\/secure.gravatar.com\/avatar\/c7850e06d3ff63cdbaee88b7fc16e2f0?s=96&d=mm&r=g\",\"contentUrl\":\"https:\/\/secure.gravatar.com\/avatar\/c7850e06d3ff63cdbaee88b7fc16e2f0?s=96&d=mm&r=g\",\"caption\":\"Damien Dellerba\"},\"url\":\"https:\/\/www.ladiagonale.net\/index.php\/author\/damien\/\"}]}<\/script>\n<!-- \/ Yoast SEO plugin. -->","yoast_head_json":{"title":"Sarr et N\u00fcbel s'en vont, Didillon pourrait rester (Actualis\u00e9) - La Diagonale","robots":{"index":"index","follow":"follow","max-snippet":"max-snippet:-1","max-image-preview":"max-image-preview:large","max-video-preview":"max-video-preview:-1"},"canonical":"https:\/\/www.ladiagonale.net\/index.php\/2023\/06\/08\/sarr-et-nubel-sen-vont-didillon-pourrait-rester-actualise\/","og_locale":"fr_FR","og_type":"article","og_title":"Sarr et N\u00fcbel s'en vont, Didillon pourrait rester (Actualis\u00e9) - La Diagonale","og_description":"Pr\u00eat\u00e9 par Chelsea, Malang Sarr n&rsquo;\u00e9voluera plus sous les couleurs de l&rsquo;AS Monaco la saison prochaine. Dans l&rsquo;entretien qu&rsquo;il a accord\u00e9 \u00e0 la presse, Paul Mitchell a officialis\u00e9 l&rsquo;information, comme l&rsquo;a relay\u00e9 getfootballnewsfrance.com : \u00ab&nbsp;Malang s&rsquo;est malheureusement bless\u00e9, une blessure abdominale musculaire \u00e0 l&rsquo;entra\u00eenement il y a quelques mois, et il n&rsquo;a donc pas \u00e9t\u00e9 [...]","og_url":"https:\/\/www.ladiagonale.net\/index.php\/2023\/06\/08\/sarr-et-nubel-sen-vont-didillon-pourrait-rester-actualise\/","og_site_name":"La Diagonale","article_published_time":"2023-06-08T18:54:40+00:00","article_modified_time":"2023-06-09T10:19:14+00:00","og_image":[{"width":1160,"height":650,"url":"https:\/\/www.ladiagonale.net\/wp-content\/uploads\/2023\/06\/didillon-nubel.png","type":"image\/png"}],"author":"Damien Dellerba","twitter_card":"summary_large_image","twitter_image":"https:\/\/www.ladiagonale.net\/wp-content\/uploads\/2023\/06\/didillon-nubel.png","twitter_misc":{"\u00c9crit par":"Damien Dellerba","Dur\u00e9e de lecture estim\u00e9e":"2 minutes"},"schema":{"@context":"https:\/\/schema.org","@graph":[{"@type":"WebPage","@id":"https:\/\/www.ladiagonale.net\/index.php\/2023\/06\/08\/sarr-et-nubel-sen-vont-didillon-pourrait-rester-actualise\/","url":"https:\/\/www.ladiagonale.net\/index.php\/2023\/06\/08\/sarr-et-nubel-sen-vont-didillon-pourrait-rester-actualise\/","name":"Sarr et N\u00fcbel s'en vont, Didillon pourrait rester (Actualis\u00e9) - La Diagonale","isPartOf":{"@id":"https:\/\/www.ladiagonale.net\/#website"},"datePublished":"2023-06-08T18:54:40+00:00","dateModified":"2023-06-09T10:19:14+00:00","author":{"@id":"https:\/\/www.ladiagonale.net\/#\/schema\/person\/79ff1e7b0853ed01b2aa26e64ad300bf"},"breadcrumb":{"@id":"https:\/\/www.ladiagonale.net\/index.php\/2023\/06\/08\/sarr-et-nubel-sen-vont-didillon-pourrait-rester-actualise\/#breadcrumb"},"inLanguage":"fr-FR","potentialAction":[{"@type":"ReadAction","target":["https:\/\/www.ladiagonale.net\/index.php\/2023\/06\/08\/sarr-et-nubel-sen-vont-didillon-pourrait-rester-actualise\/"]}]},{"@type":"BreadcrumbList","@id":"https:\/\/www.ladiagonale.net\/index.php\/2023\/06\/08\/sarr-et-nubel-sen-vont-didillon-pourrait-rester-actualise\/#breadcrumb","itemListElement":[{"@type":"ListItem","position":1,"name":"Accueil","item":"https:\/\/www.ladiagonale.net\/"},{"@type":"ListItem","position":2,"name":"Sarr et N\u00fcbel s&rsquo;en vont, Didillon pourrait rester (Actualis\u00e9)"}]},{"@type":"WebSite","@id":"https:\/\/www.ladiagonale.net\/#website","url":"https:\/\/www.ladiagonale.net\/","name":"La Diagonale","description":"Le site des supporters de l&#039;AS Monaco FC","potentialAction":[{"@type":"SearchAction","target":{"@type":"EntryPoint","urlTemplate":"https:\/\/www.ladiagonale.net\/?s={search_term_string}"},"query-input":"required name=search_term_string"}],"inLanguage":"fr-FR"},{"@type":"Person","@id":"https:\/\/www.ladiagonale.net\/#\/schema\/person\/79ff1e7b0853ed01b2aa26e64ad300bf","name":"Damien Dellerba","image":{"@type":"ImageObject","inLanguage":"fr-FR","@id":"https:\/\/www.ladiagonale.net\/#\/schema\/person\/image\/","url":"https:\/\/secure.gravatar.com\/avatar\/c7850e06d3ff63cdbaee88b7fc16e2f0?s=96&d=mm&r=g","contentUrl":"https:\/\/secure.gravatar.com\/avatar\/c7850e06d3ff63cdbaee88b7fc16e2f0?s=96&d=mm&r=g","caption":"Damien Dellerba"},"url":"https:\/\/www.ladiagonale.net\/index.php\/author\/damien\/"}]}},"_links":{"self":[{"href":"https:\/\/www.ladiagonale.net\/index.php\/wp-json\/wp\/v2\/posts\/13142"}],"collection":[{"href":"https:\/\/www.ladiagonale.net\/index.php\/wp-json\/wp\/v2\/posts"}],"about":[{"href":"https:\/\/www.ladiagonale.net\/index.php\/wp-json\/wp\/v2\/types\/post"}],"author":[{"embeddable":true,"href":"https:\/\/www.ladiagonale.net\/index.php\/wp-json\/wp\/v2\/users\/2"}],"replies":[{"embeddable":true,"href":"https:\/\/www.ladiagonale.net\/index.php\/wp-json\/wp\/v2\/comments?post=13142"}],"version-history":[{"count":4,"href":"https:\/\/www.ladiagonale.net\/index.php\/wp-json\/wp\/v2\/posts\/13142\/revisions"}],"predecessor-version":[{"id":13243,"href":"https:\/\/www.ladiagonale.net\/index.php\/wp-json\/wp\/v2\/posts\/13142\/revisions\/13243"}],"wp:attachment":[{"href":"https:\/\/www.ladiagonale.net\/index.php\/wp-json\/wp\/v2\/media?parent=13142"}],"wp:term":[{"taxonomy":"category","embeddable":true,"href":"https:\/\/www.ladiagonale.net\/index.php\/wp-json\/wp\/v2\/categories?post=13142"},{"taxonomy":"post_tag","embeddable":true,"href":"https:\/\/www.ladiagonale.net\/index.php\/wp-json\/wp\/v2\/tags?post=13142"}],"curies":[{"name":"wp","href":"https:\/\/api.w.org\/{rel}","templated":true}]}}