{"id":13201,"date":"2023-06-07T15:15:03","date_gmt":"2023-06-07T13:15:03","guid":{"rendered":"https:\/\/www.ladiagonale.net\/?p=13201"},"modified":"2023-06-07T15:53:07","modified_gmt":"2023-06-07T13:53:07","slug":"officiel-thiago-scuro-nomme-directeur-du-football","status":"publish","type":"post","link":"https:\/\/www.ladiagonale.net\/index.php\/2023\/06\/07\/officiel-thiago-scuro-nomme-directeur-du-football\/","title":{"rendered":"Officiel : Thiago Scuro nomm\u00e9 directeur du football \u00e0 l&rsquo;ASM"},"content":{"rendered":"\n\n\n<p>L&rsquo;AS Monaco et le Red Bull Bragantino sont tomb\u00e9s d&rsquo;accord pour le recrutement de Thiago Scuro. C&rsquo;est le site officiel du club br\u00e9silien qui a annonc\u00e9 l\u2019information en premier via un communiqu\u00e9 et le club de la Principaut\u00e9 a \u00e9galement confirm\u00e9 l&rsquo;arriv\u00e9e de Scuro en tant que Directeur du football. Il prendra ses fonctions sur le Rocher \u00e0 compter du 1<sup>er<\/sup> juillet. Sa mission sera de \u00ab\u00a0<em>piloter la politique sportive et le d\u00e9partement sportif<\/em>\u00a0\u00bb, comme le pr\u00e9cise l&rsquo;ASM. <\/p>\n\n\n\n<p>Pour s&rsquo;attacher les service de Thiago Scuro, Monaco aurait d\u00e9bours\u00e9 entre 500.000 et 750.000 euros. Avant de quitter Bragantino, o\u00f9 il \u00e9voluait depuis 2018, le Br\u00e9silien de 42 ans devra effectuer la transition avec son successeur jusqu&rsquo;\u00e0 la fin du mois de juin, mais il devrait \u00e9galement \u00eatre dans les discussions pour trouver le rempla\u00e7ant de Philippe Clement sur le banc mon\u00e9gasque, avant de remplacer Paul Mitchell d\u00e9finitivement.<\/p>\n\n\n\n<p> <\/p>\n","protected":false},"excerpt":{"rendered":"<p>L&rsquo;AS Monaco et le Red Bull Bragantino sont tomb\u00e9s d&rsquo;accord pour le recrutement de Thiago Scuro. C&rsquo;est le site officiel du club br\u00e9silien qui a annonc\u00e9 l\u2019information en premier via un communiqu\u00e9 et le club de la Principaut\u00e9 a \u00e9galement confirm\u00e9 l&rsquo;arriv\u00e9e de Scuro en tant que Directeur du football. Il prendra ses fonctions sur [&#8230;]\n","protected":false},"author":2,"featured_media":0,"comment_status":"open","ping_status":"open","sticky":false,"template":"","format":"standard","meta":[],"categories":[4,6],"tags":[86,479],"yoast_head":"<!-- This site is optimized with the Yoast SEO plugin v19.8 - https:\/\/yoast.com\/wordpress\/plugins\/seo\/ -->\n<title>Officiel : Thiago Scuro nomm\u00e9 directeur du football \u00e0 l&#039;ASM - La Diagonale<\/title>\n<meta name=\"robots\" content=\"index, follow, max-snippet:-1, max-image-preview:large, max-video-preview:-1\" \/>\n<link rel=\"canonical\" href=\"https:\/\/www.ladiagonale.net\/index.php\/2023\/06\/07\/officiel-thiago-scuro-nomme-directeur-du-football\/\" \/>\n<meta property=\"og:locale\" content=\"fr_FR\" \/>\n<meta property=\"og:type\" content=\"article\" \/>\n<meta property=\"og:title\" content=\"Officiel : Thiago Scuro nomm\u00e9 directeur du football \u00e0 l&#039;ASM - La Diagonale\" \/>\n<meta property=\"og:description\" content=\"L&rsquo;AS Monaco et le Red Bull Bragantino sont tomb\u00e9s d&rsquo;accord pour le recrutement de Thiago Scuro. C&rsquo;est le site officiel du club br\u00e9silien qui a annonc\u00e9 l\u2019information en premier via un communiqu\u00e9 et le club de la Principaut\u00e9 a \u00e9galement confirm\u00e9 l&rsquo;arriv\u00e9e de Scuro en tant que Directeur du football. Il prendra ses fonctions sur [...]\" \/>\n<meta property=\"og:url\" content=\"https:\/\/www.ladiagonale.net\/index.php\/2023\/06\/07\/officiel-thiago-scuro-nomme-directeur-du-football\/\" \/>\n<meta property=\"og:site_name\" content=\"La Diagonale\" \/>\n<meta property=\"article:published_time\" content=\"2023-06-07T13:15:03+00:00\" \/>\n<meta property=\"article:modified_time\" content=\"2023-06-07T13:53:07+00:00\" \/>\n<meta property=\"og:image\" content=\"https:\/\/www.ladiagonale.net\/wp-content\/uploads\/2023\/04\/scuro.png\" \/>\n\t<meta property=\"og:image:width\" content=\"1160\" \/>\n\t<meta property=\"og:image:height\" content=\"650\" \/>\n\t<meta property=\"og:image:type\" content=\"image\/png\" \/>\n<meta name=\"author\" content=\"Damien Dellerba\" \/>\n<meta name=\"twitter:card\" content=\"summary_large_image\" \/>\n<meta name=\"twitter:image\" content=\"https:\/\/www.ladiagonale.net\/wp-content\/uploads\/2023\/04\/scuro.png\" \/>\n<meta name=\"twitter:label1\" content=\"\u00c9crit par\" \/>\n\t<meta name=\"twitter:data1\" content=\"Damien Dellerba\" \/>\n\t<meta name=\"twitter:label2\" content=\"Dur\u00e9e de lecture estim\u00e9e\" \/>\n\t<meta name=\"twitter:data2\" content=\"1 minute\" \/>\n<script type=\"application\/ld+json\" class=\"yoast-schema-graph\">{\"@context\":\"https:\/\/schema.org\",\"@graph\":[{\"@type\":\"WebPage\",\"@id\":\"https:\/\/www.ladiagonale.net\/index.php\/2023\/06\/07\/officiel-thiago-scuro-nomme-directeur-du-football\/\",\"url\":\"https:\/\/www.ladiagonale.net\/index.php\/2023\/06\/07\/officiel-thiago-scuro-nomme-directeur-du-football\/\",\"name\":\"Officiel : Thiago Scuro nomm\u00e9 directeur du football \u00e0 l'ASM - La Diagonale\",\"isPartOf\":{\"@id\":\"https:\/\/www.ladiagonale.net\/#website\"},\"datePublished\":\"2023-06-07T13:15:03+00:00\",\"dateModified\":\"2023-06-07T13:53:07+00:00\",\"author\":{\"@id\":\"https:\/\/www.ladiagonale.net\/#\/schema\/person\/79ff1e7b0853ed01b2aa26e64ad300bf\"},\"breadcrumb\":{\"@id\":\"https:\/\/www.ladiagonale.net\/index.php\/2023\/06\/07\/officiel-thiago-scuro-nomme-directeur-du-football\/#breadcrumb\"},\"inLanguage\":\"fr-FR\",\"potentialAction\":[{\"@type\":\"ReadAction\",\"target\":[\"https:\/\/www.ladiagonale.net\/index.php\/2023\/06\/07\/officiel-thiago-scuro-nomme-directeur-du-football\/\"]}]},{\"@type\":\"BreadcrumbList\",\"@id\":\"https:\/\/www.ladiagonale.net\/index.php\/2023\/06\/07\/officiel-thiago-scuro-nomme-directeur-du-football\/#breadcrumb\",\"itemListElement\":[{\"@type\":\"ListItem\",\"position\":1,\"name\":\"Accueil\",\"item\":\"https:\/\/www.ladiagonale.net\/\"},{\"@type\":\"ListItem\",\"position\":2,\"name\":\"Officiel : Thiago Scuro nomm\u00e9 directeur du football \u00e0 l&rsquo;ASM\"}]},{\"@type\":\"WebSite\",\"@id\":\"https:\/\/www.ladiagonale.net\/#website\",\"url\":\"https:\/\/www.ladiagonale.net\/\",\"name\":\"La Diagonale\",\"description\":\"Le site des supporters de l&#039;AS Monaco FC\",\"potentialAction\":[{\"@type\":\"SearchAction\",\"target\":{\"@type\":\"EntryPoint\",\"urlTemplate\":\"https:\/\/www.ladiagonale.net\/?s={search_term_string}\"},\"query-input\":\"required name=search_term_string\"}],\"inLanguage\":\"fr-FR\"},{\"@type\":\"Person\",\"@id\":\"https:\/\/www.ladiagonale.net\/#\/schema\/person\/79ff1e7b0853ed01b2aa26e64ad300bf\",\"name\":\"Damien Dellerba\",\"image\":{\"@type\":\"ImageObject\",\"inLanguage\":\"fr-FR\",\"@id\":\"https:\/\/www.ladiagonale.net\/#\/schema\/person\/image\/\",\"url\":\"https:\/\/secure.gravatar.com\/avatar\/c7850e06d3ff63cdbaee88b7fc16e2f0?s=96&d=mm&r=g\",\"contentUrl\":\"https:\/\/secure.gravatar.com\/avatar\/c7850e06d3ff63cdbaee88b7fc16e2f0?s=96&d=mm&r=g\",\"caption\":\"Damien Dellerba\"},\"url\":\"https:\/\/www.ladiagonale.net\/index.php\/author\/damien\/\"}]}<\/script>\n<!-- \/ Yoast SEO plugin. -->","yoast_head_json":{"title":"Officiel : Thiago Scuro nomm\u00e9 directeur du football \u00e0 l'ASM - La Diagonale","robots":{"index":"index","follow":"follow","max-snippet":"max-snippet:-1","max-image-preview":"max-image-preview:large","max-video-preview":"max-video-preview:-1"},"canonical":"https:\/\/www.ladiagonale.net\/index.php\/2023\/06\/07\/officiel-thiago-scuro-nomme-directeur-du-football\/","og_locale":"fr_FR","og_type":"article","og_title":"Officiel : Thiago Scuro nomm\u00e9 directeur du football \u00e0 l'ASM - La Diagonale","og_description":"L&rsquo;AS Monaco et le Red Bull Bragantino sont tomb\u00e9s d&rsquo;accord pour le recrutement de Thiago Scuro. C&rsquo;est le site officiel du club br\u00e9silien qui a annonc\u00e9 l\u2019information en premier via un communiqu\u00e9 et le club de la Principaut\u00e9 a \u00e9galement confirm\u00e9 l&rsquo;arriv\u00e9e de Scuro en tant que Directeur du football. Il prendra ses fonctions sur [...]","og_url":"https:\/\/www.ladiagonale.net\/index.php\/2023\/06\/07\/officiel-thiago-scuro-nomme-directeur-du-football\/","og_site_name":"La Diagonale","article_published_time":"2023-06-07T13:15:03+00:00","article_modified_time":"2023-06-07T13:53:07+00:00","og_image":[{"width":1160,"height":650,"url":"https:\/\/www.ladiagonale.net\/wp-content\/uploads\/2023\/04\/scuro.png","type":"image\/png"}],"author":"Damien Dellerba","twitter_card":"summary_large_image","twitter_image":"https:\/\/www.ladiagonale.net\/wp-content\/uploads\/2023\/04\/scuro.png","twitter_misc":{"\u00c9crit par":"Damien Dellerba","Dur\u00e9e de lecture estim\u00e9e":"1 minute"},"schema":{"@context":"https:\/\/schema.org","@graph":[{"@type":"WebPage","@id":"https:\/\/www.ladiagonale.net\/index.php\/2023\/06\/07\/officiel-thiago-scuro-nomme-directeur-du-football\/","url":"https:\/\/www.ladiagonale.net\/index.php\/2023\/06\/07\/officiel-thiago-scuro-nomme-directeur-du-football\/","name":"Officiel : Thiago Scuro nomm\u00e9 directeur du football \u00e0 l'ASM - La Diagonale","isPartOf":{"@id":"https:\/\/www.ladiagonale.net\/#website"},"datePublished":"2023-06-07T13:15:03+00:00","dateModified":"2023-06-07T13:53:07+00:00","author":{"@id":"https:\/\/www.ladiagonale.net\/#\/schema\/person\/79ff1e7b0853ed01b2aa26e64ad300bf"},"breadcrumb":{"@id":"https:\/\/www.ladiagonale.net\/index.php\/2023\/06\/07\/officiel-thiago-scuro-nomme-directeur-du-football\/#breadcrumb"},"inLanguage":"fr-FR","potentialAction":[{"@type":"ReadAction","target":["https:\/\/www.ladiagonale.net\/index.php\/2023\/06\/07\/officiel-thiago-scuro-nomme-directeur-du-football\/"]}]},{"@type":"BreadcrumbList","@id":"https:\/\/www.ladiagonale.net\/index.php\/2023\/06\/07\/officiel-thiago-scuro-nomme-directeur-du-football\/#breadcrumb","itemListElement":[{"@type":"ListItem","position":1,"name":"Accueil","item":"https:\/\/www.ladiagonale.net\/"},{"@type":"ListItem","position":2,"name":"Officiel : Thiago Scuro nomm\u00e9 directeur du football \u00e0 l&rsquo;ASM"}]},{"@type":"WebSite","@id":"https:\/\/www.ladiagonale.net\/#website","url":"https:\/\/www.ladiagonale.net\/","name":"La Diagonale","description":"Le site des supporters de l&#039;AS Monaco FC","potentialAction":[{"@type":"SearchAction","target":{"@type":"EntryPoint","urlTemplate":"https:\/\/www.ladiagonale.net\/?s={search_term_string}"},"query-input":"required name=search_term_string"}],"inLanguage":"fr-FR"},{"@type":"Person","@id":"https:\/\/www.ladiagonale.net\/#\/schema\/person\/79ff1e7b0853ed01b2aa26e64ad300bf","name":"Damien Dellerba","image":{"@type":"ImageObject","inLanguage":"fr-FR","@id":"https:\/\/www.ladiagonale.net\/#\/schema\/person\/image\/","url":"https:\/\/secure.gravatar.com\/avatar\/c7850e06d3ff63cdbaee88b7fc16e2f0?s=96&d=mm&r=g","contentUrl":"https:\/\/secure.gravatar.com\/avatar\/c7850e06d3ff63cdbaee88b7fc16e2f0?s=96&d=mm&r=g","caption":"Damien Dellerba"},"url":"https:\/\/www.ladiagonale.net\/index.php\/author\/damien\/"}]}},"_links":{"self":[{"href":"https:\/\/www.ladiagonale.net\/index.php\/wp-json\/wp\/v2\/posts\/13201"}],"collection":[{"href":"https:\/\/www.ladiagonale.net\/index.php\/wp-json\/wp\/v2\/posts"}],"about":[{"href":"https:\/\/www.ladiagonale.net\/index.php\/wp-json\/wp\/v2\/types\/post"}],"author":[{"embeddable":true,"href":"https:\/\/www.ladiagonale.net\/index.php\/wp-json\/wp\/v2\/users\/2"}],"replies":[{"embeddable":true,"href":"https:\/\/www.ladiagonale.net\/index.php\/wp-json\/wp\/v2\/comments?post=13201"}],"version-history":[{"count":5,"href":"https:\/\/www.ladiagonale.net\/index.php\/wp-json\/wp\/v2\/posts\/13201\/revisions"}],"predecessor-version":[{"id":13207,"href":"https:\/\/www.ladiagonale.net\/index.php\/wp-json\/wp\/v2\/posts\/13201\/revisions\/13207"}],"wp:attachment":[{"href":"https:\/\/www.ladiagonale.net\/index.php\/wp-json\/wp\/v2\/media?parent=13201"}],"wp:term":[{"taxonomy":"category","embeddable":true,"href":"https:\/\/www.ladiagonale.net\/index.php\/wp-json\/wp\/v2\/categories?post=13201"},{"taxonomy":"post_tag","embeddable":true,"href":"https:\/\/www.ladiagonale.net\/index.php\/wp-json\/wp\/v2\/tags?post=13201"}],"curies":[{"name":"wp","href":"https:\/\/api.w.org\/{rel}","templated":true}]}}