{"id":13213,"date":"2023-06-07T21:24:03","date_gmt":"2023-06-07T19:24:03","guid":{"rendered":"https:\/\/www.ladiagonale.net\/?p=13213"},"modified":"2023-06-08T18:01:52","modified_gmt":"2023-06-08T16:01:52","slug":"julien-stephan-fait-un-appel-du-pied-a-monaco","status":"publish","type":"post","link":"https:\/\/www.ladiagonale.net\/index.php\/2023\/06\/07\/julien-stephan-fait-un-appel-du-pied-a-monaco\/","title":{"rendered":"Julien St\u00e9phan fait un appel du pied \u00e0 Monaco"},"content":{"rendered":"\n<p>Invit\u00e9 ce mercredi dans l&rsquo;\u00e9mission de l&rsquo;<em>After Foot<\/em> sur <em>RMC<\/em>, Julien St\u00e9phan n&rsquo;a pas cach\u00e9 son envie d&rsquo;entra\u00eener Monaco si l&rsquo;occasion venait \u00e0 se pr\u00e9senter : \u00ab <em>Compl\u00e8tement. C&rsquo;est un club qui m&rsquo;int\u00e9resserait, bien \u00e9videmment<\/em> \u00bb, a-t-il r\u00e9pondu lorsque la question lui a \u00e9t\u00e9 pos\u00e9e. L&rsquo;ancien entra\u00eeneur de Strasbourg, limog\u00e9 en janvier par le club alsacien, esp\u00e8re trouver \u00ab <em>un bon projet, si possible ambitieux, qui permette d&rsquo;avoir des r\u00e9sultats, comme un premier tiers de classement<\/em> \u00bb, ce qui correspond \u00e0 celui de l&rsquo;ASM.<\/p>\n\n\n\n<p>Monaco, <a href=\"https:\/\/www.ladiagonale.net\/index.php\/2023\/06\/04\/officiel-monaco-et-clement-cest-fini\/\">qui vient de se s\u00e9parer de Philppe Clement<\/a> apr\u00e8s son \u00e9chec \u00e0 se qualifier pour une Coupe d&rsquo;Europe, est actuellement \u00e0 la recherche d&rsquo;un nouveau technicien pour la saison prochaine. Mais pour l&rsquo;heure, Julien St\u00e9phan ne semble pas faire partie des options envisag\u00e9es par les dirigeants as\u00e9mistes, qui auraient davantage <a href=\"https:\/\/www.ladiagonale.net\/index.php\/2023\/05\/25\/monaco-penserait-a-jaissle-pour-remplacer-clement\/\">sond\u00e9 Matthias Jaissle<\/a>, l&rsquo;actuel entra\u00eeneur du RB Salzbourg, <a href=\"https:\/\/www.ladiagonale.net\/index.php\/2023\/05\/29\/marsch-serait-egalement-dans-le-viseur-de-monaco\/\">ainsi que Jesse Marsch<\/a>, actuellement libre apr\u00e8s son exp\u00e9rience rat\u00e9e \u00e0 Leeds, soit deux techniciens qui connaissent la galaxie Red Bull.<\/p>\n\n\n","protected":false},"excerpt":{"rendered":"<p>Invit\u00e9 ce mercredi dans l&rsquo;\u00e9mission de l&rsquo;After Foot sur RMC, Julien St\u00e9phan n&rsquo;a pas cach\u00e9 son envie d&rsquo;entra\u00eener Monaco si l&rsquo;occasion venait \u00e0 se pr\u00e9senter : \u00ab Compl\u00e8tement. C&rsquo;est un club qui m&rsquo;int\u00e9resserait, bien \u00e9videmment \u00bb, a-t-il r\u00e9pondu lorsque la question lui a \u00e9t\u00e9 pos\u00e9e. L&rsquo;ancien entra\u00eeneur de Strasbourg, limog\u00e9 en janvier par le club [&#8230;]\n","protected":false},"author":2,"featured_media":0,"comment_status":"open","ping_status":"open","sticky":false,"template":"","format":"standard","meta":[],"categories":[6],"tags":[86,555],"yoast_head":"<!-- This site is optimized with the Yoast SEO plugin v19.8 - https:\/\/yoast.com\/wordpress\/plugins\/seo\/ -->\n<title>Julien St\u00e9phan fait un appel du pied \u00e0 Monaco - La Diagonale<\/title>\n<meta name=\"robots\" content=\"index, follow, max-snippet:-1, max-image-preview:large, max-video-preview:-1\" \/>\n<link rel=\"canonical\" href=\"https:\/\/www.ladiagonale.net\/index.php\/2023\/06\/07\/julien-stephan-fait-un-appel-du-pied-a-monaco\/\" \/>\n<meta property=\"og:locale\" content=\"fr_FR\" \/>\n<meta property=\"og:type\" content=\"article\" \/>\n<meta property=\"og:title\" content=\"Julien St\u00e9phan fait un appel du pied \u00e0 Monaco - La Diagonale\" \/>\n<meta property=\"og:description\" content=\"Invit\u00e9 ce mercredi dans l&rsquo;\u00e9mission de l&rsquo;After Foot sur RMC, Julien St\u00e9phan n&rsquo;a pas cach\u00e9 son envie d&rsquo;entra\u00eener Monaco si l&rsquo;occasion venait \u00e0 se pr\u00e9senter : \u00ab Compl\u00e8tement. C&rsquo;est un club qui m&rsquo;int\u00e9resserait, bien \u00e9videmment \u00bb, a-t-il r\u00e9pondu lorsque la question lui a \u00e9t\u00e9 pos\u00e9e. L&rsquo;ancien entra\u00eeneur de Strasbourg, limog\u00e9 en janvier par le club [...]\" \/>\n<meta property=\"og:url\" content=\"https:\/\/www.ladiagonale.net\/index.php\/2023\/06\/07\/julien-stephan-fait-un-appel-du-pied-a-monaco\/\" \/>\n<meta property=\"og:site_name\" content=\"La Diagonale\" \/>\n<meta property=\"article:published_time\" content=\"2023-06-07T19:24:03+00:00\" \/>\n<meta property=\"article:modified_time\" content=\"2023-06-08T16:01:52+00:00\" \/>\n<meta property=\"og:image\" content=\"https:\/\/www.ladiagonale.net\/wp-content\/uploads\/2023\/06\/stephan.png\" \/>\n\t<meta property=\"og:image:width\" content=\"1160\" \/>\n\t<meta property=\"og:image:height\" content=\"650\" \/>\n\t<meta property=\"og:image:type\" content=\"image\/png\" \/>\n<meta name=\"author\" content=\"Damien Dellerba\" \/>\n<meta name=\"twitter:card\" content=\"summary_large_image\" \/>\n<meta name=\"twitter:image\" content=\"https:\/\/www.ladiagonale.net\/wp-content\/uploads\/2023\/06\/stephan.png\" \/>\n<meta name=\"twitter:label1\" content=\"\u00c9crit par\" \/>\n\t<meta name=\"twitter:data1\" content=\"Damien Dellerba\" \/>\n\t<meta name=\"twitter:label2\" content=\"Dur\u00e9e de lecture estim\u00e9e\" \/>\n\t<meta name=\"twitter:data2\" content=\"1 minute\" \/>\n<script type=\"application\/ld+json\" class=\"yoast-schema-graph\">{\"@context\":\"https:\/\/schema.org\",\"@graph\":[{\"@type\":\"WebPage\",\"@id\":\"https:\/\/www.ladiagonale.net\/index.php\/2023\/06\/07\/julien-stephan-fait-un-appel-du-pied-a-monaco\/\",\"url\":\"https:\/\/www.ladiagonale.net\/index.php\/2023\/06\/07\/julien-stephan-fait-un-appel-du-pied-a-monaco\/\",\"name\":\"Julien St\u00e9phan fait un appel du pied \u00e0 Monaco - La Diagonale\",\"isPartOf\":{\"@id\":\"https:\/\/www.ladiagonale.net\/#website\"},\"datePublished\":\"2023-06-07T19:24:03+00:00\",\"dateModified\":\"2023-06-08T16:01:52+00:00\",\"author\":{\"@id\":\"https:\/\/www.ladiagonale.net\/#\/schema\/person\/79ff1e7b0853ed01b2aa26e64ad300bf\"},\"breadcrumb\":{\"@id\":\"https:\/\/www.ladiagonale.net\/index.php\/2023\/06\/07\/julien-stephan-fait-un-appel-du-pied-a-monaco\/#breadcrumb\"},\"inLanguage\":\"fr-FR\",\"potentialAction\":[{\"@type\":\"ReadAction\",\"target\":[\"https:\/\/www.ladiagonale.net\/index.php\/2023\/06\/07\/julien-stephan-fait-un-appel-du-pied-a-monaco\/\"]}]},{\"@type\":\"BreadcrumbList\",\"@id\":\"https:\/\/www.ladiagonale.net\/index.php\/2023\/06\/07\/julien-stephan-fait-un-appel-du-pied-a-monaco\/#breadcrumb\",\"itemListElement\":[{\"@type\":\"ListItem\",\"position\":1,\"name\":\"Accueil\",\"item\":\"https:\/\/www.ladiagonale.net\/\"},{\"@type\":\"ListItem\",\"position\":2,\"name\":\"Julien St\u00e9phan fait un appel du pied \u00e0 Monaco\"}]},{\"@type\":\"WebSite\",\"@id\":\"https:\/\/www.ladiagonale.net\/#website\",\"url\":\"https:\/\/www.ladiagonale.net\/\",\"name\":\"La Diagonale\",\"description\":\"Le site des supporters de l&#039;AS Monaco FC\",\"potentialAction\":[{\"@type\":\"SearchAction\",\"target\":{\"@type\":\"EntryPoint\",\"urlTemplate\":\"https:\/\/www.ladiagonale.net\/?s={search_term_string}\"},\"query-input\":\"required name=search_term_string\"}],\"inLanguage\":\"fr-FR\"},{\"@type\":\"Person\",\"@id\":\"https:\/\/www.ladiagonale.net\/#\/schema\/person\/79ff1e7b0853ed01b2aa26e64ad300bf\",\"name\":\"Damien Dellerba\",\"image\":{\"@type\":\"ImageObject\",\"inLanguage\":\"fr-FR\",\"@id\":\"https:\/\/www.ladiagonale.net\/#\/schema\/person\/image\/\",\"url\":\"https:\/\/secure.gravatar.com\/avatar\/c7850e06d3ff63cdbaee88b7fc16e2f0?s=96&d=mm&r=g\",\"contentUrl\":\"https:\/\/secure.gravatar.com\/avatar\/c7850e06d3ff63cdbaee88b7fc16e2f0?s=96&d=mm&r=g\",\"caption\":\"Damien Dellerba\"},\"url\":\"https:\/\/www.ladiagonale.net\/index.php\/author\/damien\/\"}]}<\/script>\n<!-- \/ Yoast SEO plugin. -->","yoast_head_json":{"title":"Julien St\u00e9phan fait un appel du pied \u00e0 Monaco - La Diagonale","robots":{"index":"index","follow":"follow","max-snippet":"max-snippet:-1","max-image-preview":"max-image-preview:large","max-video-preview":"max-video-preview:-1"},"canonical":"https:\/\/www.ladiagonale.net\/index.php\/2023\/06\/07\/julien-stephan-fait-un-appel-du-pied-a-monaco\/","og_locale":"fr_FR","og_type":"article","og_title":"Julien St\u00e9phan fait un appel du pied \u00e0 Monaco - La Diagonale","og_description":"Invit\u00e9 ce mercredi dans l&rsquo;\u00e9mission de l&rsquo;After Foot sur RMC, Julien St\u00e9phan n&rsquo;a pas cach\u00e9 son envie d&rsquo;entra\u00eener Monaco si l&rsquo;occasion venait \u00e0 se pr\u00e9senter : \u00ab Compl\u00e8tement. C&rsquo;est un club qui m&rsquo;int\u00e9resserait, bien \u00e9videmment \u00bb, a-t-il r\u00e9pondu lorsque la question lui a \u00e9t\u00e9 pos\u00e9e. L&rsquo;ancien entra\u00eeneur de Strasbourg, limog\u00e9 en janvier par le club [...]","og_url":"https:\/\/www.ladiagonale.net\/index.php\/2023\/06\/07\/julien-stephan-fait-un-appel-du-pied-a-monaco\/","og_site_name":"La Diagonale","article_published_time":"2023-06-07T19:24:03+00:00","article_modified_time":"2023-06-08T16:01:52+00:00","og_image":[{"width":1160,"height":650,"url":"https:\/\/www.ladiagonale.net\/wp-content\/uploads\/2023\/06\/stephan.png","type":"image\/png"}],"author":"Damien Dellerba","twitter_card":"summary_large_image","twitter_image":"https:\/\/www.ladiagonale.net\/wp-content\/uploads\/2023\/06\/stephan.png","twitter_misc":{"\u00c9crit par":"Damien Dellerba","Dur\u00e9e de lecture estim\u00e9e":"1 minute"},"schema":{"@context":"https:\/\/schema.org","@graph":[{"@type":"WebPage","@id":"https:\/\/www.ladiagonale.net\/index.php\/2023\/06\/07\/julien-stephan-fait-un-appel-du-pied-a-monaco\/","url":"https:\/\/www.ladiagonale.net\/index.php\/2023\/06\/07\/julien-stephan-fait-un-appel-du-pied-a-monaco\/","name":"Julien St\u00e9phan fait un appel du pied \u00e0 Monaco - La Diagonale","isPartOf":{"@id":"https:\/\/www.ladiagonale.net\/#website"},"datePublished":"2023-06-07T19:24:03+00:00","dateModified":"2023-06-08T16:01:52+00:00","author":{"@id":"https:\/\/www.ladiagonale.net\/#\/schema\/person\/79ff1e7b0853ed01b2aa26e64ad300bf"},"breadcrumb":{"@id":"https:\/\/www.ladiagonale.net\/index.php\/2023\/06\/07\/julien-stephan-fait-un-appel-du-pied-a-monaco\/#breadcrumb"},"inLanguage":"fr-FR","potentialAction":[{"@type":"ReadAction","target":["https:\/\/www.ladiagonale.net\/index.php\/2023\/06\/07\/julien-stephan-fait-un-appel-du-pied-a-monaco\/"]}]},{"@type":"BreadcrumbList","@id":"https:\/\/www.ladiagonale.net\/index.php\/2023\/06\/07\/julien-stephan-fait-un-appel-du-pied-a-monaco\/#breadcrumb","itemListElement":[{"@type":"ListItem","position":1,"name":"Accueil","item":"https:\/\/www.ladiagonale.net\/"},{"@type":"ListItem","position":2,"name":"Julien St\u00e9phan fait un appel du pied \u00e0 Monaco"}]},{"@type":"WebSite","@id":"https:\/\/www.ladiagonale.net\/#website","url":"https:\/\/www.ladiagonale.net\/","name":"La Diagonale","description":"Le site des supporters de l&#039;AS Monaco FC","potentialAction":[{"@type":"SearchAction","target":{"@type":"EntryPoint","urlTemplate":"https:\/\/www.ladiagonale.net\/?s={search_term_string}"},"query-input":"required name=search_term_string"}],"inLanguage":"fr-FR"},{"@type":"Person","@id":"https:\/\/www.ladiagonale.net\/#\/schema\/person\/79ff1e7b0853ed01b2aa26e64ad300bf","name":"Damien Dellerba","image":{"@type":"ImageObject","inLanguage":"fr-FR","@id":"https:\/\/www.ladiagonale.net\/#\/schema\/person\/image\/","url":"https:\/\/secure.gravatar.com\/avatar\/c7850e06d3ff63cdbaee88b7fc16e2f0?s=96&d=mm&r=g","contentUrl":"https:\/\/secure.gravatar.com\/avatar\/c7850e06d3ff63cdbaee88b7fc16e2f0?s=96&d=mm&r=g","caption":"Damien Dellerba"},"url":"https:\/\/www.ladiagonale.net\/index.php\/author\/damien\/"}]}},"_links":{"self":[{"href":"https:\/\/www.ladiagonale.net\/index.php\/wp-json\/wp\/v2\/posts\/13213"}],"collection":[{"href":"https:\/\/www.ladiagonale.net\/index.php\/wp-json\/wp\/v2\/posts"}],"about":[{"href":"https:\/\/www.ladiagonale.net\/index.php\/wp-json\/wp\/v2\/types\/post"}],"author":[{"embeddable":true,"href":"https:\/\/www.ladiagonale.net\/index.php\/wp-json\/wp\/v2\/users\/2"}],"replies":[{"embeddable":true,"href":"https:\/\/www.ladiagonale.net\/index.php\/wp-json\/wp\/v2\/comments?post=13213"}],"version-history":[{"count":2,"href":"https:\/\/www.ladiagonale.net\/index.php\/wp-json\/wp\/v2\/posts\/13213\/revisions"}],"predecessor-version":[{"id":13220,"href":"https:\/\/www.ladiagonale.net\/index.php\/wp-json\/wp\/v2\/posts\/13213\/revisions\/13220"}],"wp:attachment":[{"href":"https:\/\/www.ladiagonale.net\/index.php\/wp-json\/wp\/v2\/media?parent=13213"}],"wp:term":[{"taxonomy":"category","embeddable":true,"href":"https:\/\/www.ladiagonale.net\/index.php\/wp-json\/wp\/v2\/categories?post=13213"},{"taxonomy":"post_tag","embeddable":true,"href":"https:\/\/www.ladiagonale.net\/index.php\/wp-json\/wp\/v2\/tags?post=13213"}],"curies":[{"name":"wp","href":"https:\/\/api.w.org\/{rel}","templated":true}]}}