{"id":13223,"date":"2023-06-08T19:09:40","date_gmt":"2023-06-08T17:09:40","guid":{"rendered":"https:\/\/www.ladiagonale.net\/?p=13223"},"modified":"2023-06-08T19:09:43","modified_gmt":"2023-06-08T17:09:43","slug":"mitchell-na-pas-fixe-de-date-pour-son-depart","status":"publish","type":"post","link":"https:\/\/www.ladiagonale.net\/index.php\/2023\/06\/08\/mitchell-na-pas-fixe-de-date-pour-son-depart\/","title":{"rendered":"Mitchell n\u2019a pas fix\u00e9 de date pour son d\u00e9part"},"content":{"rendered":"\n\n\n<p>Mercredi, l\u2019AS Monaco a officialis\u00e9 l\u2019arriv\u00e9e de Thiago Scuro en tant que directeur du football le premier juillet. Il prendra la succession de Paul Mitchell, m\u00eame si l\u2019Anglais n\u2019est pas encore parti, comme il l\u2019a confi\u00e9 \u00e0 <em>L\u2019\u00c9quipe<\/em>, et qu&rsquo;il n&rsquo;a pas encore d\u00e9fini le moment o\u00f9 il partira : \u00ab\u00a0<em>On n&rsquo;a pas fix\u00e9 de date. On veut de la continuit\u00e9. J&rsquo;ai dit au pr\u00e9sident que je serais l\u00e0 aussi longtemps que le club aura besoin pour assurer une stabilit\u00e9. Je vais aider du mieux que je peux aussi longtemps que je serai l\u00e0.<\/em>\u00a0\u00bb<\/p>\n\n\n\n<p>Si sa pr\u00e9sence aura surtout pour vocation de faire la transition avec son successeur br\u00e9silien et qu\u2019il sera davantage en retrait, Mitchell esp\u00e8re quand m\u00eame pouvoir aider. Il a toutefois annonc\u00e9 que le prochain entra\u00eeneur sera le choix de Scuro et du pr\u00e9sident Dmitry Rybolovlev : \u00ab\u00a0<em>Je donne mon avis, oui. J&rsquo;ai trois ans d&rsquo;exp\u00e9rience ici, ce serait idiot de ne pas s&rsquo;en servir. Mais \u00e0 la fin, le futur directeur sportif devra travailler avec lui et ils devront donc avoir une confiance totale l&rsquo;un envers l&rsquo;autre, donc ce seront Thiago et le pr\u00e9sident qui d\u00e9cideront.<\/em>\u00a0\u00bb<\/p>\n","protected":false},"excerpt":{"rendered":"<p>Mercredi, l\u2019AS Monaco a officialis\u00e9 l\u2019arriv\u00e9e de Thiago Scuro en tant que directeur du football le premier juillet. Il prendra la succession de Paul Mitchell, m\u00eame si l\u2019Anglais n\u2019est pas encore parti, comme il l\u2019a confi\u00e9 \u00e0 L\u2019\u00c9quipe, et qu&rsquo;il n&rsquo;a pas encore d\u00e9fini le moment o\u00f9 il partira : \u00ab\u00a0On n&rsquo;a pas fix\u00e9 de [&#8230;]\n","protected":false},"author":2,"featured_media":0,"comment_status":"open","ping_status":"open","sticky":false,"template":"","format":"standard","meta":[],"categories":[6],"tags":[86,192,479],"yoast_head":"<!-- This site is optimized with the Yoast SEO plugin v19.8 - https:\/\/yoast.com\/wordpress\/plugins\/seo\/ -->\n<title>Mitchell n\u2019a pas fix\u00e9 de date pour son d\u00e9part - La Diagonale<\/title>\n<meta name=\"robots\" content=\"index, follow, max-snippet:-1, max-image-preview:large, max-video-preview:-1\" \/>\n<link rel=\"canonical\" href=\"https:\/\/www.ladiagonale.net\/index.php\/2023\/06\/08\/mitchell-na-pas-fixe-de-date-pour-son-depart\/\" \/>\n<meta property=\"og:locale\" content=\"fr_FR\" \/>\n<meta property=\"og:type\" content=\"article\" \/>\n<meta property=\"og:title\" content=\"Mitchell n\u2019a pas fix\u00e9 de date pour son d\u00e9part - La Diagonale\" \/>\n<meta property=\"og:description\" content=\"Mercredi, l\u2019AS Monaco a officialis\u00e9 l\u2019arriv\u00e9e de Thiago Scuro en tant que directeur du football le premier juillet. Il prendra la succession de Paul Mitchell, m\u00eame si l\u2019Anglais n\u2019est pas encore parti, comme il l\u2019a confi\u00e9 \u00e0 L\u2019\u00c9quipe, et qu&rsquo;il n&rsquo;a pas encore d\u00e9fini le moment o\u00f9 il partira : \u00ab\u00a0On n&rsquo;a pas fix\u00e9 de [...]\" \/>\n<meta property=\"og:url\" content=\"https:\/\/www.ladiagonale.net\/index.php\/2023\/06\/08\/mitchell-na-pas-fixe-de-date-pour-son-depart\/\" \/>\n<meta property=\"og:site_name\" content=\"La Diagonale\" \/>\n<meta property=\"article:published_time\" content=\"2023-06-08T17:09:40+00:00\" \/>\n<meta property=\"article:modified_time\" content=\"2023-06-08T17:09:43+00:00\" \/>\n<meta property=\"og:image\" content=\"https:\/\/www.ladiagonale.net\/wp-content\/uploads\/2023\/02\/mitchell2.png\" \/>\n\t<meta property=\"og:image:width\" content=\"1160\" \/>\n\t<meta property=\"og:image:height\" content=\"650\" \/>\n\t<meta property=\"og:image:type\" content=\"image\/png\" \/>\n<meta name=\"author\" content=\"Damien Dellerba\" \/>\n<meta name=\"twitter:card\" content=\"summary_large_image\" \/>\n<meta name=\"twitter:image\" content=\"https:\/\/www.ladiagonale.net\/wp-content\/uploads\/2023\/02\/mitchell2.png\" \/>\n<meta name=\"twitter:label1\" content=\"\u00c9crit par\" \/>\n\t<meta name=\"twitter:data1\" content=\"Damien Dellerba\" \/>\n\t<meta name=\"twitter:label2\" content=\"Dur\u00e9e de lecture estim\u00e9e\" \/>\n\t<meta name=\"twitter:data2\" content=\"1 minute\" \/>\n<script type=\"application\/ld+json\" class=\"yoast-schema-graph\">{\"@context\":\"https:\/\/schema.org\",\"@graph\":[{\"@type\":\"WebPage\",\"@id\":\"https:\/\/www.ladiagonale.net\/index.php\/2023\/06\/08\/mitchell-na-pas-fixe-de-date-pour-son-depart\/\",\"url\":\"https:\/\/www.ladiagonale.net\/index.php\/2023\/06\/08\/mitchell-na-pas-fixe-de-date-pour-son-depart\/\",\"name\":\"Mitchell n\u2019a pas fix\u00e9 de date pour son d\u00e9part - La Diagonale\",\"isPartOf\":{\"@id\":\"https:\/\/www.ladiagonale.net\/#website\"},\"datePublished\":\"2023-06-08T17:09:40+00:00\",\"dateModified\":\"2023-06-08T17:09:43+00:00\",\"author\":{\"@id\":\"https:\/\/www.ladiagonale.net\/#\/schema\/person\/79ff1e7b0853ed01b2aa26e64ad300bf\"},\"breadcrumb\":{\"@id\":\"https:\/\/www.ladiagonale.net\/index.php\/2023\/06\/08\/mitchell-na-pas-fixe-de-date-pour-son-depart\/#breadcrumb\"},\"inLanguage\":\"fr-FR\",\"potentialAction\":[{\"@type\":\"ReadAction\",\"target\":[\"https:\/\/www.ladiagonale.net\/index.php\/2023\/06\/08\/mitchell-na-pas-fixe-de-date-pour-son-depart\/\"]}]},{\"@type\":\"BreadcrumbList\",\"@id\":\"https:\/\/www.ladiagonale.net\/index.php\/2023\/06\/08\/mitchell-na-pas-fixe-de-date-pour-son-depart\/#breadcrumb\",\"itemListElement\":[{\"@type\":\"ListItem\",\"position\":1,\"name\":\"Accueil\",\"item\":\"https:\/\/www.ladiagonale.net\/\"},{\"@type\":\"ListItem\",\"position\":2,\"name\":\"Mitchell n\u2019a pas fix\u00e9 de date pour son d\u00e9part\"}]},{\"@type\":\"WebSite\",\"@id\":\"https:\/\/www.ladiagonale.net\/#website\",\"url\":\"https:\/\/www.ladiagonale.net\/\",\"name\":\"La Diagonale\",\"description\":\"Le site des supporters de l&#039;AS Monaco FC\",\"potentialAction\":[{\"@type\":\"SearchAction\",\"target\":{\"@type\":\"EntryPoint\",\"urlTemplate\":\"https:\/\/www.ladiagonale.net\/?s={search_term_string}\"},\"query-input\":\"required name=search_term_string\"}],\"inLanguage\":\"fr-FR\"},{\"@type\":\"Person\",\"@id\":\"https:\/\/www.ladiagonale.net\/#\/schema\/person\/79ff1e7b0853ed01b2aa26e64ad300bf\",\"name\":\"Damien Dellerba\",\"image\":{\"@type\":\"ImageObject\",\"inLanguage\":\"fr-FR\",\"@id\":\"https:\/\/www.ladiagonale.net\/#\/schema\/person\/image\/\",\"url\":\"https:\/\/secure.gravatar.com\/avatar\/c7850e06d3ff63cdbaee88b7fc16e2f0?s=96&d=mm&r=g\",\"contentUrl\":\"https:\/\/secure.gravatar.com\/avatar\/c7850e06d3ff63cdbaee88b7fc16e2f0?s=96&d=mm&r=g\",\"caption\":\"Damien Dellerba\"},\"url\":\"https:\/\/www.ladiagonale.net\/index.php\/author\/damien\/\"}]}<\/script>\n<!-- \/ Yoast SEO plugin. -->","yoast_head_json":{"title":"Mitchell n\u2019a pas fix\u00e9 de date pour son d\u00e9part - La Diagonale","robots":{"index":"index","follow":"follow","max-snippet":"max-snippet:-1","max-image-preview":"max-image-preview:large","max-video-preview":"max-video-preview:-1"},"canonical":"https:\/\/www.ladiagonale.net\/index.php\/2023\/06\/08\/mitchell-na-pas-fixe-de-date-pour-son-depart\/","og_locale":"fr_FR","og_type":"article","og_title":"Mitchell n\u2019a pas fix\u00e9 de date pour son d\u00e9part - La Diagonale","og_description":"Mercredi, l\u2019AS Monaco a officialis\u00e9 l\u2019arriv\u00e9e de Thiago Scuro en tant que directeur du football le premier juillet. Il prendra la succession de Paul Mitchell, m\u00eame si l\u2019Anglais n\u2019est pas encore parti, comme il l\u2019a confi\u00e9 \u00e0 L\u2019\u00c9quipe, et qu&rsquo;il n&rsquo;a pas encore d\u00e9fini le moment o\u00f9 il partira : \u00ab\u00a0On n&rsquo;a pas fix\u00e9 de [...]","og_url":"https:\/\/www.ladiagonale.net\/index.php\/2023\/06\/08\/mitchell-na-pas-fixe-de-date-pour-son-depart\/","og_site_name":"La Diagonale","article_published_time":"2023-06-08T17:09:40+00:00","article_modified_time":"2023-06-08T17:09:43+00:00","og_image":[{"width":1160,"height":650,"url":"https:\/\/www.ladiagonale.net\/wp-content\/uploads\/2023\/02\/mitchell2.png","type":"image\/png"}],"author":"Damien Dellerba","twitter_card":"summary_large_image","twitter_image":"https:\/\/www.ladiagonale.net\/wp-content\/uploads\/2023\/02\/mitchell2.png","twitter_misc":{"\u00c9crit par":"Damien Dellerba","Dur\u00e9e de lecture estim\u00e9e":"1 minute"},"schema":{"@context":"https:\/\/schema.org","@graph":[{"@type":"WebPage","@id":"https:\/\/www.ladiagonale.net\/index.php\/2023\/06\/08\/mitchell-na-pas-fixe-de-date-pour-son-depart\/","url":"https:\/\/www.ladiagonale.net\/index.php\/2023\/06\/08\/mitchell-na-pas-fixe-de-date-pour-son-depart\/","name":"Mitchell n\u2019a pas fix\u00e9 de date pour son d\u00e9part - La Diagonale","isPartOf":{"@id":"https:\/\/www.ladiagonale.net\/#website"},"datePublished":"2023-06-08T17:09:40+00:00","dateModified":"2023-06-08T17:09:43+00:00","author":{"@id":"https:\/\/www.ladiagonale.net\/#\/schema\/person\/79ff1e7b0853ed01b2aa26e64ad300bf"},"breadcrumb":{"@id":"https:\/\/www.ladiagonale.net\/index.php\/2023\/06\/08\/mitchell-na-pas-fixe-de-date-pour-son-depart\/#breadcrumb"},"inLanguage":"fr-FR","potentialAction":[{"@type":"ReadAction","target":["https:\/\/www.ladiagonale.net\/index.php\/2023\/06\/08\/mitchell-na-pas-fixe-de-date-pour-son-depart\/"]}]},{"@type":"BreadcrumbList","@id":"https:\/\/www.ladiagonale.net\/index.php\/2023\/06\/08\/mitchell-na-pas-fixe-de-date-pour-son-depart\/#breadcrumb","itemListElement":[{"@type":"ListItem","position":1,"name":"Accueil","item":"https:\/\/www.ladiagonale.net\/"},{"@type":"ListItem","position":2,"name":"Mitchell n\u2019a pas fix\u00e9 de date pour son d\u00e9part"}]},{"@type":"WebSite","@id":"https:\/\/www.ladiagonale.net\/#website","url":"https:\/\/www.ladiagonale.net\/","name":"La Diagonale","description":"Le site des supporters de l&#039;AS Monaco FC","potentialAction":[{"@type":"SearchAction","target":{"@type":"EntryPoint","urlTemplate":"https:\/\/www.ladiagonale.net\/?s={search_term_string}"},"query-input":"required name=search_term_string"}],"inLanguage":"fr-FR"},{"@type":"Person","@id":"https:\/\/www.ladiagonale.net\/#\/schema\/person\/79ff1e7b0853ed01b2aa26e64ad300bf","name":"Damien Dellerba","image":{"@type":"ImageObject","inLanguage":"fr-FR","@id":"https:\/\/www.ladiagonale.net\/#\/schema\/person\/image\/","url":"https:\/\/secure.gravatar.com\/avatar\/c7850e06d3ff63cdbaee88b7fc16e2f0?s=96&d=mm&r=g","contentUrl":"https:\/\/secure.gravatar.com\/avatar\/c7850e06d3ff63cdbaee88b7fc16e2f0?s=96&d=mm&r=g","caption":"Damien Dellerba"},"url":"https:\/\/www.ladiagonale.net\/index.php\/author\/damien\/"}]}},"_links":{"self":[{"href":"https:\/\/www.ladiagonale.net\/index.php\/wp-json\/wp\/v2\/posts\/13223"}],"collection":[{"href":"https:\/\/www.ladiagonale.net\/index.php\/wp-json\/wp\/v2\/posts"}],"about":[{"href":"https:\/\/www.ladiagonale.net\/index.php\/wp-json\/wp\/v2\/types\/post"}],"author":[{"embeddable":true,"href":"https:\/\/www.ladiagonale.net\/index.php\/wp-json\/wp\/v2\/users\/2"}],"replies":[{"embeddable":true,"href":"https:\/\/www.ladiagonale.net\/index.php\/wp-json\/wp\/v2\/comments?post=13223"}],"version-history":[{"count":1,"href":"https:\/\/www.ladiagonale.net\/index.php\/wp-json\/wp\/v2\/posts\/13223\/revisions"}],"predecessor-version":[{"id":13224,"href":"https:\/\/www.ladiagonale.net\/index.php\/wp-json\/wp\/v2\/posts\/13223\/revisions\/13224"}],"wp:attachment":[{"href":"https:\/\/www.ladiagonale.net\/index.php\/wp-json\/wp\/v2\/media?parent=13223"}],"wp:term":[{"taxonomy":"category","embeddable":true,"href":"https:\/\/www.ladiagonale.net\/index.php\/wp-json\/wp\/v2\/categories?post=13223"},{"taxonomy":"post_tag","embeddable":true,"href":"https:\/\/www.ladiagonale.net\/index.php\/wp-json\/wp\/v2\/tags?post=13223"}],"curies":[{"name":"wp","href":"https:\/\/api.w.org\/{rel}","templated":true}]}}