{"id":13225,"date":"2023-06-08T19:35:43","date_gmt":"2023-06-08T17:35:43","guid":{"rendered":"https:\/\/www.ladiagonale.net\/?p=13225"},"modified":"2023-06-09T12:05:07","modified_gmt":"2023-06-09T10:05:07","slug":"mitchell-une-victoire-en-sept-matchs-cela-dit-beaucoup-de-choses","status":"publish","type":"post","link":"https:\/\/www.ladiagonale.net\/index.php\/2023\/06\/08\/mitchell-une-victoire-en-sept-matchs-cela-dit-beaucoup-de-choses\/","title":{"rendered":"Mitchell : \u00ab\u00a0Une victoire en sept matchs, cela dit beaucoup de choses\u2026\u00a0\u00bb"},"content":{"rendered":"\n\n\n<p>Quelques jours apr\u00e8s <a href=\"https:\/\/www.ladiagonale.net\/index.php\/2023\/06\/04\/officiel-monaco-et-clement-cest-fini\/\">le limogeage de Philippe Clement<\/a>, Paul Mitchell s\u2019est exprim\u00e9 sur la fin de saison cataclysmique de l\u2019AS Monaco dans <em>L\u2019\u00c9quipe<\/em>, qui a notamment conduit \u00e0 se s\u00e9parer de l\u2019entra\u00eeneur belge : \u00ab&nbsp;<em>En tant que coach, votre r\u00f4le est de guider l&rsquo;\u00e9quipe, d&rsquo;\u00eatre une source d&rsquo;inspiration. Il faut aussi savoir \u00eatre craint par vos joueurs, \u00eatre capable de rassembler les talents individuels pour les faire performer collectivement. Une seule victoire sur nos sept derniers matches, cela dit beaucoup de choses\u2026 Une fois encore, avec le groupe que nous avions et notre profondeur de banc, nous aurions d\u00fb finir bien plus haut.<\/em>&nbsp;\u00bb<\/p>\n\n\n\n<p>Selon lui, Philippe Clement n\u2019a pas su rassembler son \u00e9quipe dans les moments-cl\u00e9s cette saison : \u00ab&nbsp;<em>On a senti que l&rsquo;\u00e9quipe \u00e9tait dans l&rsquo;incapacit\u00e9 de se remobiliser. Le coach n&rsquo;est pas parvenu \u00e0 ressouder les joueurs. Il y avait de la fatigue mentale et physique apr\u00e8s avoir perdu ces deux matches cl\u00e9s (contre Leverkusen et Lens, ndlr). Oui, l&rsquo;entra\u00eeneur est le leader de l&rsquo;\u00e9quipe. Oui, il est le responsable principal des r\u00e9sultats.<\/em>&nbsp;\u00bb Mais prendre cette d\u00e9cision n\u2019a pas \u00e9t\u00e9 facile pour l\u2019Anglais : \u00ab&nbsp;<em>Il a fallu trancher. Ce n&rsquo;\u00e9tait pas un choix facile parce qu&rsquo;il a r\u00e9alis\u00e9 de tr\u00e8s bonnes choses. Mais avec ce qu&rsquo;on a vu en fin de saison, il n&rsquo;y avait pas d&rsquo;autre choix.<\/em>&nbsp;\u00bb<\/p>\n\n\n\n<blockquote class=\"wp-block-quote\"><p>\u00ab&nbsp;Le vestiaire s\u2019est effrit\u00e9&nbsp;\u00bb<\/p><cite>Paul Mitchell<\/cite><\/blockquote>\n\n\n\n<p>Si Mitchell engage la responsabilit\u00e9 du coach dans cet \u00e9chec, il pointe d\u2019autres facteurs qui ont provoqu\u00e9 la chute du club au classement, \u00e0 commencer par un vestiaire qui s\u2019est d\u00e9suni au fil des semaines : \u00ab&nbsp;<em>Le vestiaire s&rsquo;est effrit\u00e9 et est devenu individualiste alors qu&rsquo;en f\u00e9vrier, Thierry Henry disait encore dans une interview qu&rsquo;on \u00e9tait l&rsquo;\u00e9quipe avec le jeu le plus structur\u00e9. (\u2026) Les joueurs ont aussi leur part de responsabilit\u00e9, tout comme le coach puisqu&rsquo;il \u00e9tait le leader.<\/em>&nbsp;\u00bb Et le directeur sportif a aussi \u00e9pingl\u00e9 le capitaine Wissam Ben Yedder : \u00ab <em>Je pense que chacun a s\u00e9rieusement besoin de faire le point sur l&rsquo;impact qu&rsquo;il a eu et Wissam s&rsquo;inclut \u00e9videmment l\u00e0-dedans, en tant que capitaine. On prendra ensuite les bonnes d\u00e9cisions pour la saison prochaine.<\/em>&nbsp;\u00bb<\/p>\n\n\n\n<p class=\"has-white-color has-text-color has-background\" style=\"background-color:#303030\">Lire aussi : <a href=\"https:\/\/www.ladiagonale.net\/index.php\/2023\/06\/08\/mitchell-na-pas-fixe-de-date-pour-son-depart\/\">Mitchell n\u2019a pas fix\u00e9 de date pour son d\u00e9part<\/a><\/p>\n\n\n\n<p>Pour autant, Paul Mitchell ne s\u2019est pas d\u00e9douan\u00e9 de ses propres responsabilit\u00e9s et a admis que le timing de l\u2019annonce de son d\u00e9part avait sans doute eu des cons\u00e9quences plus graves qu\u2019imagin\u00e9 :&nbsp;\u00ab&nbsp;<em>En tant que directeur sportif, je suis responsable. (\u2026) J\u2019ai dit \u00e0 l&rsquo;\u00e9quipe hier que j&rsquo;avais aussi ma part de responsabilit\u00e9. Mais c&rsquo;est un choix personnel. Cela fait pr\u00e8s de huit ans que je suis \u00e9loign\u00e9 de ma famille, c&rsquo;est trop long. J&rsquo;ai une femme et deux enfants. Parfois, on m\u00e9sestime le niveau d&rsquo;impact qu&rsquo;une information peut avoir au niveau \u00e9motionnel, et donc sur la performance. Si on analyse apr\u00e8s coup, c&rsquo;est un facteur qui a pu contribuer [\u00e0 la chute de l&rsquo;\u00e9quipe]. Mais ce ne peut \u00eatre qu&rsquo;un des facteurs.<\/em>&nbsp;\u00bb<\/p>\n\n\n\n<h4 class=\"has-vivid-red-color has-text-color\" style=\"font-style:normal;font-weight:400;text-transform:uppercase\">Mitchell part \u00ab&nbsp;<em>avec l&rsquo;impression d&rsquo;avoir fait [s]on travail<\/em>&nbsp;\u00bb<\/h4>\n\n\n\n<p>Si Mitchell est d\u00e9\u00e7u de cette saison, et estime que \u00ab&nbsp;<em>cette sixi\u00e8me place apr\u00e8s deux podiums est douloureuse<\/em>&nbsp;\u00bb, il pense cependant avoir atteint les objectifs qui lui avaient \u00e9t\u00e9 fix\u00e9s \u00e0 son arriv\u00e9e : \u00ab&nbsp;<em>J&rsquo;ai \u00e9t\u00e9 embauch\u00e9 \u00e0 une p\u00e9riode o\u00f9 l&rsquo;AS Monaco et le Cercle Bruges \u00e9taient dans une r\u00e9elle d\u00e9tresse. J&rsquo;ai \u00e9t\u00e9 nomm\u00e9 pour reconstruire. \u00c7a n&rsquo;a pas \u00e9t\u00e9 facile mais je sens avec l&rsquo;Acad\u00e9mie, notamment la victoire en Gambardella, la progression du groupe, le niveau des d\u00e9butants, qu&rsquo;on est reparti dans la bonne direction avec l&rsquo;\u00e9closion de jeunes talents fran\u00e7ais (Eliesse Ben Seghir, Edan Diop). Il y a les ventes de joueurs, les performances, le fait d&rsquo;\u00eatre retourn\u00e9 deux fois sur le podium.<\/em>&nbsp;\u00bb<\/p>\n\n\n\n<p>Avec Mitchell, Monaco s\u2019est relev\u00e9 de deux saisons erratiques, ce qui, selon ses dires, donne du cr\u00e9dit \u00e0 son bilan : \u00ab\u00a0<em>Je pars avec l&rsquo;impression d&rsquo;avoir fait mon travail. Apr\u00e8s, est-ce que j&rsquo;aurais voulu battre Paris en finale de la Coupe de France (0-2, le 19\u00a0mai 2021)\u00a0? Oui. Est-ce que j&rsquo;aurai voulu retrouver la Ligue des champions\u00a0? Oui. Mais au vu du contexte et avec l&rsquo;objectif de redevenir comp\u00e9titif, j&rsquo;ai \u00e9t\u00e9 le garant de la sant\u00e9 financi\u00e8re du club. Je pense avoir atteint les objectifs. Est-ce que cette saison me donne des regrets\u00a0? \u00c9videmment, je suis tr\u00e8s d\u00e9\u00e7u. Mais si je regarde la photo dans son ensemble, tout ce qu&rsquo;on s&rsquo;\u00e9tait fix\u00e9 comme objectif a \u00e9t\u00e9 ex\u00e9cut\u00e9.<\/em>\u00a0\u00bb<\/p>\n","protected":false},"excerpt":{"rendered":"<p>Quelques jours apr\u00e8s le limogeage de Philippe Clement, Paul Mitchell s\u2019est exprim\u00e9 sur la fin de saison cataclysmique de l\u2019AS Monaco dans L\u2019\u00c9quipe, qui a notamment conduit \u00e0 se s\u00e9parer de l\u2019entra\u00eeneur belge : \u00ab&nbsp;En tant que coach, votre r\u00f4le est de guider l&rsquo;\u00e9quipe, d&rsquo;\u00eatre une source d&rsquo;inspiration. Il faut aussi savoir \u00eatre craint par [&#8230;]\n","protected":false},"author":2,"featured_media":0,"comment_status":"open","ping_status":"open","sticky":false,"template":"","format":"standard","meta":[],"categories":[6],"tags":[86,192,191],"yoast_head":"<!-- This site is optimized with the Yoast SEO plugin v19.8 - https:\/\/yoast.com\/wordpress\/plugins\/seo\/ -->\n<title>Mitchell : \u00ab\u00a0Une victoire en sept matchs, cela dit beaucoup de choses\u2026\u00a0\u00bb - La Diagonale<\/title>\n<meta name=\"robots\" content=\"index, follow, max-snippet:-1, max-image-preview:large, max-video-preview:-1\" \/>\n<link rel=\"canonical\" href=\"https:\/\/www.ladiagonale.net\/index.php\/2023\/06\/08\/mitchell-une-victoire-en-sept-matchs-cela-dit-beaucoup-de-choses\/\" \/>\n<meta property=\"og:locale\" content=\"fr_FR\" \/>\n<meta property=\"og:type\" content=\"article\" \/>\n<meta property=\"og:title\" content=\"Mitchell : \u00ab\u00a0Une victoire en sept matchs, cela dit beaucoup de choses\u2026\u00a0\u00bb - La Diagonale\" \/>\n<meta property=\"og:description\" content=\"Quelques jours apr\u00e8s le limogeage de Philippe Clement, Paul Mitchell s\u2019est exprim\u00e9 sur la fin de saison cataclysmique de l\u2019AS Monaco dans L\u2019\u00c9quipe, qui a notamment conduit \u00e0 se s\u00e9parer de l\u2019entra\u00eeneur belge : \u00ab&nbsp;En tant que coach, votre r\u00f4le est de guider l&rsquo;\u00e9quipe, d&rsquo;\u00eatre une source d&rsquo;inspiration. Il faut aussi savoir \u00eatre craint par [...]\" \/>\n<meta property=\"og:url\" content=\"https:\/\/www.ladiagonale.net\/index.php\/2023\/06\/08\/mitchell-une-victoire-en-sept-matchs-cela-dit-beaucoup-de-choses\/\" \/>\n<meta property=\"og:site_name\" content=\"La Diagonale\" \/>\n<meta property=\"article:published_time\" content=\"2023-06-08T17:35:43+00:00\" \/>\n<meta property=\"article:modified_time\" content=\"2023-06-09T10:05:07+00:00\" \/>\n<meta property=\"og:image\" content=\"https:\/\/www.ladiagonale.net\/wp-content\/uploads\/2023\/02\/mitchelle-clement.png\" \/>\n\t<meta property=\"og:image:width\" content=\"1160\" \/>\n\t<meta property=\"og:image:height\" content=\"650\" \/>\n\t<meta property=\"og:image:type\" content=\"image\/png\" \/>\n<meta name=\"author\" content=\"Damien Dellerba\" \/>\n<meta name=\"twitter:card\" content=\"summary_large_image\" \/>\n<meta name=\"twitter:image\" content=\"https:\/\/www.ladiagonale.net\/wp-content\/uploads\/2023\/02\/mitchelle-clement.png\" \/>\n<meta name=\"twitter:label1\" content=\"\u00c9crit par\" \/>\n\t<meta name=\"twitter:data1\" content=\"Damien Dellerba\" \/>\n\t<meta name=\"twitter:label2\" content=\"Dur\u00e9e de lecture estim\u00e9e\" \/>\n\t<meta name=\"twitter:data2\" content=\"4 minutes\" \/>\n<script type=\"application\/ld+json\" class=\"yoast-schema-graph\">{\"@context\":\"https:\/\/schema.org\",\"@graph\":[{\"@type\":\"WebPage\",\"@id\":\"https:\/\/www.ladiagonale.net\/index.php\/2023\/06\/08\/mitchell-une-victoire-en-sept-matchs-cela-dit-beaucoup-de-choses\/\",\"url\":\"https:\/\/www.ladiagonale.net\/index.php\/2023\/06\/08\/mitchell-une-victoire-en-sept-matchs-cela-dit-beaucoup-de-choses\/\",\"name\":\"Mitchell : \u00ab\u00a0Une victoire en sept matchs, cela dit beaucoup de choses\u2026\u00a0\u00bb - La Diagonale\",\"isPartOf\":{\"@id\":\"https:\/\/www.ladiagonale.net\/#website\"},\"datePublished\":\"2023-06-08T17:35:43+00:00\",\"dateModified\":\"2023-06-09T10:05:07+00:00\",\"author\":{\"@id\":\"https:\/\/www.ladiagonale.net\/#\/schema\/person\/79ff1e7b0853ed01b2aa26e64ad300bf\"},\"breadcrumb\":{\"@id\":\"https:\/\/www.ladiagonale.net\/index.php\/2023\/06\/08\/mitchell-une-victoire-en-sept-matchs-cela-dit-beaucoup-de-choses\/#breadcrumb\"},\"inLanguage\":\"fr-FR\",\"potentialAction\":[{\"@type\":\"ReadAction\",\"target\":[\"https:\/\/www.ladiagonale.net\/index.php\/2023\/06\/08\/mitchell-une-victoire-en-sept-matchs-cela-dit-beaucoup-de-choses\/\"]}]},{\"@type\":\"BreadcrumbList\",\"@id\":\"https:\/\/www.ladiagonale.net\/index.php\/2023\/06\/08\/mitchell-une-victoire-en-sept-matchs-cela-dit-beaucoup-de-choses\/#breadcrumb\",\"itemListElement\":[{\"@type\":\"ListItem\",\"position\":1,\"name\":\"Accueil\",\"item\":\"https:\/\/www.ladiagonale.net\/\"},{\"@type\":\"ListItem\",\"position\":2,\"name\":\"Mitchell : \u00ab\u00a0Une victoire en sept matchs, cela dit beaucoup de choses\u2026\u00a0\u00bb\"}]},{\"@type\":\"WebSite\",\"@id\":\"https:\/\/www.ladiagonale.net\/#website\",\"url\":\"https:\/\/www.ladiagonale.net\/\",\"name\":\"La Diagonale\",\"description\":\"Le site des supporters de l&#039;AS Monaco FC\",\"potentialAction\":[{\"@type\":\"SearchAction\",\"target\":{\"@type\":\"EntryPoint\",\"urlTemplate\":\"https:\/\/www.ladiagonale.net\/?s={search_term_string}\"},\"query-input\":\"required name=search_term_string\"}],\"inLanguage\":\"fr-FR\"},{\"@type\":\"Person\",\"@id\":\"https:\/\/www.ladiagonale.net\/#\/schema\/person\/79ff1e7b0853ed01b2aa26e64ad300bf\",\"name\":\"Damien Dellerba\",\"image\":{\"@type\":\"ImageObject\",\"inLanguage\":\"fr-FR\",\"@id\":\"https:\/\/www.ladiagonale.net\/#\/schema\/person\/image\/\",\"url\":\"https:\/\/secure.gravatar.com\/avatar\/c7850e06d3ff63cdbaee88b7fc16e2f0?s=96&d=mm&r=g\",\"contentUrl\":\"https:\/\/secure.gravatar.com\/avatar\/c7850e06d3ff63cdbaee88b7fc16e2f0?s=96&d=mm&r=g\",\"caption\":\"Damien Dellerba\"},\"url\":\"https:\/\/www.ladiagonale.net\/index.php\/author\/damien\/\"}]}<\/script>\n<!-- \/ Yoast SEO plugin. -->","yoast_head_json":{"title":"Mitchell : \u00ab\u00a0Une victoire en sept matchs, cela dit beaucoup de choses\u2026\u00a0\u00bb - La Diagonale","robots":{"index":"index","follow":"follow","max-snippet":"max-snippet:-1","max-image-preview":"max-image-preview:large","max-video-preview":"max-video-preview:-1"},"canonical":"https:\/\/www.ladiagonale.net\/index.php\/2023\/06\/08\/mitchell-une-victoire-en-sept-matchs-cela-dit-beaucoup-de-choses\/","og_locale":"fr_FR","og_type":"article","og_title":"Mitchell : \u00ab\u00a0Une victoire en sept matchs, cela dit beaucoup de choses\u2026\u00a0\u00bb - La Diagonale","og_description":"Quelques jours apr\u00e8s le limogeage de Philippe Clement, Paul Mitchell s\u2019est exprim\u00e9 sur la fin de saison cataclysmique de l\u2019AS Monaco dans L\u2019\u00c9quipe, qui a notamment conduit \u00e0 se s\u00e9parer de l\u2019entra\u00eeneur belge : \u00ab&nbsp;En tant que coach, votre r\u00f4le est de guider l&rsquo;\u00e9quipe, d&rsquo;\u00eatre une source d&rsquo;inspiration. Il faut aussi savoir \u00eatre craint par [...]","og_url":"https:\/\/www.ladiagonale.net\/index.php\/2023\/06\/08\/mitchell-une-victoire-en-sept-matchs-cela-dit-beaucoup-de-choses\/","og_site_name":"La Diagonale","article_published_time":"2023-06-08T17:35:43+00:00","article_modified_time":"2023-06-09T10:05:07+00:00","og_image":[{"width":1160,"height":650,"url":"https:\/\/www.ladiagonale.net\/wp-content\/uploads\/2023\/02\/mitchelle-clement.png","type":"image\/png"}],"author":"Damien Dellerba","twitter_card":"summary_large_image","twitter_image":"https:\/\/www.ladiagonale.net\/wp-content\/uploads\/2023\/02\/mitchelle-clement.png","twitter_misc":{"\u00c9crit par":"Damien Dellerba","Dur\u00e9e de lecture estim\u00e9e":"4 minutes"},"schema":{"@context":"https:\/\/schema.org","@graph":[{"@type":"WebPage","@id":"https:\/\/www.ladiagonale.net\/index.php\/2023\/06\/08\/mitchell-une-victoire-en-sept-matchs-cela-dit-beaucoup-de-choses\/","url":"https:\/\/www.ladiagonale.net\/index.php\/2023\/06\/08\/mitchell-une-victoire-en-sept-matchs-cela-dit-beaucoup-de-choses\/","name":"Mitchell : \u00ab\u00a0Une victoire en sept matchs, cela dit beaucoup de choses\u2026\u00a0\u00bb - La Diagonale","isPartOf":{"@id":"https:\/\/www.ladiagonale.net\/#website"},"datePublished":"2023-06-08T17:35:43+00:00","dateModified":"2023-06-09T10:05:07+00:00","author":{"@id":"https:\/\/www.ladiagonale.net\/#\/schema\/person\/79ff1e7b0853ed01b2aa26e64ad300bf"},"breadcrumb":{"@id":"https:\/\/www.ladiagonale.net\/index.php\/2023\/06\/08\/mitchell-une-victoire-en-sept-matchs-cela-dit-beaucoup-de-choses\/#breadcrumb"},"inLanguage":"fr-FR","potentialAction":[{"@type":"ReadAction","target":["https:\/\/www.ladiagonale.net\/index.php\/2023\/06\/08\/mitchell-une-victoire-en-sept-matchs-cela-dit-beaucoup-de-choses\/"]}]},{"@type":"BreadcrumbList","@id":"https:\/\/www.ladiagonale.net\/index.php\/2023\/06\/08\/mitchell-une-victoire-en-sept-matchs-cela-dit-beaucoup-de-choses\/#breadcrumb","itemListElement":[{"@type":"ListItem","position":1,"name":"Accueil","item":"https:\/\/www.ladiagonale.net\/"},{"@type":"ListItem","position":2,"name":"Mitchell : \u00ab\u00a0Une victoire en sept matchs, cela dit beaucoup de choses\u2026\u00a0\u00bb"}]},{"@type":"WebSite","@id":"https:\/\/www.ladiagonale.net\/#website","url":"https:\/\/www.ladiagonale.net\/","name":"La Diagonale","description":"Le site des supporters de l&#039;AS Monaco FC","potentialAction":[{"@type":"SearchAction","target":{"@type":"EntryPoint","urlTemplate":"https:\/\/www.ladiagonale.net\/?s={search_term_string}"},"query-input":"required name=search_term_string"}],"inLanguage":"fr-FR"},{"@type":"Person","@id":"https:\/\/www.ladiagonale.net\/#\/schema\/person\/79ff1e7b0853ed01b2aa26e64ad300bf","name":"Damien Dellerba","image":{"@type":"ImageObject","inLanguage":"fr-FR","@id":"https:\/\/www.ladiagonale.net\/#\/schema\/person\/image\/","url":"https:\/\/secure.gravatar.com\/avatar\/c7850e06d3ff63cdbaee88b7fc16e2f0?s=96&d=mm&r=g","contentUrl":"https:\/\/secure.gravatar.com\/avatar\/c7850e06d3ff63cdbaee88b7fc16e2f0?s=96&d=mm&r=g","caption":"Damien Dellerba"},"url":"https:\/\/www.ladiagonale.net\/index.php\/author\/damien\/"}]}},"_links":{"self":[{"href":"https:\/\/www.ladiagonale.net\/index.php\/wp-json\/wp\/v2\/posts\/13225"}],"collection":[{"href":"https:\/\/www.ladiagonale.net\/index.php\/wp-json\/wp\/v2\/posts"}],"about":[{"href":"https:\/\/www.ladiagonale.net\/index.php\/wp-json\/wp\/v2\/types\/post"}],"author":[{"embeddable":true,"href":"https:\/\/www.ladiagonale.net\/index.php\/wp-json\/wp\/v2\/users\/2"}],"replies":[{"embeddable":true,"href":"https:\/\/www.ladiagonale.net\/index.php\/wp-json\/wp\/v2\/comments?post=13225"}],"version-history":[{"count":2,"href":"https:\/\/www.ladiagonale.net\/index.php\/wp-json\/wp\/v2\/posts\/13225\/revisions"}],"predecessor-version":[{"id":13241,"href":"https:\/\/www.ladiagonale.net\/index.php\/wp-json\/wp\/v2\/posts\/13225\/revisions\/13241"}],"wp:attachment":[{"href":"https:\/\/www.ladiagonale.net\/index.php\/wp-json\/wp\/v2\/media?parent=13225"}],"wp:term":[{"taxonomy":"category","embeddable":true,"href":"https:\/\/www.ladiagonale.net\/index.php\/wp-json\/wp\/v2\/categories?post=13225"},{"taxonomy":"post_tag","embeddable":true,"href":"https:\/\/www.ladiagonale.net\/index.php\/wp-json\/wp\/v2\/tags?post=13225"}],"curies":[{"name":"wp","href":"https:\/\/api.w.org\/{rel}","templated":true}]}}