{"id":13227,"date":"2023-06-08T20:32:28","date_gmt":"2023-06-08T18:32:28","guid":{"rendered":"https:\/\/www.ladiagonale.net\/?p=13227"},"modified":"2023-06-08T20:35:05","modified_gmt":"2023-06-08T18:35:05","slug":"gallardo-est-un-des-profils-etudies-par-monaco","status":"publish","type":"post","link":"https:\/\/www.ladiagonale.net\/index.php\/2023\/06\/08\/gallardo-est-un-des-profils-etudies-par-monaco\/","title":{"rendered":"Gallardo est un des profils \u00e9tudi\u00e9s par Monaco"},"content":{"rendered":"\n\n\n<p>La succession de Philippe Clement suscite beaucoup d&rsquo;int\u00e9r\u00eat, mais un nom semble toutefois avoir la pr\u00e9f\u00e9rence des supporters de l&rsquo;AS Monaco, celui de Marcelo Gallardo. L&rsquo;ancien meneur de jeu de l&rsquo;ASM (1999-2003) jouit d&rsquo;une grande c\u00f4te de popularit\u00e9 sur le Rocher et son nom est tout naturellement arriv\u00e9 aux oreilles de Paul Mitchell. Si <a href=\"https:\/\/www.ladiagonale.net\/index.php\/2023\/06\/08\/mitchell-na-pas-fixe-de-date-pour-son-depart\/\">la d\u00e9cision reviendra \u00e0 son successeur Thiago Scuro et au pr\u00e9sident Dmitry Rybolovlev<\/a>, Mitchell n&rsquo;a pas cach\u00e9 que le profil de Gallardo \u00e9tait int\u00e9ressant, m\u00eame s&rsquo;il n&rsquo;\u00e9tait pas le seul.<\/p>\n\n\n\n<p>\u00ab&nbsp;<em>Il a fait \u00e0 River Plate, un travail exceptionnel durant 8 ans et demi. Ils l\u2019ont laiss\u00e9 travailler, lui ont donn\u00e9 beaucoup de confiance, ce qui est de plus en plus rare dans le football moderne<\/em>, a indiqu\u00e9 le directeur sportif anglais \u00e0 <em>Nice-Matin<\/em>. <em>Gallardo poss\u00e8de un bon profil, solide et tr\u00e8s typ\u00e9. Mais il y a aussi beaucoup d\u2019autres candidats tr\u00e8s solides.<\/em>&nbsp;\u00bb<\/p>\n\n\n\n<p class=\"has-white-color has-text-color has-background\" style=\"background-color:#303030\">Lire aussi : <a href=\"https:\/\/www.ladiagonale.net\/index.php\/2023\/06\/07\/julien-stephan-fait-un-appel-du-pied-a-monaco\/\">Julien St\u00e9phan fait un appel du pied \u00e0 Monaco<\/a><\/p>\n\n\n\n<p>Si les pistes r\u00e9centes ont principalement li\u00e9 l&rsquo;ASM a des entra\u00eeneurs proches de la galaxie Red Bull, comme Matthias Jaissle ou Jesse Marsch, Mitchell assure que Monaco ne se limitera pas \u00e0 ces noms dans sa recherche : \u00ab&nbsp;<em>J\u2019ai lu certains articles de presse. Je pense qu\u2019il est intelligent de lier mon histoire et celle de Thiago avec les entra\u00eeneurs qui ont \u0153uvr\u00e9 pour Red Bull car ils travaillent toujours tr\u00e8s bien. Mais nos recherches vont bien plus loin et traversent diff\u00e9rents continents, diff\u00e9rents march\u00e9s, dont celui-ci bien s\u00fbr.<\/em>&nbsp;\u00bb<\/p>\n","protected":false},"excerpt":{"rendered":"<p>La succession de Philippe Clement suscite beaucoup d&rsquo;int\u00e9r\u00eat, mais un nom semble toutefois avoir la pr\u00e9f\u00e9rence des supporters de l&rsquo;AS Monaco, celui de Marcelo Gallardo. L&rsquo;ancien meneur de jeu de l&rsquo;ASM (1999-2003) jouit d&rsquo;une grande c\u00f4te de popularit\u00e9 sur le Rocher et son nom est tout naturellement arriv\u00e9 aux oreilles de Paul Mitchell. Si la [&#8230;]\n","protected":false},"author":2,"featured_media":0,"comment_status":"open","ping_status":"open","sticky":false,"template":"","format":"standard","meta":[],"categories":[6],"tags":[86,556],"yoast_head":"<!-- This site is optimized with the Yoast SEO plugin v19.8 - https:\/\/yoast.com\/wordpress\/plugins\/seo\/ -->\n<title>Gallardo est un des profils \u00e9tudi\u00e9s par Monaco - La Diagonale<\/title>\n<meta name=\"robots\" content=\"index, follow, max-snippet:-1, max-image-preview:large, max-video-preview:-1\" \/>\n<link rel=\"canonical\" href=\"https:\/\/www.ladiagonale.net\/index.php\/2023\/06\/08\/gallardo-est-un-des-profils-etudies-par-monaco\/\" \/>\n<meta property=\"og:locale\" content=\"fr_FR\" \/>\n<meta property=\"og:type\" content=\"article\" \/>\n<meta property=\"og:title\" content=\"Gallardo est un des profils \u00e9tudi\u00e9s par Monaco - La Diagonale\" \/>\n<meta property=\"og:description\" content=\"La succession de Philippe Clement suscite beaucoup d&rsquo;int\u00e9r\u00eat, mais un nom semble toutefois avoir la pr\u00e9f\u00e9rence des supporters de l&rsquo;AS Monaco, celui de Marcelo Gallardo. L&rsquo;ancien meneur de jeu de l&rsquo;ASM (1999-2003) jouit d&rsquo;une grande c\u00f4te de popularit\u00e9 sur le Rocher et son nom est tout naturellement arriv\u00e9 aux oreilles de Paul Mitchell. Si la [...]\" \/>\n<meta property=\"og:url\" content=\"https:\/\/www.ladiagonale.net\/index.php\/2023\/06\/08\/gallardo-est-un-des-profils-etudies-par-monaco\/\" \/>\n<meta property=\"og:site_name\" content=\"La Diagonale\" \/>\n<meta property=\"article:published_time\" content=\"2023-06-08T18:32:28+00:00\" \/>\n<meta property=\"article:modified_time\" content=\"2023-06-08T18:35:05+00:00\" \/>\n<meta property=\"og:image\" content=\"https:\/\/www.ladiagonale.net\/wp-content\/uploads\/2023\/06\/gallardo-coahc.png\" \/>\n\t<meta property=\"og:image:width\" content=\"1160\" \/>\n\t<meta property=\"og:image:height\" content=\"650\" \/>\n\t<meta property=\"og:image:type\" content=\"image\/png\" \/>\n<meta name=\"author\" content=\"Damien Dellerba\" \/>\n<meta name=\"twitter:card\" content=\"summary_large_image\" \/>\n<meta name=\"twitter:image\" content=\"https:\/\/www.ladiagonale.net\/wp-content\/uploads\/2023\/06\/gallardo-coahc.png\" \/>\n<meta name=\"twitter:label1\" content=\"\u00c9crit par\" \/>\n\t<meta name=\"twitter:data1\" content=\"Damien Dellerba\" \/>\n\t<meta name=\"twitter:label2\" content=\"Dur\u00e9e de lecture estim\u00e9e\" \/>\n\t<meta name=\"twitter:data2\" content=\"2 minutes\" \/>\n<script type=\"application\/ld+json\" class=\"yoast-schema-graph\">{\"@context\":\"https:\/\/schema.org\",\"@graph\":[{\"@type\":\"WebPage\",\"@id\":\"https:\/\/www.ladiagonale.net\/index.php\/2023\/06\/08\/gallardo-est-un-des-profils-etudies-par-monaco\/\",\"url\":\"https:\/\/www.ladiagonale.net\/index.php\/2023\/06\/08\/gallardo-est-un-des-profils-etudies-par-monaco\/\",\"name\":\"Gallardo est un des profils \u00e9tudi\u00e9s par Monaco - La Diagonale\",\"isPartOf\":{\"@id\":\"https:\/\/www.ladiagonale.net\/#website\"},\"datePublished\":\"2023-06-08T18:32:28+00:00\",\"dateModified\":\"2023-06-08T18:35:05+00:00\",\"author\":{\"@id\":\"https:\/\/www.ladiagonale.net\/#\/schema\/person\/79ff1e7b0853ed01b2aa26e64ad300bf\"},\"breadcrumb\":{\"@id\":\"https:\/\/www.ladiagonale.net\/index.php\/2023\/06\/08\/gallardo-est-un-des-profils-etudies-par-monaco\/#breadcrumb\"},\"inLanguage\":\"fr-FR\",\"potentialAction\":[{\"@type\":\"ReadAction\",\"target\":[\"https:\/\/www.ladiagonale.net\/index.php\/2023\/06\/08\/gallardo-est-un-des-profils-etudies-par-monaco\/\"]}]},{\"@type\":\"BreadcrumbList\",\"@id\":\"https:\/\/www.ladiagonale.net\/index.php\/2023\/06\/08\/gallardo-est-un-des-profils-etudies-par-monaco\/#breadcrumb\",\"itemListElement\":[{\"@type\":\"ListItem\",\"position\":1,\"name\":\"Accueil\",\"item\":\"https:\/\/www.ladiagonale.net\/\"},{\"@type\":\"ListItem\",\"position\":2,\"name\":\"Gallardo est un des profils \u00e9tudi\u00e9s par Monaco\"}]},{\"@type\":\"WebSite\",\"@id\":\"https:\/\/www.ladiagonale.net\/#website\",\"url\":\"https:\/\/www.ladiagonale.net\/\",\"name\":\"La Diagonale\",\"description\":\"Le site des supporters de l&#039;AS Monaco FC\",\"potentialAction\":[{\"@type\":\"SearchAction\",\"target\":{\"@type\":\"EntryPoint\",\"urlTemplate\":\"https:\/\/www.ladiagonale.net\/?s={search_term_string}\"},\"query-input\":\"required name=search_term_string\"}],\"inLanguage\":\"fr-FR\"},{\"@type\":\"Person\",\"@id\":\"https:\/\/www.ladiagonale.net\/#\/schema\/person\/79ff1e7b0853ed01b2aa26e64ad300bf\",\"name\":\"Damien Dellerba\",\"image\":{\"@type\":\"ImageObject\",\"inLanguage\":\"fr-FR\",\"@id\":\"https:\/\/www.ladiagonale.net\/#\/schema\/person\/image\/\",\"url\":\"https:\/\/secure.gravatar.com\/avatar\/c7850e06d3ff63cdbaee88b7fc16e2f0?s=96&d=mm&r=g\",\"contentUrl\":\"https:\/\/secure.gravatar.com\/avatar\/c7850e06d3ff63cdbaee88b7fc16e2f0?s=96&d=mm&r=g\",\"caption\":\"Damien Dellerba\"},\"url\":\"https:\/\/www.ladiagonale.net\/index.php\/author\/damien\/\"}]}<\/script>\n<!-- \/ Yoast SEO plugin. -->","yoast_head_json":{"title":"Gallardo est un des profils \u00e9tudi\u00e9s par Monaco - La Diagonale","robots":{"index":"index","follow":"follow","max-snippet":"max-snippet:-1","max-image-preview":"max-image-preview:large","max-video-preview":"max-video-preview:-1"},"canonical":"https:\/\/www.ladiagonale.net\/index.php\/2023\/06\/08\/gallardo-est-un-des-profils-etudies-par-monaco\/","og_locale":"fr_FR","og_type":"article","og_title":"Gallardo est un des profils \u00e9tudi\u00e9s par Monaco - La Diagonale","og_description":"La succession de Philippe Clement suscite beaucoup d&rsquo;int\u00e9r\u00eat, mais un nom semble toutefois avoir la pr\u00e9f\u00e9rence des supporters de l&rsquo;AS Monaco, celui de Marcelo Gallardo. L&rsquo;ancien meneur de jeu de l&rsquo;ASM (1999-2003) jouit d&rsquo;une grande c\u00f4te de popularit\u00e9 sur le Rocher et son nom est tout naturellement arriv\u00e9 aux oreilles de Paul Mitchell. Si la [...]","og_url":"https:\/\/www.ladiagonale.net\/index.php\/2023\/06\/08\/gallardo-est-un-des-profils-etudies-par-monaco\/","og_site_name":"La Diagonale","article_published_time":"2023-06-08T18:32:28+00:00","article_modified_time":"2023-06-08T18:35:05+00:00","og_image":[{"width":1160,"height":650,"url":"https:\/\/www.ladiagonale.net\/wp-content\/uploads\/2023\/06\/gallardo-coahc.png","type":"image\/png"}],"author":"Damien Dellerba","twitter_card":"summary_large_image","twitter_image":"https:\/\/www.ladiagonale.net\/wp-content\/uploads\/2023\/06\/gallardo-coahc.png","twitter_misc":{"\u00c9crit par":"Damien Dellerba","Dur\u00e9e de lecture estim\u00e9e":"2 minutes"},"schema":{"@context":"https:\/\/schema.org","@graph":[{"@type":"WebPage","@id":"https:\/\/www.ladiagonale.net\/index.php\/2023\/06\/08\/gallardo-est-un-des-profils-etudies-par-monaco\/","url":"https:\/\/www.ladiagonale.net\/index.php\/2023\/06\/08\/gallardo-est-un-des-profils-etudies-par-monaco\/","name":"Gallardo est un des profils \u00e9tudi\u00e9s par Monaco - La Diagonale","isPartOf":{"@id":"https:\/\/www.ladiagonale.net\/#website"},"datePublished":"2023-06-08T18:32:28+00:00","dateModified":"2023-06-08T18:35:05+00:00","author":{"@id":"https:\/\/www.ladiagonale.net\/#\/schema\/person\/79ff1e7b0853ed01b2aa26e64ad300bf"},"breadcrumb":{"@id":"https:\/\/www.ladiagonale.net\/index.php\/2023\/06\/08\/gallardo-est-un-des-profils-etudies-par-monaco\/#breadcrumb"},"inLanguage":"fr-FR","potentialAction":[{"@type":"ReadAction","target":["https:\/\/www.ladiagonale.net\/index.php\/2023\/06\/08\/gallardo-est-un-des-profils-etudies-par-monaco\/"]}]},{"@type":"BreadcrumbList","@id":"https:\/\/www.ladiagonale.net\/index.php\/2023\/06\/08\/gallardo-est-un-des-profils-etudies-par-monaco\/#breadcrumb","itemListElement":[{"@type":"ListItem","position":1,"name":"Accueil","item":"https:\/\/www.ladiagonale.net\/"},{"@type":"ListItem","position":2,"name":"Gallardo est un des profils \u00e9tudi\u00e9s par Monaco"}]},{"@type":"WebSite","@id":"https:\/\/www.ladiagonale.net\/#website","url":"https:\/\/www.ladiagonale.net\/","name":"La Diagonale","description":"Le site des supporters de l&#039;AS Monaco FC","potentialAction":[{"@type":"SearchAction","target":{"@type":"EntryPoint","urlTemplate":"https:\/\/www.ladiagonale.net\/?s={search_term_string}"},"query-input":"required name=search_term_string"}],"inLanguage":"fr-FR"},{"@type":"Person","@id":"https:\/\/www.ladiagonale.net\/#\/schema\/person\/79ff1e7b0853ed01b2aa26e64ad300bf","name":"Damien Dellerba","image":{"@type":"ImageObject","inLanguage":"fr-FR","@id":"https:\/\/www.ladiagonale.net\/#\/schema\/person\/image\/","url":"https:\/\/secure.gravatar.com\/avatar\/c7850e06d3ff63cdbaee88b7fc16e2f0?s=96&d=mm&r=g","contentUrl":"https:\/\/secure.gravatar.com\/avatar\/c7850e06d3ff63cdbaee88b7fc16e2f0?s=96&d=mm&r=g","caption":"Damien Dellerba"},"url":"https:\/\/www.ladiagonale.net\/index.php\/author\/damien\/"}]}},"_links":{"self":[{"href":"https:\/\/www.ladiagonale.net\/index.php\/wp-json\/wp\/v2\/posts\/13227"}],"collection":[{"href":"https:\/\/www.ladiagonale.net\/index.php\/wp-json\/wp\/v2\/posts"}],"about":[{"href":"https:\/\/www.ladiagonale.net\/index.php\/wp-json\/wp\/v2\/types\/post"}],"author":[{"embeddable":true,"href":"https:\/\/www.ladiagonale.net\/index.php\/wp-json\/wp\/v2\/users\/2"}],"replies":[{"embeddable":true,"href":"https:\/\/www.ladiagonale.net\/index.php\/wp-json\/wp\/v2\/comments?post=13227"}],"version-history":[{"count":2,"href":"https:\/\/www.ladiagonale.net\/index.php\/wp-json\/wp\/v2\/posts\/13227\/revisions"}],"predecessor-version":[{"id":13230,"href":"https:\/\/www.ladiagonale.net\/index.php\/wp-json\/wp\/v2\/posts\/13227\/revisions\/13230"}],"wp:attachment":[{"href":"https:\/\/www.ladiagonale.net\/index.php\/wp-json\/wp\/v2\/media?parent=13227"}],"wp:term":[{"taxonomy":"category","embeddable":true,"href":"https:\/\/www.ladiagonale.net\/index.php\/wp-json\/wp\/v2\/categories?post=13227"},{"taxonomy":"post_tag","embeddable":true,"href":"https:\/\/www.ladiagonale.net\/index.php\/wp-json\/wp\/v2\/tags?post=13227"}],"curies":[{"name":"wp","href":"https:\/\/api.w.org\/{rel}","templated":true}]}}