{"id":13234,"date":"2023-06-08T22:46:04","date_gmt":"2023-06-08T20:46:04","guid":{"rendered":"https:\/\/www.ladiagonale.net\/?p=13234"},"modified":"2023-06-08T22:46:08","modified_gmt":"2023-06-08T20:46:08","slug":"ben-seghir-buteur-en-selection","status":"publish","type":"post","link":"https:\/\/www.ladiagonale.net\/index.php\/2023\/06\/08\/ben-seghir-buteur-en-selection\/","title":{"rendered":"Ben Seghir buteur en s\u00e9lection"},"content":{"rendered":"\n\n\n<p>L&rsquo;\u00e9quipe de France U18 a disput\u00e9 sa deuxi\u00e8me rencontre du tournoi Maurice-Revello contre le Costa Rica et s&rsquo;est impos\u00e9e (3-1) gr\u00e2ce notamment \u00e0 un but en toute fin de rencontre sign\u00e9 Eliesse Ben Seghir. Le jeune joueur de l&rsquo;AS Monaco, qui avait notamment manqu\u00e9 <a href=\"https:\/\/www.ladiagonale.net\/index.php\/2023\/06\/06\/benama-et-la-france-debutent-par-une-defaite-au-tournoi-maurice-revello\/\">le premier match contre l&rsquo;Arabie Saoudite<\/a>, lib\u00e9r\u00e9 tardivement par le club, est entr\u00e9 \u00e0 la mi-temps de cette rencontre.<\/p>\n\n\n\n<p>Mayssam Benama, qui avait \u00e9t\u00e9 titularis\u00e9 par Bernard Diom\u00e8de lors du premier match de ce festival international espoirs, a fait son entr\u00e9e en jeu \u00e0 la 82<sup>e<\/sup> minute du match. Les Bleuets sont en t\u00eate de leur groupe avec 4 points. Dimanche (17h30), ils affronteront le Venezuela pour la troisi\u00e8me et derni\u00e8re rencontre des poules, avec pour objectif d&rsquo;atteindre les demi-finales.  <\/p>\n\n\n\n<figure class=\"wp-block-embed is-type-rich is-provider-twitter wp-block-embed-twitter\"><div class=\"wp-block-embed__wrapper\">\n<blockquote class=\"twitter-tweet\" data-width=\"550\" data-dnt=\"true\"><p lang=\"fr\" dir=\"ltr\">\ud83d\udca5\ud83c\uddeb\ud83c\uddf7 BUUUT pour la France ! <br>Superbe passe d\u00e9cisive de Mathys Tel pour Eliesse Ben Seghir (<a href=\"https:\/\/twitter.com\/AS_Monaco?ref_src=twsrc%5Etfw\">@AS_Monaco<\/a>) qui permet \u00e0 son \u00e9quipe de creuser l&#39;\u00e9cart. <br><br>Voir le match en direct sur <a href=\"https:\/\/t.co\/z3BK3mmr6n\">https:\/\/t.co\/z3BK3mmr6n<\/a><br>\u27a1\ufe0f<a href=\"https:\/\/t.co\/yBZc3Cc0ay\">https:\/\/t.co\/yBZc3Cc0ay<\/a> <a href=\"https:\/\/twitter.com\/hashtag\/FRACRC?src=hash&amp;ref_src=twsrc%5Etfw\">#FRACRC<\/a> <a href=\"https:\/\/twitter.com\/hashtag\/TMR2023?src=hash&amp;ref_src=twsrc%5Etfw\">#TMR2023<\/a> <a href=\"https:\/\/t.co\/uQOWkPHdHo\">pic.twitter.com\/uQOWkPHdHo<\/a><\/p>&mdash; Tournoi Maurice Revello #TMR2023 (@TournoiMRevello) <a href=\"https:\/\/twitter.com\/TournoiMRevello\/status\/1666859157541249024?ref_src=twsrc%5Etfw\">June 8, 2023<\/a><\/blockquote><script async src=\"https:\/\/platform.twitter.com\/widgets.js\" charset=\"utf-8\"><\/script>\n<\/div><\/figure>\n","protected":false},"excerpt":{"rendered":"<p>L&rsquo;\u00e9quipe de France U18 a disput\u00e9 sa deuxi\u00e8me rencontre du tournoi Maurice-Revello contre le Costa Rica et s&rsquo;est impos\u00e9e (3-1) gr\u00e2ce notamment \u00e0 un but en toute fin de rencontre sign\u00e9 Eliesse Ben Seghir. Le jeune joueur de l&rsquo;AS Monaco, qui avait notamment manqu\u00e9 le premier match contre l&rsquo;Arabie Saoudite, lib\u00e9r\u00e9 tardivement par le club, [&#8230;]\n","protected":false},"author":2,"featured_media":0,"comment_status":"open","ping_status":"open","sticky":false,"template":"","format":"standard","meta":[],"categories":[6],"tags":[86,286,78,453,116],"yoast_head":"<!-- This site is optimized with the Yoast SEO plugin v19.8 - https:\/\/yoast.com\/wordpress\/plugins\/seo\/ -->\n<title>Ben Seghir buteur en s\u00e9lection - La Diagonale<\/title>\n<meta name=\"robots\" content=\"index, follow, max-snippet:-1, max-image-preview:large, max-video-preview:-1\" \/>\n<link rel=\"canonical\" href=\"https:\/\/www.ladiagonale.net\/index.php\/2023\/06\/08\/ben-seghir-buteur-en-selection\/\" \/>\n<meta property=\"og:locale\" content=\"fr_FR\" \/>\n<meta property=\"og:type\" content=\"article\" \/>\n<meta property=\"og:title\" content=\"Ben Seghir buteur en s\u00e9lection - La Diagonale\" \/>\n<meta property=\"og:description\" content=\"L&rsquo;\u00e9quipe de France U18 a disput\u00e9 sa deuxi\u00e8me rencontre du tournoi Maurice-Revello contre le Costa Rica et s&rsquo;est impos\u00e9e (3-1) gr\u00e2ce notamment \u00e0 un but en toute fin de rencontre sign\u00e9 Eliesse Ben Seghir. Le jeune joueur de l&rsquo;AS Monaco, qui avait notamment manqu\u00e9 le premier match contre l&rsquo;Arabie Saoudite, lib\u00e9r\u00e9 tardivement par le club, [...]\" \/>\n<meta property=\"og:url\" content=\"https:\/\/www.ladiagonale.net\/index.php\/2023\/06\/08\/ben-seghir-buteur-en-selection\/\" \/>\n<meta property=\"og:site_name\" content=\"La Diagonale\" \/>\n<meta property=\"article:published_time\" content=\"2023-06-08T20:46:04+00:00\" \/>\n<meta property=\"article:modified_time\" content=\"2023-06-08T20:46:08+00:00\" \/>\n<meta property=\"og:image\" content=\"https:\/\/www.ladiagonale.net\/wp-content\/uploads\/2023\/03\/ben-seghir-france.png\" \/>\n\t<meta property=\"og:image:width\" content=\"1160\" \/>\n\t<meta property=\"og:image:height\" content=\"650\" \/>\n\t<meta property=\"og:image:type\" content=\"image\/png\" \/>\n<meta name=\"author\" content=\"Damien Dellerba\" \/>\n<meta name=\"twitter:card\" content=\"summary_large_image\" \/>\n<meta name=\"twitter:image\" content=\"https:\/\/www.ladiagonale.net\/wp-content\/uploads\/2023\/03\/ben-seghir-france.png\" \/>\n<meta name=\"twitter:label1\" content=\"\u00c9crit par\" \/>\n\t<meta name=\"twitter:data1\" content=\"Damien Dellerba\" \/>\n\t<meta name=\"twitter:label2\" content=\"Dur\u00e9e de lecture estim\u00e9e\" \/>\n\t<meta name=\"twitter:data2\" content=\"1 minute\" \/>\n<script type=\"application\/ld+json\" class=\"yoast-schema-graph\">{\"@context\":\"https:\/\/schema.org\",\"@graph\":[{\"@type\":\"WebPage\",\"@id\":\"https:\/\/www.ladiagonale.net\/index.php\/2023\/06\/08\/ben-seghir-buteur-en-selection\/\",\"url\":\"https:\/\/www.ladiagonale.net\/index.php\/2023\/06\/08\/ben-seghir-buteur-en-selection\/\",\"name\":\"Ben Seghir buteur en s\u00e9lection - La Diagonale\",\"isPartOf\":{\"@id\":\"https:\/\/www.ladiagonale.net\/#website\"},\"datePublished\":\"2023-06-08T20:46:04+00:00\",\"dateModified\":\"2023-06-08T20:46:08+00:00\",\"author\":{\"@id\":\"https:\/\/www.ladiagonale.net\/#\/schema\/person\/79ff1e7b0853ed01b2aa26e64ad300bf\"},\"breadcrumb\":{\"@id\":\"https:\/\/www.ladiagonale.net\/index.php\/2023\/06\/08\/ben-seghir-buteur-en-selection\/#breadcrumb\"},\"inLanguage\":\"fr-FR\",\"potentialAction\":[{\"@type\":\"ReadAction\",\"target\":[\"https:\/\/www.ladiagonale.net\/index.php\/2023\/06\/08\/ben-seghir-buteur-en-selection\/\"]}]},{\"@type\":\"BreadcrumbList\",\"@id\":\"https:\/\/www.ladiagonale.net\/index.php\/2023\/06\/08\/ben-seghir-buteur-en-selection\/#breadcrumb\",\"itemListElement\":[{\"@type\":\"ListItem\",\"position\":1,\"name\":\"Accueil\",\"item\":\"https:\/\/www.ladiagonale.net\/\"},{\"@type\":\"ListItem\",\"position\":2,\"name\":\"Ben Seghir buteur en s\u00e9lection\"}]},{\"@type\":\"WebSite\",\"@id\":\"https:\/\/www.ladiagonale.net\/#website\",\"url\":\"https:\/\/www.ladiagonale.net\/\",\"name\":\"La Diagonale\",\"description\":\"Le site des supporters de l&#039;AS Monaco FC\",\"potentialAction\":[{\"@type\":\"SearchAction\",\"target\":{\"@type\":\"EntryPoint\",\"urlTemplate\":\"https:\/\/www.ladiagonale.net\/?s={search_term_string}\"},\"query-input\":\"required name=search_term_string\"}],\"inLanguage\":\"fr-FR\"},{\"@type\":\"Person\",\"@id\":\"https:\/\/www.ladiagonale.net\/#\/schema\/person\/79ff1e7b0853ed01b2aa26e64ad300bf\",\"name\":\"Damien Dellerba\",\"image\":{\"@type\":\"ImageObject\",\"inLanguage\":\"fr-FR\",\"@id\":\"https:\/\/www.ladiagonale.net\/#\/schema\/person\/image\/\",\"url\":\"https:\/\/secure.gravatar.com\/avatar\/c7850e06d3ff63cdbaee88b7fc16e2f0?s=96&d=mm&r=g\",\"contentUrl\":\"https:\/\/secure.gravatar.com\/avatar\/c7850e06d3ff63cdbaee88b7fc16e2f0?s=96&d=mm&r=g\",\"caption\":\"Damien Dellerba\"},\"url\":\"https:\/\/www.ladiagonale.net\/index.php\/author\/damien\/\"}]}<\/script>\n<!-- \/ Yoast SEO plugin. -->","yoast_head_json":{"title":"Ben Seghir buteur en s\u00e9lection - La Diagonale","robots":{"index":"index","follow":"follow","max-snippet":"max-snippet:-1","max-image-preview":"max-image-preview:large","max-video-preview":"max-video-preview:-1"},"canonical":"https:\/\/www.ladiagonale.net\/index.php\/2023\/06\/08\/ben-seghir-buteur-en-selection\/","og_locale":"fr_FR","og_type":"article","og_title":"Ben Seghir buteur en s\u00e9lection - La Diagonale","og_description":"L&rsquo;\u00e9quipe de France U18 a disput\u00e9 sa deuxi\u00e8me rencontre du tournoi Maurice-Revello contre le Costa Rica et s&rsquo;est impos\u00e9e (3-1) gr\u00e2ce notamment \u00e0 un but en toute fin de rencontre sign\u00e9 Eliesse Ben Seghir. Le jeune joueur de l&rsquo;AS Monaco, qui avait notamment manqu\u00e9 le premier match contre l&rsquo;Arabie Saoudite, lib\u00e9r\u00e9 tardivement par le club, [...]","og_url":"https:\/\/www.ladiagonale.net\/index.php\/2023\/06\/08\/ben-seghir-buteur-en-selection\/","og_site_name":"La Diagonale","article_published_time":"2023-06-08T20:46:04+00:00","article_modified_time":"2023-06-08T20:46:08+00:00","og_image":[{"width":1160,"height":650,"url":"https:\/\/www.ladiagonale.net\/wp-content\/uploads\/2023\/03\/ben-seghir-france.png","type":"image\/png"}],"author":"Damien Dellerba","twitter_card":"summary_large_image","twitter_image":"https:\/\/www.ladiagonale.net\/wp-content\/uploads\/2023\/03\/ben-seghir-france.png","twitter_misc":{"\u00c9crit par":"Damien Dellerba","Dur\u00e9e de lecture estim\u00e9e":"1 minute"},"schema":{"@context":"https:\/\/schema.org","@graph":[{"@type":"WebPage","@id":"https:\/\/www.ladiagonale.net\/index.php\/2023\/06\/08\/ben-seghir-buteur-en-selection\/","url":"https:\/\/www.ladiagonale.net\/index.php\/2023\/06\/08\/ben-seghir-buteur-en-selection\/","name":"Ben Seghir buteur en s\u00e9lection - La Diagonale","isPartOf":{"@id":"https:\/\/www.ladiagonale.net\/#website"},"datePublished":"2023-06-08T20:46:04+00:00","dateModified":"2023-06-08T20:46:08+00:00","author":{"@id":"https:\/\/www.ladiagonale.net\/#\/schema\/person\/79ff1e7b0853ed01b2aa26e64ad300bf"},"breadcrumb":{"@id":"https:\/\/www.ladiagonale.net\/index.php\/2023\/06\/08\/ben-seghir-buteur-en-selection\/#breadcrumb"},"inLanguage":"fr-FR","potentialAction":[{"@type":"ReadAction","target":["https:\/\/www.ladiagonale.net\/index.php\/2023\/06\/08\/ben-seghir-buteur-en-selection\/"]}]},{"@type":"BreadcrumbList","@id":"https:\/\/www.ladiagonale.net\/index.php\/2023\/06\/08\/ben-seghir-buteur-en-selection\/#breadcrumb","itemListElement":[{"@type":"ListItem","position":1,"name":"Accueil","item":"https:\/\/www.ladiagonale.net\/"},{"@type":"ListItem","position":2,"name":"Ben Seghir buteur en s\u00e9lection"}]},{"@type":"WebSite","@id":"https:\/\/www.ladiagonale.net\/#website","url":"https:\/\/www.ladiagonale.net\/","name":"La Diagonale","description":"Le site des supporters de l&#039;AS Monaco FC","potentialAction":[{"@type":"SearchAction","target":{"@type":"EntryPoint","urlTemplate":"https:\/\/www.ladiagonale.net\/?s={search_term_string}"},"query-input":"required name=search_term_string"}],"inLanguage":"fr-FR"},{"@type":"Person","@id":"https:\/\/www.ladiagonale.net\/#\/schema\/person\/79ff1e7b0853ed01b2aa26e64ad300bf","name":"Damien Dellerba","image":{"@type":"ImageObject","inLanguage":"fr-FR","@id":"https:\/\/www.ladiagonale.net\/#\/schema\/person\/image\/","url":"https:\/\/secure.gravatar.com\/avatar\/c7850e06d3ff63cdbaee88b7fc16e2f0?s=96&d=mm&r=g","contentUrl":"https:\/\/secure.gravatar.com\/avatar\/c7850e06d3ff63cdbaee88b7fc16e2f0?s=96&d=mm&r=g","caption":"Damien Dellerba"},"url":"https:\/\/www.ladiagonale.net\/index.php\/author\/damien\/"}]}},"_links":{"self":[{"href":"https:\/\/www.ladiagonale.net\/index.php\/wp-json\/wp\/v2\/posts\/13234"}],"collection":[{"href":"https:\/\/www.ladiagonale.net\/index.php\/wp-json\/wp\/v2\/posts"}],"about":[{"href":"https:\/\/www.ladiagonale.net\/index.php\/wp-json\/wp\/v2\/types\/post"}],"author":[{"embeddable":true,"href":"https:\/\/www.ladiagonale.net\/index.php\/wp-json\/wp\/v2\/users\/2"}],"replies":[{"embeddable":true,"href":"https:\/\/www.ladiagonale.net\/index.php\/wp-json\/wp\/v2\/comments?post=13234"}],"version-history":[{"count":1,"href":"https:\/\/www.ladiagonale.net\/index.php\/wp-json\/wp\/v2\/posts\/13234\/revisions"}],"predecessor-version":[{"id":13235,"href":"https:\/\/www.ladiagonale.net\/index.php\/wp-json\/wp\/v2\/posts\/13234\/revisions\/13235"}],"wp:attachment":[{"href":"https:\/\/www.ladiagonale.net\/index.php\/wp-json\/wp\/v2\/media?parent=13234"}],"wp:term":[{"taxonomy":"category","embeddable":true,"href":"https:\/\/www.ladiagonale.net\/index.php\/wp-json\/wp\/v2\/categories?post=13234"},{"taxonomy":"post_tag","embeddable":true,"href":"https:\/\/www.ladiagonale.net\/index.php\/wp-json\/wp\/v2\/tags?post=13234"}],"curies":[{"name":"wp","href":"https:\/\/api.w.org\/{rel}","templated":true}]}}