{"id":13236,"date":"2023-06-09T11:47:53","date_gmt":"2023-06-09T09:47:53","guid":{"rendered":"https:\/\/www.ladiagonale.net\/?p=13236"},"modified":"2023-06-09T11:56:14","modified_gmt":"2023-06-09T09:56:14","slug":"embolo-forfait-pour-la-selection","status":"publish","type":"post","link":"https:\/\/www.ladiagonale.net\/index.php\/2023\/06\/09\/embolo-forfait-pour-la-selection\/","title":{"rendered":"Embolo forfait pour la s\u00e9lection"},"content":{"rendered":"\n\n\n<p>Apr\u00e8s avoir d\u00fb <a href=\"https:\/\/www.ladiagonale.net\/index.php\/2023\/03\/23\/embolo-doit-quitter-sa-selection\/\">quitter pr\u00e9matur\u00e9ment le rassemblement de la s\u00e9lection suisse en mars dernier<\/a> en raison d&rsquo;une entorse \u00e0 un genou, Breel Embolo va \u00e9galement manquer celui de ce mois de juin. La f\u00e9d\u00e9ration suisse a indiqu\u00e9 que l&rsquo;attaquant de l&rsquo;AS Monaco \u00e9tait bless\u00e9 et allait \u00eatre remplac\u00e9, sans toutefois pr\u00e9ciser la nature de la blessure.<\/p>\n\n\n\n<p>La Suisse va devoir faire sans son avant-centre de 26 ans, qui ratera donc les deux prochains matchs qualificatifs pour l&rsquo;Euro face \u00e0 Andorre et contre la Roumanie. La <em>Nati<\/em> occupe actuellement la premi\u00e8re place de son groupe \u00e0 \u00e9galit\u00e9 avec la Roumanie, avec deux succ\u00e8s en autant de rencontres.<\/p>\n\n\n\n<figure class=\"wp-block-embed is-type-rich is-provider-twitter wp-block-embed-twitter\"><div class=\"wp-block-embed__wrapper\">\n<blockquote class=\"twitter-tweet\" data-width=\"550\" data-dnt=\"true\"><p lang=\"fr\" dir=\"ltr\">Breel Embolo est absent \u00e0 cause d&#39;une blessure. Haris Seferovic et Uran Bislimi sont convoqu\u00e9s.<\/p>&mdash; \ud83c\udde8\ud83c\udded Nati (@nati_sfv_asf) <a href=\"https:\/\/twitter.com\/nati_sfv_asf\/status\/1667079203127271424?ref_src=twsrc%5Etfw\">June 9, 2023<\/a><\/blockquote><script async src=\"https:\/\/platform.twitter.com\/widgets.js\" charset=\"utf-8\"><\/script>\n<\/div><\/figure>\n","protected":false},"excerpt":{"rendered":"<p>Apr\u00e8s avoir d\u00fb quitter pr\u00e9matur\u00e9ment le rassemblement de la s\u00e9lection suisse en mars dernier en raison d&rsquo;une entorse \u00e0 un genou, Breel Embolo va \u00e9galement manquer celui de ce mois de juin. La f\u00e9d\u00e9ration suisse a indiqu\u00e9 que l&rsquo;attaquant de l&rsquo;AS Monaco \u00e9tait bless\u00e9 et allait \u00eatre remplac\u00e9, sans toutefois pr\u00e9ciser la nature de la [&#8230;]\n","protected":false},"author":2,"featured_media":0,"comment_status":"open","ping_status":"open","sticky":false,"template":"","format":"standard","meta":[],"categories":[4,6],"tags":[86,161,116,117],"yoast_head":"<!-- This site is optimized with the Yoast SEO plugin v19.8 - https:\/\/yoast.com\/wordpress\/plugins\/seo\/ -->\n<title>Embolo forfait pour la s\u00e9lection - La Diagonale<\/title>\n<meta name=\"robots\" content=\"index, follow, max-snippet:-1, max-image-preview:large, max-video-preview:-1\" \/>\n<link rel=\"canonical\" href=\"https:\/\/www.ladiagonale.net\/index.php\/2023\/06\/09\/embolo-forfait-pour-la-selection\/\" \/>\n<meta property=\"og:locale\" content=\"fr_FR\" \/>\n<meta property=\"og:type\" content=\"article\" \/>\n<meta property=\"og:title\" content=\"Embolo forfait pour la s\u00e9lection - La Diagonale\" \/>\n<meta property=\"og:description\" content=\"Apr\u00e8s avoir d\u00fb quitter pr\u00e9matur\u00e9ment le rassemblement de la s\u00e9lection suisse en mars dernier en raison d&rsquo;une entorse \u00e0 un genou, Breel Embolo va \u00e9galement manquer celui de ce mois de juin. La f\u00e9d\u00e9ration suisse a indiqu\u00e9 que l&rsquo;attaquant de l&rsquo;AS Monaco \u00e9tait bless\u00e9 et allait \u00eatre remplac\u00e9, sans toutefois pr\u00e9ciser la nature de la [...]\" \/>\n<meta property=\"og:url\" content=\"https:\/\/www.ladiagonale.net\/index.php\/2023\/06\/09\/embolo-forfait-pour-la-selection\/\" \/>\n<meta property=\"og:site_name\" content=\"La Diagonale\" \/>\n<meta property=\"article:published_time\" content=\"2023-06-09T09:47:53+00:00\" \/>\n<meta property=\"article:modified_time\" content=\"2023-06-09T09:56:14+00:00\" \/>\n<meta property=\"og:image\" content=\"https:\/\/www.ladiagonale.net\/wp-content\/uploads\/2022\/11\/embolo-suisse.png\" \/>\n\t<meta property=\"og:image:width\" content=\"1160\" \/>\n\t<meta property=\"og:image:height\" content=\"650\" \/>\n\t<meta property=\"og:image:type\" content=\"image\/png\" \/>\n<meta name=\"author\" content=\"Damien Dellerba\" \/>\n<meta name=\"twitter:card\" content=\"summary_large_image\" \/>\n<meta name=\"twitter:image\" content=\"https:\/\/www.ladiagonale.net\/wp-content\/uploads\/2022\/11\/embolo-suisse.png\" \/>\n<meta name=\"twitter:label1\" content=\"\u00c9crit par\" \/>\n\t<meta name=\"twitter:data1\" content=\"Damien Dellerba\" \/>\n\t<meta name=\"twitter:label2\" content=\"Dur\u00e9e de lecture estim\u00e9e\" \/>\n\t<meta name=\"twitter:data2\" content=\"1 minute\" \/>\n<script type=\"application\/ld+json\" class=\"yoast-schema-graph\">{\"@context\":\"https:\/\/schema.org\",\"@graph\":[{\"@type\":\"WebPage\",\"@id\":\"https:\/\/www.ladiagonale.net\/index.php\/2023\/06\/09\/embolo-forfait-pour-la-selection\/\",\"url\":\"https:\/\/www.ladiagonale.net\/index.php\/2023\/06\/09\/embolo-forfait-pour-la-selection\/\",\"name\":\"Embolo forfait pour la s\u00e9lection - La Diagonale\",\"isPartOf\":{\"@id\":\"https:\/\/www.ladiagonale.net\/#website\"},\"datePublished\":\"2023-06-09T09:47:53+00:00\",\"dateModified\":\"2023-06-09T09:56:14+00:00\",\"author\":{\"@id\":\"https:\/\/www.ladiagonale.net\/#\/schema\/person\/79ff1e7b0853ed01b2aa26e64ad300bf\"},\"breadcrumb\":{\"@id\":\"https:\/\/www.ladiagonale.net\/index.php\/2023\/06\/09\/embolo-forfait-pour-la-selection\/#breadcrumb\"},\"inLanguage\":\"fr-FR\",\"potentialAction\":[{\"@type\":\"ReadAction\",\"target\":[\"https:\/\/www.ladiagonale.net\/index.php\/2023\/06\/09\/embolo-forfait-pour-la-selection\/\"]}]},{\"@type\":\"BreadcrumbList\",\"@id\":\"https:\/\/www.ladiagonale.net\/index.php\/2023\/06\/09\/embolo-forfait-pour-la-selection\/#breadcrumb\",\"itemListElement\":[{\"@type\":\"ListItem\",\"position\":1,\"name\":\"Accueil\",\"item\":\"https:\/\/www.ladiagonale.net\/\"},{\"@type\":\"ListItem\",\"position\":2,\"name\":\"Embolo forfait pour la s\u00e9lection\"}]},{\"@type\":\"WebSite\",\"@id\":\"https:\/\/www.ladiagonale.net\/#website\",\"url\":\"https:\/\/www.ladiagonale.net\/\",\"name\":\"La Diagonale\",\"description\":\"Le site des supporters de l&#039;AS Monaco FC\",\"potentialAction\":[{\"@type\":\"SearchAction\",\"target\":{\"@type\":\"EntryPoint\",\"urlTemplate\":\"https:\/\/www.ladiagonale.net\/?s={search_term_string}\"},\"query-input\":\"required name=search_term_string\"}],\"inLanguage\":\"fr-FR\"},{\"@type\":\"Person\",\"@id\":\"https:\/\/www.ladiagonale.net\/#\/schema\/person\/79ff1e7b0853ed01b2aa26e64ad300bf\",\"name\":\"Damien Dellerba\",\"image\":{\"@type\":\"ImageObject\",\"inLanguage\":\"fr-FR\",\"@id\":\"https:\/\/www.ladiagonale.net\/#\/schema\/person\/image\/\",\"url\":\"https:\/\/secure.gravatar.com\/avatar\/c7850e06d3ff63cdbaee88b7fc16e2f0?s=96&d=mm&r=g\",\"contentUrl\":\"https:\/\/secure.gravatar.com\/avatar\/c7850e06d3ff63cdbaee88b7fc16e2f0?s=96&d=mm&r=g\",\"caption\":\"Damien Dellerba\"},\"url\":\"https:\/\/www.ladiagonale.net\/index.php\/author\/damien\/\"}]}<\/script>\n<!-- \/ Yoast SEO plugin. -->","yoast_head_json":{"title":"Embolo forfait pour la s\u00e9lection - La Diagonale","robots":{"index":"index","follow":"follow","max-snippet":"max-snippet:-1","max-image-preview":"max-image-preview:large","max-video-preview":"max-video-preview:-1"},"canonical":"https:\/\/www.ladiagonale.net\/index.php\/2023\/06\/09\/embolo-forfait-pour-la-selection\/","og_locale":"fr_FR","og_type":"article","og_title":"Embolo forfait pour la s\u00e9lection - La Diagonale","og_description":"Apr\u00e8s avoir d\u00fb quitter pr\u00e9matur\u00e9ment le rassemblement de la s\u00e9lection suisse en mars dernier en raison d&rsquo;une entorse \u00e0 un genou, Breel Embolo va \u00e9galement manquer celui de ce mois de juin. La f\u00e9d\u00e9ration suisse a indiqu\u00e9 que l&rsquo;attaquant de l&rsquo;AS Monaco \u00e9tait bless\u00e9 et allait \u00eatre remplac\u00e9, sans toutefois pr\u00e9ciser la nature de la [...]","og_url":"https:\/\/www.ladiagonale.net\/index.php\/2023\/06\/09\/embolo-forfait-pour-la-selection\/","og_site_name":"La Diagonale","article_published_time":"2023-06-09T09:47:53+00:00","article_modified_time":"2023-06-09T09:56:14+00:00","og_image":[{"width":1160,"height":650,"url":"https:\/\/www.ladiagonale.net\/wp-content\/uploads\/2022\/11\/embolo-suisse.png","type":"image\/png"}],"author":"Damien Dellerba","twitter_card":"summary_large_image","twitter_image":"https:\/\/www.ladiagonale.net\/wp-content\/uploads\/2022\/11\/embolo-suisse.png","twitter_misc":{"\u00c9crit par":"Damien Dellerba","Dur\u00e9e de lecture estim\u00e9e":"1 minute"},"schema":{"@context":"https:\/\/schema.org","@graph":[{"@type":"WebPage","@id":"https:\/\/www.ladiagonale.net\/index.php\/2023\/06\/09\/embolo-forfait-pour-la-selection\/","url":"https:\/\/www.ladiagonale.net\/index.php\/2023\/06\/09\/embolo-forfait-pour-la-selection\/","name":"Embolo forfait pour la s\u00e9lection - La Diagonale","isPartOf":{"@id":"https:\/\/www.ladiagonale.net\/#website"},"datePublished":"2023-06-09T09:47:53+00:00","dateModified":"2023-06-09T09:56:14+00:00","author":{"@id":"https:\/\/www.ladiagonale.net\/#\/schema\/person\/79ff1e7b0853ed01b2aa26e64ad300bf"},"breadcrumb":{"@id":"https:\/\/www.ladiagonale.net\/index.php\/2023\/06\/09\/embolo-forfait-pour-la-selection\/#breadcrumb"},"inLanguage":"fr-FR","potentialAction":[{"@type":"ReadAction","target":["https:\/\/www.ladiagonale.net\/index.php\/2023\/06\/09\/embolo-forfait-pour-la-selection\/"]}]},{"@type":"BreadcrumbList","@id":"https:\/\/www.ladiagonale.net\/index.php\/2023\/06\/09\/embolo-forfait-pour-la-selection\/#breadcrumb","itemListElement":[{"@type":"ListItem","position":1,"name":"Accueil","item":"https:\/\/www.ladiagonale.net\/"},{"@type":"ListItem","position":2,"name":"Embolo forfait pour la s\u00e9lection"}]},{"@type":"WebSite","@id":"https:\/\/www.ladiagonale.net\/#website","url":"https:\/\/www.ladiagonale.net\/","name":"La Diagonale","description":"Le site des supporters de l&#039;AS Monaco FC","potentialAction":[{"@type":"SearchAction","target":{"@type":"EntryPoint","urlTemplate":"https:\/\/www.ladiagonale.net\/?s={search_term_string}"},"query-input":"required name=search_term_string"}],"inLanguage":"fr-FR"},{"@type":"Person","@id":"https:\/\/www.ladiagonale.net\/#\/schema\/person\/79ff1e7b0853ed01b2aa26e64ad300bf","name":"Damien Dellerba","image":{"@type":"ImageObject","inLanguage":"fr-FR","@id":"https:\/\/www.ladiagonale.net\/#\/schema\/person\/image\/","url":"https:\/\/secure.gravatar.com\/avatar\/c7850e06d3ff63cdbaee88b7fc16e2f0?s=96&d=mm&r=g","contentUrl":"https:\/\/secure.gravatar.com\/avatar\/c7850e06d3ff63cdbaee88b7fc16e2f0?s=96&d=mm&r=g","caption":"Damien Dellerba"},"url":"https:\/\/www.ladiagonale.net\/index.php\/author\/damien\/"}]}},"_links":{"self":[{"href":"https:\/\/www.ladiagonale.net\/index.php\/wp-json\/wp\/v2\/posts\/13236"}],"collection":[{"href":"https:\/\/www.ladiagonale.net\/index.php\/wp-json\/wp\/v2\/posts"}],"about":[{"href":"https:\/\/www.ladiagonale.net\/index.php\/wp-json\/wp\/v2\/types\/post"}],"author":[{"embeddable":true,"href":"https:\/\/www.ladiagonale.net\/index.php\/wp-json\/wp\/v2\/users\/2"}],"replies":[{"embeddable":true,"href":"https:\/\/www.ladiagonale.net\/index.php\/wp-json\/wp\/v2\/comments?post=13236"}],"version-history":[{"count":4,"href":"https:\/\/www.ladiagonale.net\/index.php\/wp-json\/wp\/v2\/posts\/13236\/revisions"}],"predecessor-version":[{"id":13240,"href":"https:\/\/www.ladiagonale.net\/index.php\/wp-json\/wp\/v2\/posts\/13236\/revisions\/13240"}],"wp:attachment":[{"href":"https:\/\/www.ladiagonale.net\/index.php\/wp-json\/wp\/v2\/media?parent=13236"}],"wp:term":[{"taxonomy":"category","embeddable":true,"href":"https:\/\/www.ladiagonale.net\/index.php\/wp-json\/wp\/v2\/categories?post=13236"},{"taxonomy":"post_tag","embeddable":true,"href":"https:\/\/www.ladiagonale.net\/index.php\/wp-json\/wp\/v2\/tags?post=13236"}],"curies":[{"name":"wp","href":"https:\/\/api.w.org\/{rel}","templated":true}]}}