{"id":13250,"date":"2023-06-09T14:34:50","date_gmt":"2023-06-09T12:34:50","guid":{"rendered":"https:\/\/www.ladiagonale.net\/?p=13250"},"modified":"2023-06-09T14:34:53","modified_gmt":"2023-06-09T12:34:53","slug":"monaco-va-participer-a-lemirates-cup","status":"publish","type":"post","link":"https:\/\/www.ladiagonale.net\/index.php\/2023\/06\/09\/monaco-va-participer-a-lemirates-cup\/","title":{"rendered":"Monaco va participer \u00e0 l&rsquo;Emirates Cup"},"content":{"rendered":"\n\n\n<p>L&rsquo;AS Monaco va prendre part \u00e0 l&rsquo;<em>Emirates Cup<\/em>, le tournoi amical organis\u00e9 chaque ann\u00e9e par Arsenal \u00e0 l&rsquo;Emirates Stadium. Trois \u00e9quipes masculines sont invit\u00e9es pour participer \u00e0 cette comp\u00e9tition estivale et le club as\u00e9miste en fera partie cette ann\u00e9e, pour cette 12<sup>e<\/sup> \u00e9dition. Si tous les participants ne sont pas encore connus, les Rouge et Blanc savent d\u00e9j\u00e0 qu&rsquo;ils affronteront Arsenal le 2 ao\u00fbt prochain (19h heure fran\u00e7aise).<\/p>\n\n\n\n<p>Pour l&rsquo;ASM, il s&rsquo;agira de la deuxi\u00e8me participation \u00e0 l&rsquo;<em>Emirates Cup<\/em>, apr\u00e8s l&rsquo;\u00e9dition 2014. Les Mon\u00e9gasques avaient alors pris la troisi\u00e8me place, derri\u00e8re Valence et Arsenal, qu&rsquo;ils avaient notamment battus (1-0, le 3 ao\u00fbt 2014) gr\u00e2ce \u00e0 une r\u00e9alisation de Radamel Falcao.<\/p>\n","protected":false},"excerpt":{"rendered":"<p>L&rsquo;AS Monaco va prendre part \u00e0 l&rsquo;Emirates Cup, le tournoi amical organis\u00e9 chaque ann\u00e9e par Arsenal \u00e0 l&rsquo;Emirates Stadium. Trois \u00e9quipes masculines sont invit\u00e9es pour participer \u00e0 cette comp\u00e9tition estivale et le club as\u00e9miste en fera partie cette ann\u00e9e, pour cette 12e \u00e9dition. Si tous les participants ne sont pas encore connus, les Rouge et [&#8230;]\n","protected":false},"author":2,"featured_media":0,"comment_status":"open","ping_status":"open","sticky":false,"template":"","format":"standard","meta":[],"categories":[6],"tags":[329,558,86,557],"yoast_head":"<!-- This site is optimized with the Yoast SEO plugin v19.8 - https:\/\/yoast.com\/wordpress\/plugins\/seo\/ -->\n<title>Monaco va participer \u00e0 l&#039;Emirates Cup - La Diagonale<\/title>\n<meta name=\"robots\" content=\"index, follow, max-snippet:-1, max-image-preview:large, max-video-preview:-1\" \/>\n<link rel=\"canonical\" href=\"https:\/\/www.ladiagonale.net\/index.php\/2023\/06\/09\/monaco-va-participer-a-lemirates-cup\/\" \/>\n<meta property=\"og:locale\" content=\"fr_FR\" \/>\n<meta property=\"og:type\" content=\"article\" \/>\n<meta property=\"og:title\" content=\"Monaco va participer \u00e0 l&#039;Emirates Cup - La Diagonale\" \/>\n<meta property=\"og:description\" content=\"L&rsquo;AS Monaco va prendre part \u00e0 l&rsquo;Emirates Cup, le tournoi amical organis\u00e9 chaque ann\u00e9e par Arsenal \u00e0 l&rsquo;Emirates Stadium. Trois \u00e9quipes masculines sont invit\u00e9es pour participer \u00e0 cette comp\u00e9tition estivale et le club as\u00e9miste en fera partie cette ann\u00e9e, pour cette 12e \u00e9dition. Si tous les participants ne sont pas encore connus, les Rouge et [...]\" \/>\n<meta property=\"og:url\" content=\"https:\/\/www.ladiagonale.net\/index.php\/2023\/06\/09\/monaco-va-participer-a-lemirates-cup\/\" \/>\n<meta property=\"og:site_name\" content=\"La Diagonale\" \/>\n<meta property=\"article:published_time\" content=\"2023-06-09T12:34:50+00:00\" \/>\n<meta property=\"article:modified_time\" content=\"2023-06-09T12:34:53+00:00\" \/>\n<meta property=\"og:image\" content=\"https:\/\/www.ladiagonale.net\/wp-content\/uploads\/2023\/06\/emirates-cup.png\" \/>\n\t<meta property=\"og:image:width\" content=\"1160\" \/>\n\t<meta property=\"og:image:height\" content=\"650\" \/>\n\t<meta property=\"og:image:type\" content=\"image\/png\" \/>\n<meta name=\"author\" content=\"Damien Dellerba\" \/>\n<meta name=\"twitter:card\" content=\"summary_large_image\" \/>\n<meta name=\"twitter:image\" content=\"https:\/\/www.ladiagonale.net\/wp-content\/uploads\/2023\/06\/emirates-cup.png\" \/>\n<meta name=\"twitter:label1\" content=\"\u00c9crit par\" \/>\n\t<meta name=\"twitter:data1\" content=\"Damien Dellerba\" \/>\n\t<meta name=\"twitter:label2\" content=\"Dur\u00e9e de lecture estim\u00e9e\" \/>\n\t<meta name=\"twitter:data2\" content=\"1 minute\" \/>\n<script type=\"application\/ld+json\" class=\"yoast-schema-graph\">{\"@context\":\"https:\/\/schema.org\",\"@graph\":[{\"@type\":\"WebPage\",\"@id\":\"https:\/\/www.ladiagonale.net\/index.php\/2023\/06\/09\/monaco-va-participer-a-lemirates-cup\/\",\"url\":\"https:\/\/www.ladiagonale.net\/index.php\/2023\/06\/09\/monaco-va-participer-a-lemirates-cup\/\",\"name\":\"Monaco va participer \u00e0 l'Emirates Cup - La Diagonale\",\"isPartOf\":{\"@id\":\"https:\/\/www.ladiagonale.net\/#website\"},\"datePublished\":\"2023-06-09T12:34:50+00:00\",\"dateModified\":\"2023-06-09T12:34:53+00:00\",\"author\":{\"@id\":\"https:\/\/www.ladiagonale.net\/#\/schema\/person\/79ff1e7b0853ed01b2aa26e64ad300bf\"},\"breadcrumb\":{\"@id\":\"https:\/\/www.ladiagonale.net\/index.php\/2023\/06\/09\/monaco-va-participer-a-lemirates-cup\/#breadcrumb\"},\"inLanguage\":\"fr-FR\",\"potentialAction\":[{\"@type\":\"ReadAction\",\"target\":[\"https:\/\/www.ladiagonale.net\/index.php\/2023\/06\/09\/monaco-va-participer-a-lemirates-cup\/\"]}]},{\"@type\":\"BreadcrumbList\",\"@id\":\"https:\/\/www.ladiagonale.net\/index.php\/2023\/06\/09\/monaco-va-participer-a-lemirates-cup\/#breadcrumb\",\"itemListElement\":[{\"@type\":\"ListItem\",\"position\":1,\"name\":\"Accueil\",\"item\":\"https:\/\/www.ladiagonale.net\/\"},{\"@type\":\"ListItem\",\"position\":2,\"name\":\"Monaco va participer \u00e0 l&rsquo;Emirates Cup\"}]},{\"@type\":\"WebSite\",\"@id\":\"https:\/\/www.ladiagonale.net\/#website\",\"url\":\"https:\/\/www.ladiagonale.net\/\",\"name\":\"La Diagonale\",\"description\":\"Le site des supporters de l&#039;AS Monaco FC\",\"potentialAction\":[{\"@type\":\"SearchAction\",\"target\":{\"@type\":\"EntryPoint\",\"urlTemplate\":\"https:\/\/www.ladiagonale.net\/?s={search_term_string}\"},\"query-input\":\"required name=search_term_string\"}],\"inLanguage\":\"fr-FR\"},{\"@type\":\"Person\",\"@id\":\"https:\/\/www.ladiagonale.net\/#\/schema\/person\/79ff1e7b0853ed01b2aa26e64ad300bf\",\"name\":\"Damien Dellerba\",\"image\":{\"@type\":\"ImageObject\",\"inLanguage\":\"fr-FR\",\"@id\":\"https:\/\/www.ladiagonale.net\/#\/schema\/person\/image\/\",\"url\":\"https:\/\/secure.gravatar.com\/avatar\/c7850e06d3ff63cdbaee88b7fc16e2f0?s=96&d=mm&r=g\",\"contentUrl\":\"https:\/\/secure.gravatar.com\/avatar\/c7850e06d3ff63cdbaee88b7fc16e2f0?s=96&d=mm&r=g\",\"caption\":\"Damien Dellerba\"},\"url\":\"https:\/\/www.ladiagonale.net\/index.php\/author\/damien\/\"}]}<\/script>\n<!-- \/ Yoast SEO plugin. -->","yoast_head_json":{"title":"Monaco va participer \u00e0 l'Emirates Cup - La Diagonale","robots":{"index":"index","follow":"follow","max-snippet":"max-snippet:-1","max-image-preview":"max-image-preview:large","max-video-preview":"max-video-preview:-1"},"canonical":"https:\/\/www.ladiagonale.net\/index.php\/2023\/06\/09\/monaco-va-participer-a-lemirates-cup\/","og_locale":"fr_FR","og_type":"article","og_title":"Monaco va participer \u00e0 l'Emirates Cup - La Diagonale","og_description":"L&rsquo;AS Monaco va prendre part \u00e0 l&rsquo;Emirates Cup, le tournoi amical organis\u00e9 chaque ann\u00e9e par Arsenal \u00e0 l&rsquo;Emirates Stadium. Trois \u00e9quipes masculines sont invit\u00e9es pour participer \u00e0 cette comp\u00e9tition estivale et le club as\u00e9miste en fera partie cette ann\u00e9e, pour cette 12e \u00e9dition. Si tous les participants ne sont pas encore connus, les Rouge et [...]","og_url":"https:\/\/www.ladiagonale.net\/index.php\/2023\/06\/09\/monaco-va-participer-a-lemirates-cup\/","og_site_name":"La Diagonale","article_published_time":"2023-06-09T12:34:50+00:00","article_modified_time":"2023-06-09T12:34:53+00:00","og_image":[{"width":1160,"height":650,"url":"https:\/\/www.ladiagonale.net\/wp-content\/uploads\/2023\/06\/emirates-cup.png","type":"image\/png"}],"author":"Damien Dellerba","twitter_card":"summary_large_image","twitter_image":"https:\/\/www.ladiagonale.net\/wp-content\/uploads\/2023\/06\/emirates-cup.png","twitter_misc":{"\u00c9crit par":"Damien Dellerba","Dur\u00e9e de lecture estim\u00e9e":"1 minute"},"schema":{"@context":"https:\/\/schema.org","@graph":[{"@type":"WebPage","@id":"https:\/\/www.ladiagonale.net\/index.php\/2023\/06\/09\/monaco-va-participer-a-lemirates-cup\/","url":"https:\/\/www.ladiagonale.net\/index.php\/2023\/06\/09\/monaco-va-participer-a-lemirates-cup\/","name":"Monaco va participer \u00e0 l'Emirates Cup - La Diagonale","isPartOf":{"@id":"https:\/\/www.ladiagonale.net\/#website"},"datePublished":"2023-06-09T12:34:50+00:00","dateModified":"2023-06-09T12:34:53+00:00","author":{"@id":"https:\/\/www.ladiagonale.net\/#\/schema\/person\/79ff1e7b0853ed01b2aa26e64ad300bf"},"breadcrumb":{"@id":"https:\/\/www.ladiagonale.net\/index.php\/2023\/06\/09\/monaco-va-participer-a-lemirates-cup\/#breadcrumb"},"inLanguage":"fr-FR","potentialAction":[{"@type":"ReadAction","target":["https:\/\/www.ladiagonale.net\/index.php\/2023\/06\/09\/monaco-va-participer-a-lemirates-cup\/"]}]},{"@type":"BreadcrumbList","@id":"https:\/\/www.ladiagonale.net\/index.php\/2023\/06\/09\/monaco-va-participer-a-lemirates-cup\/#breadcrumb","itemListElement":[{"@type":"ListItem","position":1,"name":"Accueil","item":"https:\/\/www.ladiagonale.net\/"},{"@type":"ListItem","position":2,"name":"Monaco va participer \u00e0 l&rsquo;Emirates Cup"}]},{"@type":"WebSite","@id":"https:\/\/www.ladiagonale.net\/#website","url":"https:\/\/www.ladiagonale.net\/","name":"La Diagonale","description":"Le site des supporters de l&#039;AS Monaco FC","potentialAction":[{"@type":"SearchAction","target":{"@type":"EntryPoint","urlTemplate":"https:\/\/www.ladiagonale.net\/?s={search_term_string}"},"query-input":"required name=search_term_string"}],"inLanguage":"fr-FR"},{"@type":"Person","@id":"https:\/\/www.ladiagonale.net\/#\/schema\/person\/79ff1e7b0853ed01b2aa26e64ad300bf","name":"Damien Dellerba","image":{"@type":"ImageObject","inLanguage":"fr-FR","@id":"https:\/\/www.ladiagonale.net\/#\/schema\/person\/image\/","url":"https:\/\/secure.gravatar.com\/avatar\/c7850e06d3ff63cdbaee88b7fc16e2f0?s=96&d=mm&r=g","contentUrl":"https:\/\/secure.gravatar.com\/avatar\/c7850e06d3ff63cdbaee88b7fc16e2f0?s=96&d=mm&r=g","caption":"Damien Dellerba"},"url":"https:\/\/www.ladiagonale.net\/index.php\/author\/damien\/"}]}},"_links":{"self":[{"href":"https:\/\/www.ladiagonale.net\/index.php\/wp-json\/wp\/v2\/posts\/13250"}],"collection":[{"href":"https:\/\/www.ladiagonale.net\/index.php\/wp-json\/wp\/v2\/posts"}],"about":[{"href":"https:\/\/www.ladiagonale.net\/index.php\/wp-json\/wp\/v2\/types\/post"}],"author":[{"embeddable":true,"href":"https:\/\/www.ladiagonale.net\/index.php\/wp-json\/wp\/v2\/users\/2"}],"replies":[{"embeddable":true,"href":"https:\/\/www.ladiagonale.net\/index.php\/wp-json\/wp\/v2\/comments?post=13250"}],"version-history":[{"count":1,"href":"https:\/\/www.ladiagonale.net\/index.php\/wp-json\/wp\/v2\/posts\/13250\/revisions"}],"predecessor-version":[{"id":13253,"href":"https:\/\/www.ladiagonale.net\/index.php\/wp-json\/wp\/v2\/posts\/13250\/revisions\/13253"}],"wp:attachment":[{"href":"https:\/\/www.ladiagonale.net\/index.php\/wp-json\/wp\/v2\/media?parent=13250"}],"wp:term":[{"taxonomy":"category","embeddable":true,"href":"https:\/\/www.ladiagonale.net\/index.php\/wp-json\/wp\/v2\/categories?post=13250"},{"taxonomy":"post_tag","embeddable":true,"href":"https:\/\/www.ladiagonale.net\/index.php\/wp-json\/wp\/v2\/tags?post=13250"}],"curies":[{"name":"wp","href":"https:\/\/api.w.org\/{rel}","templated":true}]}}