{"id":13251,"date":"2023-06-09T14:46:59","date_gmt":"2023-06-09T12:46:59","guid":{"rendered":"https:\/\/www.ladiagonale.net\/?p=13251"},"modified":"2023-06-09T14:47:02","modified_gmt":"2023-06-09T12:47:02","slug":"un-match-amical-avec-le-cercle-bruges-programme","status":"publish","type":"post","link":"https:\/\/www.ladiagonale.net\/index.php\/2023\/06\/09\/un-match-amical-avec-le-cercle-bruges-programme\/","title":{"rendered":"Un match amical avec le Cercle Bruges programm\u00e9"},"content":{"rendered":"\n\n\n<p>Les contours de l&rsquo;effectif et du staff devront encore \u00eatre d\u00e9finis du c\u00f4t\u00e9 de l&rsquo;AS Monaco, mais l&rsquo;absence d&rsquo;entra\u00eeneur n&rsquo;a pas modifi\u00e9 les plans de la reprise tels qu&rsquo;ils avaient \u00e9t\u00e9 con\u00e7u avec Philippe Clement. Convoqu\u00e9s jusqu&rsquo;\u00e0 ce mercredi au Centre de Performance de La Turbie pour faire des footings avant d&rsquo;\u00eatre lib\u00e9r\u00e9s, les Rouge et Blanc feront leur retour \u00e0 l&rsquo;entra\u00eenement le 3 juillet.<\/p>\n\n\n\n<p>Si l&rsquo;ASM <a href=\"https:\/\/www.ladiagonale.net\/index.php\/2023\/06\/09\/monaco-va-participer-a-lemirates-cup\/\">participera \u00e0 l&rsquo;Emirates Cup en ao\u00fbt<\/a> et affrontera notamment Arsenal, un autre match amical a d\u00e9j\u00e0 \u00e9t\u00e9 organis\u00e9 par le club de la Principaut\u00e9. Sans surprise, Monaco affrontera son club satellite du Cercle Bruges, mais cette fois en Belgique. Ce match aura lieu le 15 juillet, \u00e0 l&rsquo;occasion du \u00ab <em>fan day<\/em> \u00bb des Vert et Noir, comme pr\u00e9cis\u00e9 par le club mon\u00e9gasque.<\/p>\n","protected":false},"excerpt":{"rendered":"<p>Les contours de l&rsquo;effectif et du staff devront encore \u00eatre d\u00e9finis du c\u00f4t\u00e9 de l&rsquo;AS Monaco, mais l&rsquo;absence d&rsquo;entra\u00eeneur n&rsquo;a pas modifi\u00e9 les plans de la reprise tels qu&rsquo;ils avaient \u00e9t\u00e9 con\u00e7u avec Philippe Clement. Convoqu\u00e9s jusqu&rsquo;\u00e0 ce mercredi au Centre de Performance de La Turbie pour faire des footings avant d&rsquo;\u00eatre lib\u00e9r\u00e9s, les Rouge [&#8230;]\n","protected":false},"author":2,"featured_media":0,"comment_status":"open","ping_status":"open","sticky":false,"template":"","format":"standard","meta":[],"categories":[6],"tags":[87,86,212],"yoast_head":"<!-- This site is optimized with the Yoast SEO plugin v19.8 - https:\/\/yoast.com\/wordpress\/plugins\/seo\/ -->\n<title>Un match amical avec le Cercle Bruges programm\u00e9 - La Diagonale<\/title>\n<meta name=\"robots\" content=\"index, follow, max-snippet:-1, max-image-preview:large, max-video-preview:-1\" \/>\n<link rel=\"canonical\" href=\"https:\/\/www.ladiagonale.net\/index.php\/2023\/06\/09\/un-match-amical-avec-le-cercle-bruges-programme\/\" \/>\n<meta property=\"og:locale\" content=\"fr_FR\" \/>\n<meta property=\"og:type\" content=\"article\" \/>\n<meta property=\"og:title\" content=\"Un match amical avec le Cercle Bruges programm\u00e9 - La Diagonale\" \/>\n<meta property=\"og:description\" content=\"Les contours de l&rsquo;effectif et du staff devront encore \u00eatre d\u00e9finis du c\u00f4t\u00e9 de l&rsquo;AS Monaco, mais l&rsquo;absence d&rsquo;entra\u00eeneur n&rsquo;a pas modifi\u00e9 les plans de la reprise tels qu&rsquo;ils avaient \u00e9t\u00e9 con\u00e7u avec Philippe Clement. Convoqu\u00e9s jusqu&rsquo;\u00e0 ce mercredi au Centre de Performance de La Turbie pour faire des footings avant d&rsquo;\u00eatre lib\u00e9r\u00e9s, les Rouge [...]\" \/>\n<meta property=\"og:url\" content=\"https:\/\/www.ladiagonale.net\/index.php\/2023\/06\/09\/un-match-amical-avec-le-cercle-bruges-programme\/\" \/>\n<meta property=\"og:site_name\" content=\"La Diagonale\" \/>\n<meta property=\"article:published_time\" content=\"2023-06-09T12:46:59+00:00\" \/>\n<meta property=\"article:modified_time\" content=\"2023-06-09T12:47:02+00:00\" \/>\n<meta property=\"og:image\" content=\"https:\/\/www.ladiagonale.net\/wp-content\/uploads\/2022\/06\/cercle.png\" \/>\n\t<meta property=\"og:image:width\" content=\"1160\" \/>\n\t<meta property=\"og:image:height\" content=\"650\" \/>\n\t<meta property=\"og:image:type\" content=\"image\/png\" \/>\n<meta name=\"author\" content=\"Damien Dellerba\" \/>\n<meta name=\"twitter:card\" content=\"summary_large_image\" \/>\n<meta name=\"twitter:image\" content=\"https:\/\/www.ladiagonale.net\/wp-content\/uploads\/2022\/06\/cercle.png\" \/>\n<meta name=\"twitter:label1\" content=\"\u00c9crit par\" \/>\n\t<meta name=\"twitter:data1\" content=\"Damien Dellerba\" \/>\n\t<meta name=\"twitter:label2\" content=\"Dur\u00e9e de lecture estim\u00e9e\" \/>\n\t<meta name=\"twitter:data2\" content=\"1 minute\" \/>\n<script type=\"application\/ld+json\" class=\"yoast-schema-graph\">{\"@context\":\"https:\/\/schema.org\",\"@graph\":[{\"@type\":\"WebPage\",\"@id\":\"https:\/\/www.ladiagonale.net\/index.php\/2023\/06\/09\/un-match-amical-avec-le-cercle-bruges-programme\/\",\"url\":\"https:\/\/www.ladiagonale.net\/index.php\/2023\/06\/09\/un-match-amical-avec-le-cercle-bruges-programme\/\",\"name\":\"Un match amical avec le Cercle Bruges programm\u00e9 - La Diagonale\",\"isPartOf\":{\"@id\":\"https:\/\/www.ladiagonale.net\/#website\"},\"datePublished\":\"2023-06-09T12:46:59+00:00\",\"dateModified\":\"2023-06-09T12:47:02+00:00\",\"author\":{\"@id\":\"https:\/\/www.ladiagonale.net\/#\/schema\/person\/79ff1e7b0853ed01b2aa26e64ad300bf\"},\"breadcrumb\":{\"@id\":\"https:\/\/www.ladiagonale.net\/index.php\/2023\/06\/09\/un-match-amical-avec-le-cercle-bruges-programme\/#breadcrumb\"},\"inLanguage\":\"fr-FR\",\"potentialAction\":[{\"@type\":\"ReadAction\",\"target\":[\"https:\/\/www.ladiagonale.net\/index.php\/2023\/06\/09\/un-match-amical-avec-le-cercle-bruges-programme\/\"]}]},{\"@type\":\"BreadcrumbList\",\"@id\":\"https:\/\/www.ladiagonale.net\/index.php\/2023\/06\/09\/un-match-amical-avec-le-cercle-bruges-programme\/#breadcrumb\",\"itemListElement\":[{\"@type\":\"ListItem\",\"position\":1,\"name\":\"Accueil\",\"item\":\"https:\/\/www.ladiagonale.net\/\"},{\"@type\":\"ListItem\",\"position\":2,\"name\":\"Un match amical avec le Cercle Bruges programm\u00e9\"}]},{\"@type\":\"WebSite\",\"@id\":\"https:\/\/www.ladiagonale.net\/#website\",\"url\":\"https:\/\/www.ladiagonale.net\/\",\"name\":\"La Diagonale\",\"description\":\"Le site des supporters de l&#039;AS Monaco FC\",\"potentialAction\":[{\"@type\":\"SearchAction\",\"target\":{\"@type\":\"EntryPoint\",\"urlTemplate\":\"https:\/\/www.ladiagonale.net\/?s={search_term_string}\"},\"query-input\":\"required name=search_term_string\"}],\"inLanguage\":\"fr-FR\"},{\"@type\":\"Person\",\"@id\":\"https:\/\/www.ladiagonale.net\/#\/schema\/person\/79ff1e7b0853ed01b2aa26e64ad300bf\",\"name\":\"Damien Dellerba\",\"image\":{\"@type\":\"ImageObject\",\"inLanguage\":\"fr-FR\",\"@id\":\"https:\/\/www.ladiagonale.net\/#\/schema\/person\/image\/\",\"url\":\"https:\/\/secure.gravatar.com\/avatar\/c7850e06d3ff63cdbaee88b7fc16e2f0?s=96&d=mm&r=g\",\"contentUrl\":\"https:\/\/secure.gravatar.com\/avatar\/c7850e06d3ff63cdbaee88b7fc16e2f0?s=96&d=mm&r=g\",\"caption\":\"Damien Dellerba\"},\"url\":\"https:\/\/www.ladiagonale.net\/index.php\/author\/damien\/\"}]}<\/script>\n<!-- \/ Yoast SEO plugin. -->","yoast_head_json":{"title":"Un match amical avec le Cercle Bruges programm\u00e9 - La Diagonale","robots":{"index":"index","follow":"follow","max-snippet":"max-snippet:-1","max-image-preview":"max-image-preview:large","max-video-preview":"max-video-preview:-1"},"canonical":"https:\/\/www.ladiagonale.net\/index.php\/2023\/06\/09\/un-match-amical-avec-le-cercle-bruges-programme\/","og_locale":"fr_FR","og_type":"article","og_title":"Un match amical avec le Cercle Bruges programm\u00e9 - La Diagonale","og_description":"Les contours de l&rsquo;effectif et du staff devront encore \u00eatre d\u00e9finis du c\u00f4t\u00e9 de l&rsquo;AS Monaco, mais l&rsquo;absence d&rsquo;entra\u00eeneur n&rsquo;a pas modifi\u00e9 les plans de la reprise tels qu&rsquo;ils avaient \u00e9t\u00e9 con\u00e7u avec Philippe Clement. Convoqu\u00e9s jusqu&rsquo;\u00e0 ce mercredi au Centre de Performance de La Turbie pour faire des footings avant d&rsquo;\u00eatre lib\u00e9r\u00e9s, les Rouge [...]","og_url":"https:\/\/www.ladiagonale.net\/index.php\/2023\/06\/09\/un-match-amical-avec-le-cercle-bruges-programme\/","og_site_name":"La Diagonale","article_published_time":"2023-06-09T12:46:59+00:00","article_modified_time":"2023-06-09T12:47:02+00:00","og_image":[{"width":1160,"height":650,"url":"https:\/\/www.ladiagonale.net\/wp-content\/uploads\/2022\/06\/cercle.png","type":"image\/png"}],"author":"Damien Dellerba","twitter_card":"summary_large_image","twitter_image":"https:\/\/www.ladiagonale.net\/wp-content\/uploads\/2022\/06\/cercle.png","twitter_misc":{"\u00c9crit par":"Damien Dellerba","Dur\u00e9e de lecture estim\u00e9e":"1 minute"},"schema":{"@context":"https:\/\/schema.org","@graph":[{"@type":"WebPage","@id":"https:\/\/www.ladiagonale.net\/index.php\/2023\/06\/09\/un-match-amical-avec-le-cercle-bruges-programme\/","url":"https:\/\/www.ladiagonale.net\/index.php\/2023\/06\/09\/un-match-amical-avec-le-cercle-bruges-programme\/","name":"Un match amical avec le Cercle Bruges programm\u00e9 - La Diagonale","isPartOf":{"@id":"https:\/\/www.ladiagonale.net\/#website"},"datePublished":"2023-06-09T12:46:59+00:00","dateModified":"2023-06-09T12:47:02+00:00","author":{"@id":"https:\/\/www.ladiagonale.net\/#\/schema\/person\/79ff1e7b0853ed01b2aa26e64ad300bf"},"breadcrumb":{"@id":"https:\/\/www.ladiagonale.net\/index.php\/2023\/06\/09\/un-match-amical-avec-le-cercle-bruges-programme\/#breadcrumb"},"inLanguage":"fr-FR","potentialAction":[{"@type":"ReadAction","target":["https:\/\/www.ladiagonale.net\/index.php\/2023\/06\/09\/un-match-amical-avec-le-cercle-bruges-programme\/"]}]},{"@type":"BreadcrumbList","@id":"https:\/\/www.ladiagonale.net\/index.php\/2023\/06\/09\/un-match-amical-avec-le-cercle-bruges-programme\/#breadcrumb","itemListElement":[{"@type":"ListItem","position":1,"name":"Accueil","item":"https:\/\/www.ladiagonale.net\/"},{"@type":"ListItem","position":2,"name":"Un match amical avec le Cercle Bruges programm\u00e9"}]},{"@type":"WebSite","@id":"https:\/\/www.ladiagonale.net\/#website","url":"https:\/\/www.ladiagonale.net\/","name":"La Diagonale","description":"Le site des supporters de l&#039;AS Monaco FC","potentialAction":[{"@type":"SearchAction","target":{"@type":"EntryPoint","urlTemplate":"https:\/\/www.ladiagonale.net\/?s={search_term_string}"},"query-input":"required name=search_term_string"}],"inLanguage":"fr-FR"},{"@type":"Person","@id":"https:\/\/www.ladiagonale.net\/#\/schema\/person\/79ff1e7b0853ed01b2aa26e64ad300bf","name":"Damien Dellerba","image":{"@type":"ImageObject","inLanguage":"fr-FR","@id":"https:\/\/www.ladiagonale.net\/#\/schema\/person\/image\/","url":"https:\/\/secure.gravatar.com\/avatar\/c7850e06d3ff63cdbaee88b7fc16e2f0?s=96&d=mm&r=g","contentUrl":"https:\/\/secure.gravatar.com\/avatar\/c7850e06d3ff63cdbaee88b7fc16e2f0?s=96&d=mm&r=g","caption":"Damien Dellerba"},"url":"https:\/\/www.ladiagonale.net\/index.php\/author\/damien\/"}]}},"_links":{"self":[{"href":"https:\/\/www.ladiagonale.net\/index.php\/wp-json\/wp\/v2\/posts\/13251"}],"collection":[{"href":"https:\/\/www.ladiagonale.net\/index.php\/wp-json\/wp\/v2\/posts"}],"about":[{"href":"https:\/\/www.ladiagonale.net\/index.php\/wp-json\/wp\/v2\/types\/post"}],"author":[{"embeddable":true,"href":"https:\/\/www.ladiagonale.net\/index.php\/wp-json\/wp\/v2\/users\/2"}],"replies":[{"embeddable":true,"href":"https:\/\/www.ladiagonale.net\/index.php\/wp-json\/wp\/v2\/comments?post=13251"}],"version-history":[{"count":1,"href":"https:\/\/www.ladiagonale.net\/index.php\/wp-json\/wp\/v2\/posts\/13251\/revisions"}],"predecessor-version":[{"id":13255,"href":"https:\/\/www.ladiagonale.net\/index.php\/wp-json\/wp\/v2\/posts\/13251\/revisions\/13255"}],"wp:attachment":[{"href":"https:\/\/www.ladiagonale.net\/index.php\/wp-json\/wp\/v2\/media?parent=13251"}],"wp:term":[{"taxonomy":"category","embeddable":true,"href":"https:\/\/www.ladiagonale.net\/index.php\/wp-json\/wp\/v2\/categories?post=13251"},{"taxonomy":"post_tag","embeddable":true,"href":"https:\/\/www.ladiagonale.net\/index.php\/wp-json\/wp\/v2\/tags?post=13251"}],"curies":[{"name":"wp","href":"https:\/\/api.w.org\/{rel}","templated":true}]}}