{"id":13305,"date":"2023-06-12T17:06:36","date_gmt":"2023-06-12T15:06:36","guid":{"rendered":"https:\/\/www.ladiagonale.net\/?p=13305"},"modified":"2023-06-12T17:06:54","modified_gmt":"2023-06-12T15:06:54","slug":"courtise-semedo-pourrait-etre-prete","status":"publish","type":"post","link":"https:\/\/www.ladiagonale.net\/index.php\/2023\/06\/12\/courtise-semedo-pourrait-etre-prete\/","title":{"rendered":"Courtis\u00e9, Semedo pourrait \u00eatre pr\u00eat\u00e9"},"content":{"rendered":"\n\n\n<p>Jordan Semedo Varela pourrait passer la saison prochaine en pr\u00eat annonce <em>Foot Mercato<\/em>. Le capitaine et lat\u00e9ral gauche du Groupe \u00c9lite, sous contrat avec l&rsquo;AS Monaco jusqu&rsquo;en juin 2025, ferait l&rsquo;objet de nombreux int\u00e9r\u00eats. Lorient et Brest en Ligue 1, Valenciennes, Grenoble, Sochaux et Guingamp en Ligue 2, seraient d\u00e9j\u00e0 venus aux renseignements pour obtenir un \u00e9ventuel pr\u00eat du joueur de 20 ans, qui a disput\u00e9 la Coupe du monde U20 en mai.<\/p>\n\n\n\n<p>Mais l&rsquo;international fran\u00e7ais U20 (11 s\u00e9lections) pourrait aller gagner du temps de jeu du c\u00f4t\u00e9 du Cercle Bruges la saison prochaine. D&rsquo;apr\u00e8s le m\u00e9dia sp\u00e9cialis\u00e9 dans les transferts, le club satellite de l&rsquo;ASM aurait d\u00e9j\u00e0 fait part de sa volont\u00e9 de le faire venir en Belgique pour une saison en pr\u00eat afin de remplacer son titulaire Olivier Deman, qui est sur le d\u00e9part. La saison prochaine, <a href=\"https:\/\/www.ladiagonale.net\/index.php\/2023\/05\/26\/quatre-joueurs-devraient-rejoindre-le-cercle-bruges\/\">quatre joueurs devraient rejoindre le 6<sup>e<\/sup> de <em>Jupiler Pro League<\/em><\/a> et Semedo Varela pourrait donc \u00eatre l&rsquo;un d&rsquo;eux. <\/p>\n","protected":false},"excerpt":{"rendered":"<p>Jordan Semedo Varela pourrait passer la saison prochaine en pr\u00eat annonce Foot Mercato. Le capitaine et lat\u00e9ral gauche du Groupe \u00c9lite, sous contrat avec l&rsquo;AS Monaco jusqu&rsquo;en juin 2025, ferait l&rsquo;objet de nombreux int\u00e9r\u00eats. Lorient et Brest en Ligue 1, Valenciennes, Grenoble, Sochaux et Guingamp en Ligue 2, seraient d\u00e9j\u00e0 venus aux renseignements pour obtenir [&#8230;]\n","protected":false},"author":2,"featured_media":0,"comment_status":"open","ping_status":"open","sticky":false,"template":"","format":"standard","meta":[],"categories":[6],"tags":[76,86,457],"yoast_head":"<!-- This site is optimized with the Yoast SEO plugin v19.8 - https:\/\/yoast.com\/wordpress\/plugins\/seo\/ -->\n<title>Courtis\u00e9, Semedo pourrait \u00eatre pr\u00eat\u00e9 - La Diagonale<\/title>\n<meta name=\"robots\" content=\"index, follow, max-snippet:-1, max-image-preview:large, max-video-preview:-1\" \/>\n<link rel=\"canonical\" href=\"https:\/\/www.ladiagonale.net\/index.php\/2023\/06\/12\/courtise-semedo-pourrait-etre-prete\/\" \/>\n<meta property=\"og:locale\" content=\"fr_FR\" \/>\n<meta property=\"og:type\" content=\"article\" \/>\n<meta property=\"og:title\" content=\"Courtis\u00e9, Semedo pourrait \u00eatre pr\u00eat\u00e9 - La Diagonale\" \/>\n<meta property=\"og:description\" content=\"Jordan Semedo Varela pourrait passer la saison prochaine en pr\u00eat annonce Foot Mercato. Le capitaine et lat\u00e9ral gauche du Groupe \u00c9lite, sous contrat avec l&rsquo;AS Monaco jusqu&rsquo;en juin 2025, ferait l&rsquo;objet de nombreux int\u00e9r\u00eats. Lorient et Brest en Ligue 1, Valenciennes, Grenoble, Sochaux et Guingamp en Ligue 2, seraient d\u00e9j\u00e0 venus aux renseignements pour obtenir [...]\" \/>\n<meta property=\"og:url\" content=\"https:\/\/www.ladiagonale.net\/index.php\/2023\/06\/12\/courtise-semedo-pourrait-etre-prete\/\" \/>\n<meta property=\"og:site_name\" content=\"La Diagonale\" \/>\n<meta property=\"article:published_time\" content=\"2023-06-12T15:06:36+00:00\" \/>\n<meta property=\"article:modified_time\" content=\"2023-06-12T15:06:54+00:00\" \/>\n<meta property=\"og:image\" content=\"https:\/\/www.ladiagonale.net\/wp-content\/uploads\/2023\/06\/semedo.png\" \/>\n\t<meta property=\"og:image:width\" content=\"1160\" \/>\n\t<meta property=\"og:image:height\" content=\"650\" \/>\n\t<meta property=\"og:image:type\" content=\"image\/png\" \/>\n<meta name=\"author\" content=\"Damien Dellerba\" \/>\n<meta name=\"twitter:card\" content=\"summary_large_image\" \/>\n<meta name=\"twitter:image\" content=\"https:\/\/www.ladiagonale.net\/wp-content\/uploads\/2023\/06\/semedo.png\" \/>\n<meta name=\"twitter:label1\" content=\"\u00c9crit par\" \/>\n\t<meta name=\"twitter:data1\" content=\"Damien Dellerba\" \/>\n\t<meta name=\"twitter:label2\" content=\"Dur\u00e9e de lecture estim\u00e9e\" \/>\n\t<meta name=\"twitter:data2\" content=\"1 minute\" \/>\n<script type=\"application\/ld+json\" class=\"yoast-schema-graph\">{\"@context\":\"https:\/\/schema.org\",\"@graph\":[{\"@type\":\"WebPage\",\"@id\":\"https:\/\/www.ladiagonale.net\/index.php\/2023\/06\/12\/courtise-semedo-pourrait-etre-prete\/\",\"url\":\"https:\/\/www.ladiagonale.net\/index.php\/2023\/06\/12\/courtise-semedo-pourrait-etre-prete\/\",\"name\":\"Courtis\u00e9, Semedo pourrait \u00eatre pr\u00eat\u00e9 - La Diagonale\",\"isPartOf\":{\"@id\":\"https:\/\/www.ladiagonale.net\/#website\"},\"datePublished\":\"2023-06-12T15:06:36+00:00\",\"dateModified\":\"2023-06-12T15:06:54+00:00\",\"author\":{\"@id\":\"https:\/\/www.ladiagonale.net\/#\/schema\/person\/79ff1e7b0853ed01b2aa26e64ad300bf\"},\"breadcrumb\":{\"@id\":\"https:\/\/www.ladiagonale.net\/index.php\/2023\/06\/12\/courtise-semedo-pourrait-etre-prete\/#breadcrumb\"},\"inLanguage\":\"fr-FR\",\"potentialAction\":[{\"@type\":\"ReadAction\",\"target\":[\"https:\/\/www.ladiagonale.net\/index.php\/2023\/06\/12\/courtise-semedo-pourrait-etre-prete\/\"]}]},{\"@type\":\"BreadcrumbList\",\"@id\":\"https:\/\/www.ladiagonale.net\/index.php\/2023\/06\/12\/courtise-semedo-pourrait-etre-prete\/#breadcrumb\",\"itemListElement\":[{\"@type\":\"ListItem\",\"position\":1,\"name\":\"Accueil\",\"item\":\"https:\/\/www.ladiagonale.net\/\"},{\"@type\":\"ListItem\",\"position\":2,\"name\":\"Courtis\u00e9, Semedo pourrait \u00eatre pr\u00eat\u00e9\"}]},{\"@type\":\"WebSite\",\"@id\":\"https:\/\/www.ladiagonale.net\/#website\",\"url\":\"https:\/\/www.ladiagonale.net\/\",\"name\":\"La Diagonale\",\"description\":\"Le site des supporters de l&#039;AS Monaco FC\",\"potentialAction\":[{\"@type\":\"SearchAction\",\"target\":{\"@type\":\"EntryPoint\",\"urlTemplate\":\"https:\/\/www.ladiagonale.net\/?s={search_term_string}\"},\"query-input\":\"required name=search_term_string\"}],\"inLanguage\":\"fr-FR\"},{\"@type\":\"Person\",\"@id\":\"https:\/\/www.ladiagonale.net\/#\/schema\/person\/79ff1e7b0853ed01b2aa26e64ad300bf\",\"name\":\"Damien Dellerba\",\"image\":{\"@type\":\"ImageObject\",\"inLanguage\":\"fr-FR\",\"@id\":\"https:\/\/www.ladiagonale.net\/#\/schema\/person\/image\/\",\"url\":\"https:\/\/secure.gravatar.com\/avatar\/c7850e06d3ff63cdbaee88b7fc16e2f0?s=96&d=mm&r=g\",\"contentUrl\":\"https:\/\/secure.gravatar.com\/avatar\/c7850e06d3ff63cdbaee88b7fc16e2f0?s=96&d=mm&r=g\",\"caption\":\"Damien Dellerba\"},\"url\":\"https:\/\/www.ladiagonale.net\/index.php\/author\/damien\/\"}]}<\/script>\n<!-- \/ Yoast SEO plugin. -->","yoast_head_json":{"title":"Courtis\u00e9, Semedo pourrait \u00eatre pr\u00eat\u00e9 - La Diagonale","robots":{"index":"index","follow":"follow","max-snippet":"max-snippet:-1","max-image-preview":"max-image-preview:large","max-video-preview":"max-video-preview:-1"},"canonical":"https:\/\/www.ladiagonale.net\/index.php\/2023\/06\/12\/courtise-semedo-pourrait-etre-prete\/","og_locale":"fr_FR","og_type":"article","og_title":"Courtis\u00e9, Semedo pourrait \u00eatre pr\u00eat\u00e9 - La Diagonale","og_description":"Jordan Semedo Varela pourrait passer la saison prochaine en pr\u00eat annonce Foot Mercato. Le capitaine et lat\u00e9ral gauche du Groupe \u00c9lite, sous contrat avec l&rsquo;AS Monaco jusqu&rsquo;en juin 2025, ferait l&rsquo;objet de nombreux int\u00e9r\u00eats. Lorient et Brest en Ligue 1, Valenciennes, Grenoble, Sochaux et Guingamp en Ligue 2, seraient d\u00e9j\u00e0 venus aux renseignements pour obtenir [...]","og_url":"https:\/\/www.ladiagonale.net\/index.php\/2023\/06\/12\/courtise-semedo-pourrait-etre-prete\/","og_site_name":"La Diagonale","article_published_time":"2023-06-12T15:06:36+00:00","article_modified_time":"2023-06-12T15:06:54+00:00","og_image":[{"width":1160,"height":650,"url":"https:\/\/www.ladiagonale.net\/wp-content\/uploads\/2023\/06\/semedo.png","type":"image\/png"}],"author":"Damien Dellerba","twitter_card":"summary_large_image","twitter_image":"https:\/\/www.ladiagonale.net\/wp-content\/uploads\/2023\/06\/semedo.png","twitter_misc":{"\u00c9crit par":"Damien Dellerba","Dur\u00e9e de lecture estim\u00e9e":"1 minute"},"schema":{"@context":"https:\/\/schema.org","@graph":[{"@type":"WebPage","@id":"https:\/\/www.ladiagonale.net\/index.php\/2023\/06\/12\/courtise-semedo-pourrait-etre-prete\/","url":"https:\/\/www.ladiagonale.net\/index.php\/2023\/06\/12\/courtise-semedo-pourrait-etre-prete\/","name":"Courtis\u00e9, Semedo pourrait \u00eatre pr\u00eat\u00e9 - La Diagonale","isPartOf":{"@id":"https:\/\/www.ladiagonale.net\/#website"},"datePublished":"2023-06-12T15:06:36+00:00","dateModified":"2023-06-12T15:06:54+00:00","author":{"@id":"https:\/\/www.ladiagonale.net\/#\/schema\/person\/79ff1e7b0853ed01b2aa26e64ad300bf"},"breadcrumb":{"@id":"https:\/\/www.ladiagonale.net\/index.php\/2023\/06\/12\/courtise-semedo-pourrait-etre-prete\/#breadcrumb"},"inLanguage":"fr-FR","potentialAction":[{"@type":"ReadAction","target":["https:\/\/www.ladiagonale.net\/index.php\/2023\/06\/12\/courtise-semedo-pourrait-etre-prete\/"]}]},{"@type":"BreadcrumbList","@id":"https:\/\/www.ladiagonale.net\/index.php\/2023\/06\/12\/courtise-semedo-pourrait-etre-prete\/#breadcrumb","itemListElement":[{"@type":"ListItem","position":1,"name":"Accueil","item":"https:\/\/www.ladiagonale.net\/"},{"@type":"ListItem","position":2,"name":"Courtis\u00e9, Semedo pourrait \u00eatre pr\u00eat\u00e9"}]},{"@type":"WebSite","@id":"https:\/\/www.ladiagonale.net\/#website","url":"https:\/\/www.ladiagonale.net\/","name":"La Diagonale","description":"Le site des supporters de l&#039;AS Monaco FC","potentialAction":[{"@type":"SearchAction","target":{"@type":"EntryPoint","urlTemplate":"https:\/\/www.ladiagonale.net\/?s={search_term_string}"},"query-input":"required name=search_term_string"}],"inLanguage":"fr-FR"},{"@type":"Person","@id":"https:\/\/www.ladiagonale.net\/#\/schema\/person\/79ff1e7b0853ed01b2aa26e64ad300bf","name":"Damien Dellerba","image":{"@type":"ImageObject","inLanguage":"fr-FR","@id":"https:\/\/www.ladiagonale.net\/#\/schema\/person\/image\/","url":"https:\/\/secure.gravatar.com\/avatar\/c7850e06d3ff63cdbaee88b7fc16e2f0?s=96&d=mm&r=g","contentUrl":"https:\/\/secure.gravatar.com\/avatar\/c7850e06d3ff63cdbaee88b7fc16e2f0?s=96&d=mm&r=g","caption":"Damien Dellerba"},"url":"https:\/\/www.ladiagonale.net\/index.php\/author\/damien\/"}]}},"_links":{"self":[{"href":"https:\/\/www.ladiagonale.net\/index.php\/wp-json\/wp\/v2\/posts\/13305"}],"collection":[{"href":"https:\/\/www.ladiagonale.net\/index.php\/wp-json\/wp\/v2\/posts"}],"about":[{"href":"https:\/\/www.ladiagonale.net\/index.php\/wp-json\/wp\/v2\/types\/post"}],"author":[{"embeddable":true,"href":"https:\/\/www.ladiagonale.net\/index.php\/wp-json\/wp\/v2\/users\/2"}],"replies":[{"embeddable":true,"href":"https:\/\/www.ladiagonale.net\/index.php\/wp-json\/wp\/v2\/comments?post=13305"}],"version-history":[{"count":1,"href":"https:\/\/www.ladiagonale.net\/index.php\/wp-json\/wp\/v2\/posts\/13305\/revisions"}],"predecessor-version":[{"id":13307,"href":"https:\/\/www.ladiagonale.net\/index.php\/wp-json\/wp\/v2\/posts\/13305\/revisions\/13307"}],"wp:attachment":[{"href":"https:\/\/www.ladiagonale.net\/index.php\/wp-json\/wp\/v2\/media?parent=13305"}],"wp:term":[{"taxonomy":"category","embeddable":true,"href":"https:\/\/www.ladiagonale.net\/index.php\/wp-json\/wp\/v2\/categories?post=13305"},{"taxonomy":"post_tag","embeddable":true,"href":"https:\/\/www.ladiagonale.net\/index.php\/wp-json\/wp\/v2\/tags?post=13305"}],"curies":[{"name":"wp","href":"https:\/\/api.w.org\/{rel}","templated":true}]}}