{"id":13308,"date":"2023-06-12T17:18:34","date_gmt":"2023-06-12T15:18:34","guid":{"rendered":"https:\/\/www.ladiagonale.net\/?p=13308"},"modified":"2023-06-12T17:18:36","modified_gmt":"2023-06-12T15:18:36","slug":"camara-convoque-avec-le-mali","status":"publish","type":"post","link":"https:\/\/www.ladiagonale.net\/index.php\/2023\/06\/12\/camara-convoque-avec-le-mali\/","title":{"rendered":"Camara convoqu\u00e9 avec le Mali"},"content":{"rendered":"\n\n\n<p>Mohamed Camara va prendre part au prochain rassemblement du Mali. Le milieu de terrain de l&rsquo;AS Monaco a \u00e9t\u00e9 convoqu\u00e9 par Eric Sekou Chelle pour disputer la seule rencontre internationale de la s\u00e9lection malienne en ce mois de juin, face au Congo le 18 juin (18h). Une rencontre importante dans le cadre des \u00e9liminatoires pour la CAN 2023 et qui peut permettre au Mali de valider son ticket pour de bon.<\/p>\n\n\n\n<p>Pour l&rsquo;heure, les <em>Aigles <\/em>occupent la t\u00eate du groupe G avec neuf points. Un seul point suffirait au Mali pour obtenir sa qualification pour la prochaine Coupe d&rsquo;Afrique des Nations.<\/p>\n","protected":false},"excerpt":{"rendered":"<p>Mohamed Camara va prendre part au prochain rassemblement du Mali. Le milieu de terrain de l&rsquo;AS Monaco a \u00e9t\u00e9 convoqu\u00e9 par Eric Sekou Chelle pour disputer la seule rencontre internationale de la s\u00e9lection malienne en ce mois de juin, face au Congo le 18 juin (18h). Une rencontre importante dans le cadre des \u00e9liminatoires pour [&#8230;]\n","protected":false},"author":2,"featured_media":0,"comment_status":"open","ping_status":"open","sticky":false,"template":"","format":"standard","meta":[],"categories":[6],"tags":[86,144,143,116],"yoast_head":"<!-- This site is optimized with the Yoast SEO plugin v19.8 - https:\/\/yoast.com\/wordpress\/plugins\/seo\/ -->\n<title>Camara convoqu\u00e9 avec le Mali - La Diagonale<\/title>\n<meta name=\"robots\" content=\"index, follow, max-snippet:-1, max-image-preview:large, max-video-preview:-1\" \/>\n<link rel=\"canonical\" href=\"https:\/\/www.ladiagonale.net\/index.php\/2023\/06\/12\/camara-convoque-avec-le-mali\/\" \/>\n<meta property=\"og:locale\" content=\"fr_FR\" \/>\n<meta property=\"og:type\" content=\"article\" \/>\n<meta property=\"og:title\" content=\"Camara convoqu\u00e9 avec le Mali - La Diagonale\" \/>\n<meta property=\"og:description\" content=\"Mohamed Camara va prendre part au prochain rassemblement du Mali. Le milieu de terrain de l&rsquo;AS Monaco a \u00e9t\u00e9 convoqu\u00e9 par Eric Sekou Chelle pour disputer la seule rencontre internationale de la s\u00e9lection malienne en ce mois de juin, face au Congo le 18 juin (18h). Une rencontre importante dans le cadre des \u00e9liminatoires pour [...]\" \/>\n<meta property=\"og:url\" content=\"https:\/\/www.ladiagonale.net\/index.php\/2023\/06\/12\/camara-convoque-avec-le-mali\/\" \/>\n<meta property=\"og:site_name\" content=\"La Diagonale\" \/>\n<meta property=\"article:published_time\" content=\"2023-06-12T15:18:34+00:00\" \/>\n<meta property=\"article:modified_time\" content=\"2023-06-12T15:18:36+00:00\" \/>\n<meta property=\"og:image\" content=\"https:\/\/www.ladiagonale.net\/wp-content\/uploads\/2023\/03\/camara-mali.png\" \/>\n\t<meta property=\"og:image:width\" content=\"1160\" \/>\n\t<meta property=\"og:image:height\" content=\"650\" \/>\n\t<meta property=\"og:image:type\" content=\"image\/png\" \/>\n<meta name=\"author\" content=\"Damien Dellerba\" \/>\n<meta name=\"twitter:card\" content=\"summary_large_image\" \/>\n<meta name=\"twitter:image\" content=\"https:\/\/www.ladiagonale.net\/wp-content\/uploads\/2023\/03\/camara-mali.png\" \/>\n<meta name=\"twitter:label1\" content=\"\u00c9crit par\" \/>\n\t<meta name=\"twitter:data1\" content=\"Damien Dellerba\" \/>\n\t<meta name=\"twitter:label2\" content=\"Dur\u00e9e de lecture estim\u00e9e\" \/>\n\t<meta name=\"twitter:data2\" content=\"1 minute\" \/>\n<script type=\"application\/ld+json\" class=\"yoast-schema-graph\">{\"@context\":\"https:\/\/schema.org\",\"@graph\":[{\"@type\":\"WebPage\",\"@id\":\"https:\/\/www.ladiagonale.net\/index.php\/2023\/06\/12\/camara-convoque-avec-le-mali\/\",\"url\":\"https:\/\/www.ladiagonale.net\/index.php\/2023\/06\/12\/camara-convoque-avec-le-mali\/\",\"name\":\"Camara convoqu\u00e9 avec le Mali - La Diagonale\",\"isPartOf\":{\"@id\":\"https:\/\/www.ladiagonale.net\/#website\"},\"datePublished\":\"2023-06-12T15:18:34+00:00\",\"dateModified\":\"2023-06-12T15:18:36+00:00\",\"author\":{\"@id\":\"https:\/\/www.ladiagonale.net\/#\/schema\/person\/79ff1e7b0853ed01b2aa26e64ad300bf\"},\"breadcrumb\":{\"@id\":\"https:\/\/www.ladiagonale.net\/index.php\/2023\/06\/12\/camara-convoque-avec-le-mali\/#breadcrumb\"},\"inLanguage\":\"fr-FR\",\"potentialAction\":[{\"@type\":\"ReadAction\",\"target\":[\"https:\/\/www.ladiagonale.net\/index.php\/2023\/06\/12\/camara-convoque-avec-le-mali\/\"]}]},{\"@type\":\"BreadcrumbList\",\"@id\":\"https:\/\/www.ladiagonale.net\/index.php\/2023\/06\/12\/camara-convoque-avec-le-mali\/#breadcrumb\",\"itemListElement\":[{\"@type\":\"ListItem\",\"position\":1,\"name\":\"Accueil\",\"item\":\"https:\/\/www.ladiagonale.net\/\"},{\"@type\":\"ListItem\",\"position\":2,\"name\":\"Camara convoqu\u00e9 avec le Mali\"}]},{\"@type\":\"WebSite\",\"@id\":\"https:\/\/www.ladiagonale.net\/#website\",\"url\":\"https:\/\/www.ladiagonale.net\/\",\"name\":\"La Diagonale\",\"description\":\"Le site des supporters de l&#039;AS Monaco FC\",\"potentialAction\":[{\"@type\":\"SearchAction\",\"target\":{\"@type\":\"EntryPoint\",\"urlTemplate\":\"https:\/\/www.ladiagonale.net\/?s={search_term_string}\"},\"query-input\":\"required name=search_term_string\"}],\"inLanguage\":\"fr-FR\"},{\"@type\":\"Person\",\"@id\":\"https:\/\/www.ladiagonale.net\/#\/schema\/person\/79ff1e7b0853ed01b2aa26e64ad300bf\",\"name\":\"Damien Dellerba\",\"image\":{\"@type\":\"ImageObject\",\"inLanguage\":\"fr-FR\",\"@id\":\"https:\/\/www.ladiagonale.net\/#\/schema\/person\/image\/\",\"url\":\"https:\/\/secure.gravatar.com\/avatar\/c7850e06d3ff63cdbaee88b7fc16e2f0?s=96&d=mm&r=g\",\"contentUrl\":\"https:\/\/secure.gravatar.com\/avatar\/c7850e06d3ff63cdbaee88b7fc16e2f0?s=96&d=mm&r=g\",\"caption\":\"Damien Dellerba\"},\"url\":\"https:\/\/www.ladiagonale.net\/index.php\/author\/damien\/\"}]}<\/script>\n<!-- \/ Yoast SEO plugin. -->","yoast_head_json":{"title":"Camara convoqu\u00e9 avec le Mali - La Diagonale","robots":{"index":"index","follow":"follow","max-snippet":"max-snippet:-1","max-image-preview":"max-image-preview:large","max-video-preview":"max-video-preview:-1"},"canonical":"https:\/\/www.ladiagonale.net\/index.php\/2023\/06\/12\/camara-convoque-avec-le-mali\/","og_locale":"fr_FR","og_type":"article","og_title":"Camara convoqu\u00e9 avec le Mali - La Diagonale","og_description":"Mohamed Camara va prendre part au prochain rassemblement du Mali. Le milieu de terrain de l&rsquo;AS Monaco a \u00e9t\u00e9 convoqu\u00e9 par Eric Sekou Chelle pour disputer la seule rencontre internationale de la s\u00e9lection malienne en ce mois de juin, face au Congo le 18 juin (18h). Une rencontre importante dans le cadre des \u00e9liminatoires pour [...]","og_url":"https:\/\/www.ladiagonale.net\/index.php\/2023\/06\/12\/camara-convoque-avec-le-mali\/","og_site_name":"La Diagonale","article_published_time":"2023-06-12T15:18:34+00:00","article_modified_time":"2023-06-12T15:18:36+00:00","og_image":[{"width":1160,"height":650,"url":"https:\/\/www.ladiagonale.net\/wp-content\/uploads\/2023\/03\/camara-mali.png","type":"image\/png"}],"author":"Damien Dellerba","twitter_card":"summary_large_image","twitter_image":"https:\/\/www.ladiagonale.net\/wp-content\/uploads\/2023\/03\/camara-mali.png","twitter_misc":{"\u00c9crit par":"Damien Dellerba","Dur\u00e9e de lecture estim\u00e9e":"1 minute"},"schema":{"@context":"https:\/\/schema.org","@graph":[{"@type":"WebPage","@id":"https:\/\/www.ladiagonale.net\/index.php\/2023\/06\/12\/camara-convoque-avec-le-mali\/","url":"https:\/\/www.ladiagonale.net\/index.php\/2023\/06\/12\/camara-convoque-avec-le-mali\/","name":"Camara convoqu\u00e9 avec le Mali - La Diagonale","isPartOf":{"@id":"https:\/\/www.ladiagonale.net\/#website"},"datePublished":"2023-06-12T15:18:34+00:00","dateModified":"2023-06-12T15:18:36+00:00","author":{"@id":"https:\/\/www.ladiagonale.net\/#\/schema\/person\/79ff1e7b0853ed01b2aa26e64ad300bf"},"breadcrumb":{"@id":"https:\/\/www.ladiagonale.net\/index.php\/2023\/06\/12\/camara-convoque-avec-le-mali\/#breadcrumb"},"inLanguage":"fr-FR","potentialAction":[{"@type":"ReadAction","target":["https:\/\/www.ladiagonale.net\/index.php\/2023\/06\/12\/camara-convoque-avec-le-mali\/"]}]},{"@type":"BreadcrumbList","@id":"https:\/\/www.ladiagonale.net\/index.php\/2023\/06\/12\/camara-convoque-avec-le-mali\/#breadcrumb","itemListElement":[{"@type":"ListItem","position":1,"name":"Accueil","item":"https:\/\/www.ladiagonale.net\/"},{"@type":"ListItem","position":2,"name":"Camara convoqu\u00e9 avec le Mali"}]},{"@type":"WebSite","@id":"https:\/\/www.ladiagonale.net\/#website","url":"https:\/\/www.ladiagonale.net\/","name":"La Diagonale","description":"Le site des supporters de l&#039;AS Monaco FC","potentialAction":[{"@type":"SearchAction","target":{"@type":"EntryPoint","urlTemplate":"https:\/\/www.ladiagonale.net\/?s={search_term_string}"},"query-input":"required name=search_term_string"}],"inLanguage":"fr-FR"},{"@type":"Person","@id":"https:\/\/www.ladiagonale.net\/#\/schema\/person\/79ff1e7b0853ed01b2aa26e64ad300bf","name":"Damien Dellerba","image":{"@type":"ImageObject","inLanguage":"fr-FR","@id":"https:\/\/www.ladiagonale.net\/#\/schema\/person\/image\/","url":"https:\/\/secure.gravatar.com\/avatar\/c7850e06d3ff63cdbaee88b7fc16e2f0?s=96&d=mm&r=g","contentUrl":"https:\/\/secure.gravatar.com\/avatar\/c7850e06d3ff63cdbaee88b7fc16e2f0?s=96&d=mm&r=g","caption":"Damien Dellerba"},"url":"https:\/\/www.ladiagonale.net\/index.php\/author\/damien\/"}]}},"_links":{"self":[{"href":"https:\/\/www.ladiagonale.net\/index.php\/wp-json\/wp\/v2\/posts\/13308"}],"collection":[{"href":"https:\/\/www.ladiagonale.net\/index.php\/wp-json\/wp\/v2\/posts"}],"about":[{"href":"https:\/\/www.ladiagonale.net\/index.php\/wp-json\/wp\/v2\/types\/post"}],"author":[{"embeddable":true,"href":"https:\/\/www.ladiagonale.net\/index.php\/wp-json\/wp\/v2\/users\/2"}],"replies":[{"embeddable":true,"href":"https:\/\/www.ladiagonale.net\/index.php\/wp-json\/wp\/v2\/comments?post=13308"}],"version-history":[{"count":1,"href":"https:\/\/www.ladiagonale.net\/index.php\/wp-json\/wp\/v2\/posts\/13308\/revisions"}],"predecessor-version":[{"id":13309,"href":"https:\/\/www.ladiagonale.net\/index.php\/wp-json\/wp\/v2\/posts\/13308\/revisions\/13309"}],"wp:attachment":[{"href":"https:\/\/www.ladiagonale.net\/index.php\/wp-json\/wp\/v2\/media?parent=13308"}],"wp:term":[{"taxonomy":"category","embeddable":true,"href":"https:\/\/www.ladiagonale.net\/index.php\/wp-json\/wp\/v2\/categories?post=13308"},{"taxonomy":"post_tag","embeddable":true,"href":"https:\/\/www.ladiagonale.net\/index.php\/wp-json\/wp\/v2\/tags?post=13308"}],"curies":[{"name":"wp","href":"https:\/\/api.w.org\/{rel}","templated":true}]}}