{"id":13363,"date":"2023-06-16T01:01:32","date_gmt":"2023-06-15T23:01:32","guid":{"rendered":"https:\/\/www.ladiagonale.net\/?p=13363"},"modified":"2023-06-16T01:01:35","modified_gmt":"2023-06-15T23:01:35","slug":"une-bonne-preparation-pour-matazo-et-la-belgique-avant-leuro-espoirs","status":"publish","type":"post","link":"https:\/\/www.ladiagonale.net\/index.php\/2023\/06\/16\/une-bonne-preparation-pour-matazo-et-la-belgique-avant-leuro-espoirs\/","title":{"rendered":"Une bonne pr\u00e9paration pour Matazo et la Belgique avant l&rsquo;Euro Espoirs"},"content":{"rendered":"\n\n\n<p>Ce jeudi, les Espoirs de la Belgique, avec lesquels \u00e9volue Eliot Matazo, ont pr\u00e9par\u00e9 leur prochaine participation \u00e0 l&rsquo;Euro U21 de la meilleure des fa\u00e7ons, en s&rsquo;imposant lors d&rsquo;un match amical contre Isra\u00ebl (2-0). Le milieu de terrain de l&rsquo;AS Monaco \u00e9tait titulaire dans le c\u0153ur du jeu et a disput\u00e9 l&rsquo;int\u00e9gralit\u00e9 de la rencontre en affichant un bon niveau.<\/p>\n\n\n\n<p>Les choses s\u00e9rieuses d\u00e9buteront dans quelques jours pour les <em>Diablotins<\/em>, qui affronteront les Pays-Bas le 21 juin (18h) pour leur premi\u00e8re rencontre du championnat d&rsquo;Europe Espoirs. Matazo et ses co\u00e9quipiers affronteront ensuite un des deux pays h\u00f4tes, la G\u00e9orgie, le 24 juin (18h) avant d&rsquo;achever la phase de groupes par un match contre le Portugal le 27 mai (18h).<\/p>\n","protected":false},"excerpt":{"rendered":"<p>Ce jeudi, les Espoirs de la Belgique, avec lesquels \u00e9volue Eliot Matazo, ont pr\u00e9par\u00e9 leur prochaine participation \u00e0 l&rsquo;Euro U21 de la meilleure des fa\u00e7ons, en s&rsquo;imposant lors d&rsquo;un match amical contre Isra\u00ebl (2-0). Le milieu de terrain de l&rsquo;AS Monaco \u00e9tait titulaire dans le c\u0153ur du jeu et a disput\u00e9 l&rsquo;int\u00e9gralit\u00e9 de la rencontre [&#8230;]\n","protected":false},"author":2,"featured_media":0,"comment_status":"open","ping_status":"open","sticky":false,"template":"","format":"standard","meta":[],"categories":[6],"tags":[86,150,145,116],"yoast_head":"<!-- This site is optimized with the Yoast SEO plugin v19.8 - https:\/\/yoast.com\/wordpress\/plugins\/seo\/ -->\n<title>Une bonne pr\u00e9paration pour Matazo et la Belgique avant l&#039;Euro Espoirs - La Diagonale<\/title>\n<meta name=\"robots\" content=\"index, follow, max-snippet:-1, max-image-preview:large, max-video-preview:-1\" \/>\n<link rel=\"canonical\" href=\"https:\/\/www.ladiagonale.net\/index.php\/2023\/06\/16\/une-bonne-preparation-pour-matazo-et-la-belgique-avant-leuro-espoirs\/\" \/>\n<meta property=\"og:locale\" content=\"fr_FR\" \/>\n<meta property=\"og:type\" content=\"article\" \/>\n<meta property=\"og:title\" content=\"Une bonne pr\u00e9paration pour Matazo et la Belgique avant l&#039;Euro Espoirs - La Diagonale\" \/>\n<meta property=\"og:description\" content=\"Ce jeudi, les Espoirs de la Belgique, avec lesquels \u00e9volue Eliot Matazo, ont pr\u00e9par\u00e9 leur prochaine participation \u00e0 l&rsquo;Euro U21 de la meilleure des fa\u00e7ons, en s&rsquo;imposant lors d&rsquo;un match amical contre Isra\u00ebl (2-0). Le milieu de terrain de l&rsquo;AS Monaco \u00e9tait titulaire dans le c\u0153ur du jeu et a disput\u00e9 l&rsquo;int\u00e9gralit\u00e9 de la rencontre [...]\" \/>\n<meta property=\"og:url\" content=\"https:\/\/www.ladiagonale.net\/index.php\/2023\/06\/16\/une-bonne-preparation-pour-matazo-et-la-belgique-avant-leuro-espoirs\/\" \/>\n<meta property=\"og:site_name\" content=\"La Diagonale\" \/>\n<meta property=\"article:published_time\" content=\"2023-06-15T23:01:32+00:00\" \/>\n<meta property=\"article:modified_time\" content=\"2023-06-15T23:01:35+00:00\" \/>\n<meta property=\"og:image\" content=\"https:\/\/www.ladiagonale.net\/wp-content\/uploads\/2023\/03\/matazo-belgique.png\" \/>\n\t<meta property=\"og:image:width\" content=\"1160\" \/>\n\t<meta property=\"og:image:height\" content=\"650\" \/>\n\t<meta property=\"og:image:type\" content=\"image\/png\" \/>\n<meta name=\"author\" content=\"Damien Dellerba\" \/>\n<meta name=\"twitter:card\" content=\"summary_large_image\" \/>\n<meta name=\"twitter:image\" content=\"https:\/\/www.ladiagonale.net\/wp-content\/uploads\/2023\/03\/matazo-belgique.png\" \/>\n<meta name=\"twitter:label1\" content=\"\u00c9crit par\" \/>\n\t<meta name=\"twitter:data1\" content=\"Damien Dellerba\" \/>\n\t<meta name=\"twitter:label2\" content=\"Dur\u00e9e de lecture estim\u00e9e\" \/>\n\t<meta name=\"twitter:data2\" content=\"1 minute\" \/>\n<script type=\"application\/ld+json\" class=\"yoast-schema-graph\">{\"@context\":\"https:\/\/schema.org\",\"@graph\":[{\"@type\":\"WebPage\",\"@id\":\"https:\/\/www.ladiagonale.net\/index.php\/2023\/06\/16\/une-bonne-preparation-pour-matazo-et-la-belgique-avant-leuro-espoirs\/\",\"url\":\"https:\/\/www.ladiagonale.net\/index.php\/2023\/06\/16\/une-bonne-preparation-pour-matazo-et-la-belgique-avant-leuro-espoirs\/\",\"name\":\"Une bonne pr\u00e9paration pour Matazo et la Belgique avant l'Euro Espoirs - La Diagonale\",\"isPartOf\":{\"@id\":\"https:\/\/www.ladiagonale.net\/#website\"},\"datePublished\":\"2023-06-15T23:01:32+00:00\",\"dateModified\":\"2023-06-15T23:01:35+00:00\",\"author\":{\"@id\":\"https:\/\/www.ladiagonale.net\/#\/schema\/person\/79ff1e7b0853ed01b2aa26e64ad300bf\"},\"breadcrumb\":{\"@id\":\"https:\/\/www.ladiagonale.net\/index.php\/2023\/06\/16\/une-bonne-preparation-pour-matazo-et-la-belgique-avant-leuro-espoirs\/#breadcrumb\"},\"inLanguage\":\"fr-FR\",\"potentialAction\":[{\"@type\":\"ReadAction\",\"target\":[\"https:\/\/www.ladiagonale.net\/index.php\/2023\/06\/16\/une-bonne-preparation-pour-matazo-et-la-belgique-avant-leuro-espoirs\/\"]}]},{\"@type\":\"BreadcrumbList\",\"@id\":\"https:\/\/www.ladiagonale.net\/index.php\/2023\/06\/16\/une-bonne-preparation-pour-matazo-et-la-belgique-avant-leuro-espoirs\/#breadcrumb\",\"itemListElement\":[{\"@type\":\"ListItem\",\"position\":1,\"name\":\"Accueil\",\"item\":\"https:\/\/www.ladiagonale.net\/\"},{\"@type\":\"ListItem\",\"position\":2,\"name\":\"Une bonne pr\u00e9paration pour Matazo et la Belgique avant l&rsquo;Euro Espoirs\"}]},{\"@type\":\"WebSite\",\"@id\":\"https:\/\/www.ladiagonale.net\/#website\",\"url\":\"https:\/\/www.ladiagonale.net\/\",\"name\":\"La Diagonale\",\"description\":\"Le site des supporters de l&#039;AS Monaco FC\",\"potentialAction\":[{\"@type\":\"SearchAction\",\"target\":{\"@type\":\"EntryPoint\",\"urlTemplate\":\"https:\/\/www.ladiagonale.net\/?s={search_term_string}\"},\"query-input\":\"required name=search_term_string\"}],\"inLanguage\":\"fr-FR\"},{\"@type\":\"Person\",\"@id\":\"https:\/\/www.ladiagonale.net\/#\/schema\/person\/79ff1e7b0853ed01b2aa26e64ad300bf\",\"name\":\"Damien Dellerba\",\"image\":{\"@type\":\"ImageObject\",\"inLanguage\":\"fr-FR\",\"@id\":\"https:\/\/www.ladiagonale.net\/#\/schema\/person\/image\/\",\"url\":\"https:\/\/secure.gravatar.com\/avatar\/c7850e06d3ff63cdbaee88b7fc16e2f0?s=96&d=mm&r=g\",\"contentUrl\":\"https:\/\/secure.gravatar.com\/avatar\/c7850e06d3ff63cdbaee88b7fc16e2f0?s=96&d=mm&r=g\",\"caption\":\"Damien Dellerba\"},\"url\":\"https:\/\/www.ladiagonale.net\/index.php\/author\/damien\/\"}]}<\/script>\n<!-- \/ Yoast SEO plugin. -->","yoast_head_json":{"title":"Une bonne pr\u00e9paration pour Matazo et la Belgique avant l'Euro Espoirs - La Diagonale","robots":{"index":"index","follow":"follow","max-snippet":"max-snippet:-1","max-image-preview":"max-image-preview:large","max-video-preview":"max-video-preview:-1"},"canonical":"https:\/\/www.ladiagonale.net\/index.php\/2023\/06\/16\/une-bonne-preparation-pour-matazo-et-la-belgique-avant-leuro-espoirs\/","og_locale":"fr_FR","og_type":"article","og_title":"Une bonne pr\u00e9paration pour Matazo et la Belgique avant l'Euro Espoirs - La Diagonale","og_description":"Ce jeudi, les Espoirs de la Belgique, avec lesquels \u00e9volue Eliot Matazo, ont pr\u00e9par\u00e9 leur prochaine participation \u00e0 l&rsquo;Euro U21 de la meilleure des fa\u00e7ons, en s&rsquo;imposant lors d&rsquo;un match amical contre Isra\u00ebl (2-0). Le milieu de terrain de l&rsquo;AS Monaco \u00e9tait titulaire dans le c\u0153ur du jeu et a disput\u00e9 l&rsquo;int\u00e9gralit\u00e9 de la rencontre [...]","og_url":"https:\/\/www.ladiagonale.net\/index.php\/2023\/06\/16\/une-bonne-preparation-pour-matazo-et-la-belgique-avant-leuro-espoirs\/","og_site_name":"La Diagonale","article_published_time":"2023-06-15T23:01:32+00:00","article_modified_time":"2023-06-15T23:01:35+00:00","og_image":[{"width":1160,"height":650,"url":"https:\/\/www.ladiagonale.net\/wp-content\/uploads\/2023\/03\/matazo-belgique.png","type":"image\/png"}],"author":"Damien Dellerba","twitter_card":"summary_large_image","twitter_image":"https:\/\/www.ladiagonale.net\/wp-content\/uploads\/2023\/03\/matazo-belgique.png","twitter_misc":{"\u00c9crit par":"Damien Dellerba","Dur\u00e9e de lecture estim\u00e9e":"1 minute"},"schema":{"@context":"https:\/\/schema.org","@graph":[{"@type":"WebPage","@id":"https:\/\/www.ladiagonale.net\/index.php\/2023\/06\/16\/une-bonne-preparation-pour-matazo-et-la-belgique-avant-leuro-espoirs\/","url":"https:\/\/www.ladiagonale.net\/index.php\/2023\/06\/16\/une-bonne-preparation-pour-matazo-et-la-belgique-avant-leuro-espoirs\/","name":"Une bonne pr\u00e9paration pour Matazo et la Belgique avant l'Euro Espoirs - La Diagonale","isPartOf":{"@id":"https:\/\/www.ladiagonale.net\/#website"},"datePublished":"2023-06-15T23:01:32+00:00","dateModified":"2023-06-15T23:01:35+00:00","author":{"@id":"https:\/\/www.ladiagonale.net\/#\/schema\/person\/79ff1e7b0853ed01b2aa26e64ad300bf"},"breadcrumb":{"@id":"https:\/\/www.ladiagonale.net\/index.php\/2023\/06\/16\/une-bonne-preparation-pour-matazo-et-la-belgique-avant-leuro-espoirs\/#breadcrumb"},"inLanguage":"fr-FR","potentialAction":[{"@type":"ReadAction","target":["https:\/\/www.ladiagonale.net\/index.php\/2023\/06\/16\/une-bonne-preparation-pour-matazo-et-la-belgique-avant-leuro-espoirs\/"]}]},{"@type":"BreadcrumbList","@id":"https:\/\/www.ladiagonale.net\/index.php\/2023\/06\/16\/une-bonne-preparation-pour-matazo-et-la-belgique-avant-leuro-espoirs\/#breadcrumb","itemListElement":[{"@type":"ListItem","position":1,"name":"Accueil","item":"https:\/\/www.ladiagonale.net\/"},{"@type":"ListItem","position":2,"name":"Une bonne pr\u00e9paration pour Matazo et la Belgique avant l&rsquo;Euro Espoirs"}]},{"@type":"WebSite","@id":"https:\/\/www.ladiagonale.net\/#website","url":"https:\/\/www.ladiagonale.net\/","name":"La Diagonale","description":"Le site des supporters de l&#039;AS Monaco FC","potentialAction":[{"@type":"SearchAction","target":{"@type":"EntryPoint","urlTemplate":"https:\/\/www.ladiagonale.net\/?s={search_term_string}"},"query-input":"required name=search_term_string"}],"inLanguage":"fr-FR"},{"@type":"Person","@id":"https:\/\/www.ladiagonale.net\/#\/schema\/person\/79ff1e7b0853ed01b2aa26e64ad300bf","name":"Damien Dellerba","image":{"@type":"ImageObject","inLanguage":"fr-FR","@id":"https:\/\/www.ladiagonale.net\/#\/schema\/person\/image\/","url":"https:\/\/secure.gravatar.com\/avatar\/c7850e06d3ff63cdbaee88b7fc16e2f0?s=96&d=mm&r=g","contentUrl":"https:\/\/secure.gravatar.com\/avatar\/c7850e06d3ff63cdbaee88b7fc16e2f0?s=96&d=mm&r=g","caption":"Damien Dellerba"},"url":"https:\/\/www.ladiagonale.net\/index.php\/author\/damien\/"}]}},"_links":{"self":[{"href":"https:\/\/www.ladiagonale.net\/index.php\/wp-json\/wp\/v2\/posts\/13363"}],"collection":[{"href":"https:\/\/www.ladiagonale.net\/index.php\/wp-json\/wp\/v2\/posts"}],"about":[{"href":"https:\/\/www.ladiagonale.net\/index.php\/wp-json\/wp\/v2\/types\/post"}],"author":[{"embeddable":true,"href":"https:\/\/www.ladiagonale.net\/index.php\/wp-json\/wp\/v2\/users\/2"}],"replies":[{"embeddable":true,"href":"https:\/\/www.ladiagonale.net\/index.php\/wp-json\/wp\/v2\/comments?post=13363"}],"version-history":[{"count":2,"href":"https:\/\/www.ladiagonale.net\/index.php\/wp-json\/wp\/v2\/posts\/13363\/revisions"}],"predecessor-version":[{"id":13365,"href":"https:\/\/www.ladiagonale.net\/index.php\/wp-json\/wp\/v2\/posts\/13363\/revisions\/13365"}],"wp:attachment":[{"href":"https:\/\/www.ladiagonale.net\/index.php\/wp-json\/wp\/v2\/media?parent=13363"}],"wp:term":[{"taxonomy":"category","embeddable":true,"href":"https:\/\/www.ladiagonale.net\/index.php\/wp-json\/wp\/v2\/categories?post=13363"},{"taxonomy":"post_tag","embeddable":true,"href":"https:\/\/www.ladiagonale.net\/index.php\/wp-json\/wp\/v2\/tags?post=13363"}],"curies":[{"name":"wp","href":"https:\/\/api.w.org\/{rel}","templated":true}]}}