{"id":13403,"date":"2023-06-18T23:29:36","date_gmt":"2023-06-18T21:29:36","guid":{"rendered":"https:\/\/www.ladiagonale.net\/?p=13403"},"modified":"2023-06-18T23:36:17","modified_gmt":"2023-06-18T21:36:17","slug":"camara-et-le-mali-se-qualifient-pour-la-can","status":"publish","type":"post","link":"https:\/\/www.ladiagonale.net\/index.php\/2023\/06\/18\/camara-et-le-mali-se-qualifient-pour-la-can\/","title":{"rendered":"Camara et le Mali se qualifient pour la CAN"},"content":{"rendered":"\n\n\n<p>Le Mali de Mohamed Camara participera bien \u00e0 la prochaine Coupe d&rsquo;Afrique des Nations 2023 et rejoint donc <a href=\"https:\/\/www.ladiagonale.net\/index.php\/2023\/03\/28\/diatta-et-jakobs-se-qualifient-pour-la-can-camara-doit-encore-patienter\/\">le S\u00e9n\u00e9gal de Kr\u00e9pin Diatta et Ismail Jakobs<\/a>, qui avait d\u00e9j\u00e0 valid\u00e9 en mars son ticket pour la C\u00f4te d&rsquo;Ivoire. <em>Les Aigles<\/em> ont obtenu le leur \u00e0 une journ\u00e9e de la fin des \u00e9liminatoires en battant la R\u00e9publique du Congo \u00e0 Brazzaville ce dimanche (2-0).<\/p>\n\n\n\n<p>Une rencontre \u00e0 laquelle le milieu de terrain de l&rsquo;AS Monaco n&rsquo;a finalement pas particip\u00e9. Camara n&rsquo;\u00e9tait en effet pas sur la feuille de match. Une d\u00e9cision qui tient au fait que le joueur de 23 ans est endeuill\u00e9 apr\u00e8s le d\u00e9c\u00e8s de son p\u00e8re le 9 juin. Ses co\u00e9quipiers en s\u00e9lection lui ont d&rsquo;ailleurs rendu hommage \u00e0 l&rsquo;issue de cette rencontre.<\/p>\n\n\n\n<figure class=\"wp-block-embed is-type-rich is-provider-twitter wp-block-embed-twitter\"><div class=\"wp-block-embed__wrapper\">\n<blockquote class=\"twitter-tweet\" data-width=\"550\" data-dnt=\"true\"><p lang=\"fr\" dir=\"ltr\">L&#39;amour de nos <a href=\"https:\/\/twitter.com\/AiglesDuMali1?ref_src=twsrc%5Etfw\">@AiglesDuMali1<\/a> envers leur ami coll\u00e8gue Mohamed Camara qui a perdu son p\u00e8re \ud83c\uddf2\ud83c\uddf1\ud83d\ude4f\ud83c\udffb<br><br>REPOSE EN PAIX PAPA CAMARA \u2764\ufe0f\ud83d\udd4a\ufe0f<a href=\"https:\/\/twitter.com\/hashtag\/aboramalila?src=hash&amp;ref_src=twsrc%5Etfw\">#aboramalila<\/a> <a href=\"https:\/\/t.co\/8uxFgrm5ai\">pic.twitter.com\/8uxFgrm5ai<\/a><\/p>&mdash; T\u20e4\ud83e\udd89\ud83c\uddf2\ud83c\uddf1 (@babaskotraore) <a href=\"https:\/\/twitter.com\/babaskotraore\/status\/1670535260734406656?ref_src=twsrc%5Etfw\">June 18, 2023<\/a><\/blockquote><script async src=\"https:\/\/platform.twitter.com\/widgets.js\" charset=\"utf-8\"><\/script>\n<\/div><\/figure>\n","protected":false},"excerpt":{"rendered":"<p>Le Mali de Mohamed Camara participera bien \u00e0 la prochaine Coupe d&rsquo;Afrique des Nations 2023 et rejoint donc le S\u00e9n\u00e9gal de Kr\u00e9pin Diatta et Ismail Jakobs, qui avait d\u00e9j\u00e0 valid\u00e9 en mars son ticket pour la C\u00f4te d&rsquo;Ivoire. Les Aigles ont obtenu le leur \u00e0 une journ\u00e9e de la fin des \u00e9liminatoires en battant la [&#8230;]\n","protected":false},"author":2,"featured_media":0,"comment_status":"open","ping_status":"open","sticky":false,"template":"","format":"standard","meta":[],"categories":[6],"tags":[86,144,143,116],"yoast_head":"<!-- This site is optimized with the Yoast SEO plugin v19.8 - https:\/\/yoast.com\/wordpress\/plugins\/seo\/ -->\n<title>Camara et le Mali se qualifient pour la CAN - La Diagonale<\/title>\n<meta name=\"robots\" content=\"index, follow, max-snippet:-1, max-image-preview:large, max-video-preview:-1\" \/>\n<link rel=\"canonical\" href=\"https:\/\/www.ladiagonale.net\/index.php\/2023\/06\/18\/camara-et-le-mali-se-qualifient-pour-la-can\/\" \/>\n<meta property=\"og:locale\" content=\"fr_FR\" \/>\n<meta property=\"og:type\" content=\"article\" \/>\n<meta property=\"og:title\" content=\"Camara et le Mali se qualifient pour la CAN - La Diagonale\" \/>\n<meta property=\"og:description\" content=\"Le Mali de Mohamed Camara participera bien \u00e0 la prochaine Coupe d&rsquo;Afrique des Nations 2023 et rejoint donc le S\u00e9n\u00e9gal de Kr\u00e9pin Diatta et Ismail Jakobs, qui avait d\u00e9j\u00e0 valid\u00e9 en mars son ticket pour la C\u00f4te d&rsquo;Ivoire. Les Aigles ont obtenu le leur \u00e0 une journ\u00e9e de la fin des \u00e9liminatoires en battant la [...]\" \/>\n<meta property=\"og:url\" content=\"https:\/\/www.ladiagonale.net\/index.php\/2023\/06\/18\/camara-et-le-mali-se-qualifient-pour-la-can\/\" \/>\n<meta property=\"og:site_name\" content=\"La Diagonale\" \/>\n<meta property=\"article:published_time\" content=\"2023-06-18T21:29:36+00:00\" \/>\n<meta property=\"article:modified_time\" content=\"2023-06-18T21:36:17+00:00\" \/>\n<meta property=\"og:image\" content=\"https:\/\/www.ladiagonale.net\/wp-content\/uploads\/2023\/03\/camara-mali.png\" \/>\n\t<meta property=\"og:image:width\" content=\"1160\" \/>\n\t<meta property=\"og:image:height\" content=\"650\" \/>\n\t<meta property=\"og:image:type\" content=\"image\/png\" \/>\n<meta name=\"author\" content=\"Damien Dellerba\" \/>\n<meta name=\"twitter:card\" content=\"summary_large_image\" \/>\n<meta name=\"twitter:image\" content=\"https:\/\/www.ladiagonale.net\/wp-content\/uploads\/2023\/03\/camara-mali.png\" \/>\n<meta name=\"twitter:label1\" content=\"\u00c9crit par\" \/>\n\t<meta name=\"twitter:data1\" content=\"Damien Dellerba\" \/>\n\t<meta name=\"twitter:label2\" content=\"Dur\u00e9e de lecture estim\u00e9e\" \/>\n\t<meta name=\"twitter:data2\" content=\"1 minute\" \/>\n<script type=\"application\/ld+json\" class=\"yoast-schema-graph\">{\"@context\":\"https:\/\/schema.org\",\"@graph\":[{\"@type\":\"WebPage\",\"@id\":\"https:\/\/www.ladiagonale.net\/index.php\/2023\/06\/18\/camara-et-le-mali-se-qualifient-pour-la-can\/\",\"url\":\"https:\/\/www.ladiagonale.net\/index.php\/2023\/06\/18\/camara-et-le-mali-se-qualifient-pour-la-can\/\",\"name\":\"Camara et le Mali se qualifient pour la CAN - La Diagonale\",\"isPartOf\":{\"@id\":\"https:\/\/www.ladiagonale.net\/#website\"},\"datePublished\":\"2023-06-18T21:29:36+00:00\",\"dateModified\":\"2023-06-18T21:36:17+00:00\",\"author\":{\"@id\":\"https:\/\/www.ladiagonale.net\/#\/schema\/person\/79ff1e7b0853ed01b2aa26e64ad300bf\"},\"breadcrumb\":{\"@id\":\"https:\/\/www.ladiagonale.net\/index.php\/2023\/06\/18\/camara-et-le-mali-se-qualifient-pour-la-can\/#breadcrumb\"},\"inLanguage\":\"fr-FR\",\"potentialAction\":[{\"@type\":\"ReadAction\",\"target\":[\"https:\/\/www.ladiagonale.net\/index.php\/2023\/06\/18\/camara-et-le-mali-se-qualifient-pour-la-can\/\"]}]},{\"@type\":\"BreadcrumbList\",\"@id\":\"https:\/\/www.ladiagonale.net\/index.php\/2023\/06\/18\/camara-et-le-mali-se-qualifient-pour-la-can\/#breadcrumb\",\"itemListElement\":[{\"@type\":\"ListItem\",\"position\":1,\"name\":\"Accueil\",\"item\":\"https:\/\/www.ladiagonale.net\/\"},{\"@type\":\"ListItem\",\"position\":2,\"name\":\"Camara et le Mali se qualifient pour la CAN\"}]},{\"@type\":\"WebSite\",\"@id\":\"https:\/\/www.ladiagonale.net\/#website\",\"url\":\"https:\/\/www.ladiagonale.net\/\",\"name\":\"La Diagonale\",\"description\":\"Le site des supporters de l&#039;AS Monaco FC\",\"potentialAction\":[{\"@type\":\"SearchAction\",\"target\":{\"@type\":\"EntryPoint\",\"urlTemplate\":\"https:\/\/www.ladiagonale.net\/?s={search_term_string}\"},\"query-input\":\"required name=search_term_string\"}],\"inLanguage\":\"fr-FR\"},{\"@type\":\"Person\",\"@id\":\"https:\/\/www.ladiagonale.net\/#\/schema\/person\/79ff1e7b0853ed01b2aa26e64ad300bf\",\"name\":\"Damien Dellerba\",\"image\":{\"@type\":\"ImageObject\",\"inLanguage\":\"fr-FR\",\"@id\":\"https:\/\/www.ladiagonale.net\/#\/schema\/person\/image\/\",\"url\":\"https:\/\/secure.gravatar.com\/avatar\/c7850e06d3ff63cdbaee88b7fc16e2f0?s=96&d=mm&r=g\",\"contentUrl\":\"https:\/\/secure.gravatar.com\/avatar\/c7850e06d3ff63cdbaee88b7fc16e2f0?s=96&d=mm&r=g\",\"caption\":\"Damien Dellerba\"},\"url\":\"https:\/\/www.ladiagonale.net\/index.php\/author\/damien\/\"}]}<\/script>\n<!-- \/ Yoast SEO plugin. -->","yoast_head_json":{"title":"Camara et le Mali se qualifient pour la CAN - La Diagonale","robots":{"index":"index","follow":"follow","max-snippet":"max-snippet:-1","max-image-preview":"max-image-preview:large","max-video-preview":"max-video-preview:-1"},"canonical":"https:\/\/www.ladiagonale.net\/index.php\/2023\/06\/18\/camara-et-le-mali-se-qualifient-pour-la-can\/","og_locale":"fr_FR","og_type":"article","og_title":"Camara et le Mali se qualifient pour la CAN - La Diagonale","og_description":"Le Mali de Mohamed Camara participera bien \u00e0 la prochaine Coupe d&rsquo;Afrique des Nations 2023 et rejoint donc le S\u00e9n\u00e9gal de Kr\u00e9pin Diatta et Ismail Jakobs, qui avait d\u00e9j\u00e0 valid\u00e9 en mars son ticket pour la C\u00f4te d&rsquo;Ivoire. Les Aigles ont obtenu le leur \u00e0 une journ\u00e9e de la fin des \u00e9liminatoires en battant la [...]","og_url":"https:\/\/www.ladiagonale.net\/index.php\/2023\/06\/18\/camara-et-le-mali-se-qualifient-pour-la-can\/","og_site_name":"La Diagonale","article_published_time":"2023-06-18T21:29:36+00:00","article_modified_time":"2023-06-18T21:36:17+00:00","og_image":[{"width":1160,"height":650,"url":"https:\/\/www.ladiagonale.net\/wp-content\/uploads\/2023\/03\/camara-mali.png","type":"image\/png"}],"author":"Damien Dellerba","twitter_card":"summary_large_image","twitter_image":"https:\/\/www.ladiagonale.net\/wp-content\/uploads\/2023\/03\/camara-mali.png","twitter_misc":{"\u00c9crit par":"Damien Dellerba","Dur\u00e9e de lecture estim\u00e9e":"1 minute"},"schema":{"@context":"https:\/\/schema.org","@graph":[{"@type":"WebPage","@id":"https:\/\/www.ladiagonale.net\/index.php\/2023\/06\/18\/camara-et-le-mali-se-qualifient-pour-la-can\/","url":"https:\/\/www.ladiagonale.net\/index.php\/2023\/06\/18\/camara-et-le-mali-se-qualifient-pour-la-can\/","name":"Camara et le Mali se qualifient pour la CAN - La Diagonale","isPartOf":{"@id":"https:\/\/www.ladiagonale.net\/#website"},"datePublished":"2023-06-18T21:29:36+00:00","dateModified":"2023-06-18T21:36:17+00:00","author":{"@id":"https:\/\/www.ladiagonale.net\/#\/schema\/person\/79ff1e7b0853ed01b2aa26e64ad300bf"},"breadcrumb":{"@id":"https:\/\/www.ladiagonale.net\/index.php\/2023\/06\/18\/camara-et-le-mali-se-qualifient-pour-la-can\/#breadcrumb"},"inLanguage":"fr-FR","potentialAction":[{"@type":"ReadAction","target":["https:\/\/www.ladiagonale.net\/index.php\/2023\/06\/18\/camara-et-le-mali-se-qualifient-pour-la-can\/"]}]},{"@type":"BreadcrumbList","@id":"https:\/\/www.ladiagonale.net\/index.php\/2023\/06\/18\/camara-et-le-mali-se-qualifient-pour-la-can\/#breadcrumb","itemListElement":[{"@type":"ListItem","position":1,"name":"Accueil","item":"https:\/\/www.ladiagonale.net\/"},{"@type":"ListItem","position":2,"name":"Camara et le Mali se qualifient pour la CAN"}]},{"@type":"WebSite","@id":"https:\/\/www.ladiagonale.net\/#website","url":"https:\/\/www.ladiagonale.net\/","name":"La Diagonale","description":"Le site des supporters de l&#039;AS Monaco FC","potentialAction":[{"@type":"SearchAction","target":{"@type":"EntryPoint","urlTemplate":"https:\/\/www.ladiagonale.net\/?s={search_term_string}"},"query-input":"required name=search_term_string"}],"inLanguage":"fr-FR"},{"@type":"Person","@id":"https:\/\/www.ladiagonale.net\/#\/schema\/person\/79ff1e7b0853ed01b2aa26e64ad300bf","name":"Damien Dellerba","image":{"@type":"ImageObject","inLanguage":"fr-FR","@id":"https:\/\/www.ladiagonale.net\/#\/schema\/person\/image\/","url":"https:\/\/secure.gravatar.com\/avatar\/c7850e06d3ff63cdbaee88b7fc16e2f0?s=96&d=mm&r=g","contentUrl":"https:\/\/secure.gravatar.com\/avatar\/c7850e06d3ff63cdbaee88b7fc16e2f0?s=96&d=mm&r=g","caption":"Damien Dellerba"},"url":"https:\/\/www.ladiagonale.net\/index.php\/author\/damien\/"}]}},"_links":{"self":[{"href":"https:\/\/www.ladiagonale.net\/index.php\/wp-json\/wp\/v2\/posts\/13403"}],"collection":[{"href":"https:\/\/www.ladiagonale.net\/index.php\/wp-json\/wp\/v2\/posts"}],"about":[{"href":"https:\/\/www.ladiagonale.net\/index.php\/wp-json\/wp\/v2\/types\/post"}],"author":[{"embeddable":true,"href":"https:\/\/www.ladiagonale.net\/index.php\/wp-json\/wp\/v2\/users\/2"}],"replies":[{"embeddable":true,"href":"https:\/\/www.ladiagonale.net\/index.php\/wp-json\/wp\/v2\/comments?post=13403"}],"version-history":[{"count":4,"href":"https:\/\/www.ladiagonale.net\/index.php\/wp-json\/wp\/v2\/posts\/13403\/revisions"}],"predecessor-version":[{"id":13408,"href":"https:\/\/www.ladiagonale.net\/index.php\/wp-json\/wp\/v2\/posts\/13403\/revisions\/13408"}],"wp:attachment":[{"href":"https:\/\/www.ladiagonale.net\/index.php\/wp-json\/wp\/v2\/media?parent=13403"}],"wp:term":[{"taxonomy":"category","embeddable":true,"href":"https:\/\/www.ladiagonale.net\/index.php\/wp-json\/wp\/v2\/categories?post=13403"},{"taxonomy":"post_tag","embeddable":true,"href":"https:\/\/www.ladiagonale.net\/index.php\/wp-json\/wp\/v2\/tags?post=13403"}],"curies":[{"name":"wp","href":"https:\/\/api.w.org\/{rel}","templated":true}]}}