{"id":13405,"date":"2023-06-18T23:52:08","date_gmt":"2023-06-18T21:52:08","guid":{"rendered":"https:\/\/www.ladiagonale.net\/?p=13405"},"modified":"2023-07-26T23:52:14","modified_gmt":"2023-07-26T21:52:14","slug":"jakobs-convoite-par-lunion-berlin","status":"publish","type":"post","link":"https:\/\/www.ladiagonale.net\/index.php\/2023\/06\/18\/jakobs-convoite-par-lunion-berlin\/","title":{"rendered":"Jakobs convoit\u00e9 par l&rsquo;Union Berlin ?"},"content":{"rendered":"\n\n\n<p>Ce n&rsquo;est pas la premi\u00e8re fois que <a href=\"https:\/\/www.ladiagonale.net\/index.php\/2022\/11\/30\/jakobs-plait-en-allemagne\/\">le futur d&rsquo;Ismail Jakobs (23 ans) est li\u00e9 \u00e0 l&rsquo;Allemagne<\/a>, o\u00f9 le joueur de l&rsquo;AS Monaco conserve une belle cote apr\u00e8s ses d\u00e9buts avec Cologne en 2019. Cette fois, c&rsquo;est l&rsquo;Union Berlin qui s&rsquo;int\u00e9resserait au lat\u00e9ral gauche as\u00e9miste, d&rsquo;apr\u00e8s des informations d\u00e9voil\u00e9es par le magazine <em>Kicker<\/em>. La formation de <em>Bundesliga<\/em> chercherait \u00e0 se renforcer \u00e0 un poste o\u00f9 elle ne poss\u00e8de que l&rsquo;ancien Montpelli\u00e9rain J\u00e9r\u00f4me Roussillon dans ses rangs. L&rsquo;Union Berlin aimerait \u00e9galement un profil pouvant \u00e9voluer comme piston gauche dans une d\u00e9fense \u00e0 cinq.<\/p>\n\n\n\n<p>Sous contrat en Principaut\u00e9 jusqu&rsquo;en juin 2026, Jakobs <a href=\"https:\/\/www.ladiagonale.net\/index.php\/2022\/10\/19\/jakobs-mecontent-de-son-temps-de-jeu\/\">n&rsquo;avait pas \u00e9cart\u00e9 la possibilit\u00e9 de changer d&rsquo;air<\/a> s&rsquo;il devait encore se contenter de miettes derri\u00e8re Caio Henrique, pour l&rsquo;heure peu courtis\u00e9. L&rsquo;international s\u00e9n\u00e9galais a \u00e9t\u00e9 utilis\u00e9 \u00e0 41 reprises cette saison mais pour seulement 1420 minutes disput\u00e9es (soit 35 minutes en moyenne par match). Il n&rsquo;avait pas pris part \u00e0 la derni\u00e8re rencontre de Ligue 1 contre Toulouse (le 3 juin), <a href=\"https:\/\/www.ladiagonale.net\/index.php\/2023\/06\/01\/jakobs-ecarte-golovin-incertain\/\">\u00e9cart\u00e9 par Philippe Clement<\/a> en raison d&rsquo;un comportement peu en ad\u00e9quation avec les exigences du haut niveau.<\/p>\n","protected":false},"excerpt":{"rendered":"<p>Ce n&rsquo;est pas la premi\u00e8re fois que le futur d&rsquo;Ismail Jakobs (23 ans) est li\u00e9 \u00e0 l&rsquo;Allemagne, o\u00f9 le joueur de l&rsquo;AS Monaco conserve une belle cote apr\u00e8s ses d\u00e9buts avec Cologne en 2019. Cette fois, c&rsquo;est l&rsquo;Union Berlin qui s&rsquo;int\u00e9resserait au lat\u00e9ral gauche as\u00e9miste, d&rsquo;apr\u00e8s des informations d\u00e9voil\u00e9es par le magazine Kicker. La formation [&#8230;]\n","protected":false},"author":2,"featured_media":0,"comment_status":"open","ping_status":"open","sticky":false,"template":"","format":"standard","meta":[],"categories":[6],"tags":[86,162,111,110],"yoast_head":"<!-- This site is optimized with the Yoast SEO plugin v19.8 - https:\/\/yoast.com\/wordpress\/plugins\/seo\/ -->\n<title>Jakobs convoit\u00e9 par l&#039;Union Berlin ? - La Diagonale<\/title>\n<meta name=\"robots\" content=\"index, follow, max-snippet:-1, max-image-preview:large, max-video-preview:-1\" \/>\n<link rel=\"canonical\" href=\"https:\/\/www.ladiagonale.net\/index.php\/2023\/06\/18\/jakobs-convoite-par-lunion-berlin\/\" \/>\n<meta property=\"og:locale\" content=\"fr_FR\" \/>\n<meta property=\"og:type\" content=\"article\" \/>\n<meta property=\"og:title\" content=\"Jakobs convoit\u00e9 par l&#039;Union Berlin ? - La Diagonale\" \/>\n<meta property=\"og:description\" content=\"Ce n&rsquo;est pas la premi\u00e8re fois que le futur d&rsquo;Ismail Jakobs (23 ans) est li\u00e9 \u00e0 l&rsquo;Allemagne, o\u00f9 le joueur de l&rsquo;AS Monaco conserve une belle cote apr\u00e8s ses d\u00e9buts avec Cologne en 2019. Cette fois, c&rsquo;est l&rsquo;Union Berlin qui s&rsquo;int\u00e9resserait au lat\u00e9ral gauche as\u00e9miste, d&rsquo;apr\u00e8s des informations d\u00e9voil\u00e9es par le magazine Kicker. La formation [...]\" \/>\n<meta property=\"og:url\" content=\"https:\/\/www.ladiagonale.net\/index.php\/2023\/06\/18\/jakobs-convoite-par-lunion-berlin\/\" \/>\n<meta property=\"og:site_name\" content=\"La Diagonale\" \/>\n<meta property=\"article:published_time\" content=\"2023-06-18T21:52:08+00:00\" \/>\n<meta property=\"article:modified_time\" content=\"2023-07-26T21:52:14+00:00\" \/>\n<meta property=\"og:image\" content=\"https:\/\/www.ladiagonale.net\/wp-content\/uploads\/2022\/11\/jakobs.png\" \/>\n\t<meta property=\"og:image:width\" content=\"1160\" \/>\n\t<meta property=\"og:image:height\" content=\"650\" \/>\n\t<meta property=\"og:image:type\" content=\"image\/png\" \/>\n<meta name=\"author\" content=\"Damien Dellerba\" \/>\n<meta name=\"twitter:card\" content=\"summary_large_image\" \/>\n<meta name=\"twitter:image\" content=\"https:\/\/www.ladiagonale.net\/wp-content\/uploads\/2022\/11\/jakobs.png\" \/>\n<meta name=\"twitter:label1\" content=\"\u00c9crit par\" \/>\n\t<meta name=\"twitter:data1\" content=\"Damien Dellerba\" \/>\n\t<meta name=\"twitter:label2\" content=\"Dur\u00e9e de lecture estim\u00e9e\" \/>\n\t<meta name=\"twitter:data2\" content=\"1 minute\" \/>\n<script type=\"application\/ld+json\" class=\"yoast-schema-graph\">{\"@context\":\"https:\/\/schema.org\",\"@graph\":[{\"@type\":\"WebPage\",\"@id\":\"https:\/\/www.ladiagonale.net\/index.php\/2023\/06\/18\/jakobs-convoite-par-lunion-berlin\/\",\"url\":\"https:\/\/www.ladiagonale.net\/index.php\/2023\/06\/18\/jakobs-convoite-par-lunion-berlin\/\",\"name\":\"Jakobs convoit\u00e9 par l'Union Berlin ? - La Diagonale\",\"isPartOf\":{\"@id\":\"https:\/\/www.ladiagonale.net\/#website\"},\"datePublished\":\"2023-06-18T21:52:08+00:00\",\"dateModified\":\"2023-07-26T21:52:14+00:00\",\"author\":{\"@id\":\"https:\/\/www.ladiagonale.net\/#\/schema\/person\/79ff1e7b0853ed01b2aa26e64ad300bf\"},\"breadcrumb\":{\"@id\":\"https:\/\/www.ladiagonale.net\/index.php\/2023\/06\/18\/jakobs-convoite-par-lunion-berlin\/#breadcrumb\"},\"inLanguage\":\"fr-FR\",\"potentialAction\":[{\"@type\":\"ReadAction\",\"target\":[\"https:\/\/www.ladiagonale.net\/index.php\/2023\/06\/18\/jakobs-convoite-par-lunion-berlin\/\"]}]},{\"@type\":\"BreadcrumbList\",\"@id\":\"https:\/\/www.ladiagonale.net\/index.php\/2023\/06\/18\/jakobs-convoite-par-lunion-berlin\/#breadcrumb\",\"itemListElement\":[{\"@type\":\"ListItem\",\"position\":1,\"name\":\"Accueil\",\"item\":\"https:\/\/www.ladiagonale.net\/\"},{\"@type\":\"ListItem\",\"position\":2,\"name\":\"Jakobs convoit\u00e9 par l&rsquo;Union Berlin ?\"}]},{\"@type\":\"WebSite\",\"@id\":\"https:\/\/www.ladiagonale.net\/#website\",\"url\":\"https:\/\/www.ladiagonale.net\/\",\"name\":\"La Diagonale\",\"description\":\"Le site des supporters de l&#039;AS Monaco FC\",\"potentialAction\":[{\"@type\":\"SearchAction\",\"target\":{\"@type\":\"EntryPoint\",\"urlTemplate\":\"https:\/\/www.ladiagonale.net\/?s={search_term_string}\"},\"query-input\":\"required name=search_term_string\"}],\"inLanguage\":\"fr-FR\"},{\"@type\":\"Person\",\"@id\":\"https:\/\/www.ladiagonale.net\/#\/schema\/person\/79ff1e7b0853ed01b2aa26e64ad300bf\",\"name\":\"Damien Dellerba\",\"image\":{\"@type\":\"ImageObject\",\"inLanguage\":\"fr-FR\",\"@id\":\"https:\/\/www.ladiagonale.net\/#\/schema\/person\/image\/\",\"url\":\"https:\/\/secure.gravatar.com\/avatar\/c7850e06d3ff63cdbaee88b7fc16e2f0?s=96&d=mm&r=g\",\"contentUrl\":\"https:\/\/secure.gravatar.com\/avatar\/c7850e06d3ff63cdbaee88b7fc16e2f0?s=96&d=mm&r=g\",\"caption\":\"Damien Dellerba\"},\"url\":\"https:\/\/www.ladiagonale.net\/index.php\/author\/damien\/\"}]}<\/script>\n<!-- \/ Yoast SEO plugin. -->","yoast_head_json":{"title":"Jakobs convoit\u00e9 par l'Union Berlin ? - La Diagonale","robots":{"index":"index","follow":"follow","max-snippet":"max-snippet:-1","max-image-preview":"max-image-preview:large","max-video-preview":"max-video-preview:-1"},"canonical":"https:\/\/www.ladiagonale.net\/index.php\/2023\/06\/18\/jakobs-convoite-par-lunion-berlin\/","og_locale":"fr_FR","og_type":"article","og_title":"Jakobs convoit\u00e9 par l'Union Berlin ? - La Diagonale","og_description":"Ce n&rsquo;est pas la premi\u00e8re fois que le futur d&rsquo;Ismail Jakobs (23 ans) est li\u00e9 \u00e0 l&rsquo;Allemagne, o\u00f9 le joueur de l&rsquo;AS Monaco conserve une belle cote apr\u00e8s ses d\u00e9buts avec Cologne en 2019. Cette fois, c&rsquo;est l&rsquo;Union Berlin qui s&rsquo;int\u00e9resserait au lat\u00e9ral gauche as\u00e9miste, d&rsquo;apr\u00e8s des informations d\u00e9voil\u00e9es par le magazine Kicker. La formation [...]","og_url":"https:\/\/www.ladiagonale.net\/index.php\/2023\/06\/18\/jakobs-convoite-par-lunion-berlin\/","og_site_name":"La Diagonale","article_published_time":"2023-06-18T21:52:08+00:00","article_modified_time":"2023-07-26T21:52:14+00:00","og_image":[{"width":1160,"height":650,"url":"https:\/\/www.ladiagonale.net\/wp-content\/uploads\/2022\/11\/jakobs.png","type":"image\/png"}],"author":"Damien Dellerba","twitter_card":"summary_large_image","twitter_image":"https:\/\/www.ladiagonale.net\/wp-content\/uploads\/2022\/11\/jakobs.png","twitter_misc":{"\u00c9crit par":"Damien Dellerba","Dur\u00e9e de lecture estim\u00e9e":"1 minute"},"schema":{"@context":"https:\/\/schema.org","@graph":[{"@type":"WebPage","@id":"https:\/\/www.ladiagonale.net\/index.php\/2023\/06\/18\/jakobs-convoite-par-lunion-berlin\/","url":"https:\/\/www.ladiagonale.net\/index.php\/2023\/06\/18\/jakobs-convoite-par-lunion-berlin\/","name":"Jakobs convoit\u00e9 par l'Union Berlin ? - La Diagonale","isPartOf":{"@id":"https:\/\/www.ladiagonale.net\/#website"},"datePublished":"2023-06-18T21:52:08+00:00","dateModified":"2023-07-26T21:52:14+00:00","author":{"@id":"https:\/\/www.ladiagonale.net\/#\/schema\/person\/79ff1e7b0853ed01b2aa26e64ad300bf"},"breadcrumb":{"@id":"https:\/\/www.ladiagonale.net\/index.php\/2023\/06\/18\/jakobs-convoite-par-lunion-berlin\/#breadcrumb"},"inLanguage":"fr-FR","potentialAction":[{"@type":"ReadAction","target":["https:\/\/www.ladiagonale.net\/index.php\/2023\/06\/18\/jakobs-convoite-par-lunion-berlin\/"]}]},{"@type":"BreadcrumbList","@id":"https:\/\/www.ladiagonale.net\/index.php\/2023\/06\/18\/jakobs-convoite-par-lunion-berlin\/#breadcrumb","itemListElement":[{"@type":"ListItem","position":1,"name":"Accueil","item":"https:\/\/www.ladiagonale.net\/"},{"@type":"ListItem","position":2,"name":"Jakobs convoit\u00e9 par l&rsquo;Union Berlin ?"}]},{"@type":"WebSite","@id":"https:\/\/www.ladiagonale.net\/#website","url":"https:\/\/www.ladiagonale.net\/","name":"La Diagonale","description":"Le site des supporters de l&#039;AS Monaco FC","potentialAction":[{"@type":"SearchAction","target":{"@type":"EntryPoint","urlTemplate":"https:\/\/www.ladiagonale.net\/?s={search_term_string}"},"query-input":"required name=search_term_string"}],"inLanguage":"fr-FR"},{"@type":"Person","@id":"https:\/\/www.ladiagonale.net\/#\/schema\/person\/79ff1e7b0853ed01b2aa26e64ad300bf","name":"Damien Dellerba","image":{"@type":"ImageObject","inLanguage":"fr-FR","@id":"https:\/\/www.ladiagonale.net\/#\/schema\/person\/image\/","url":"https:\/\/secure.gravatar.com\/avatar\/c7850e06d3ff63cdbaee88b7fc16e2f0?s=96&d=mm&r=g","contentUrl":"https:\/\/secure.gravatar.com\/avatar\/c7850e06d3ff63cdbaee88b7fc16e2f0?s=96&d=mm&r=g","caption":"Damien Dellerba"},"url":"https:\/\/www.ladiagonale.net\/index.php\/author\/damien\/"}]}},"_links":{"self":[{"href":"https:\/\/www.ladiagonale.net\/index.php\/wp-json\/wp\/v2\/posts\/13405"}],"collection":[{"href":"https:\/\/www.ladiagonale.net\/index.php\/wp-json\/wp\/v2\/posts"}],"about":[{"href":"https:\/\/www.ladiagonale.net\/index.php\/wp-json\/wp\/v2\/types\/post"}],"author":[{"embeddable":true,"href":"https:\/\/www.ladiagonale.net\/index.php\/wp-json\/wp\/v2\/users\/2"}],"replies":[{"embeddable":true,"href":"https:\/\/www.ladiagonale.net\/index.php\/wp-json\/wp\/v2\/comments?post=13405"}],"version-history":[{"count":5,"href":"https:\/\/www.ladiagonale.net\/index.php\/wp-json\/wp\/v2\/posts\/13405\/revisions"}],"predecessor-version":[{"id":13414,"href":"https:\/\/www.ladiagonale.net\/index.php\/wp-json\/wp\/v2\/posts\/13405\/revisions\/13414"}],"wp:attachment":[{"href":"https:\/\/www.ladiagonale.net\/index.php\/wp-json\/wp\/v2\/media?parent=13405"}],"wp:term":[{"taxonomy":"category","embeddable":true,"href":"https:\/\/www.ladiagonale.net\/index.php\/wp-json\/wp\/v2\/categories?post=13405"},{"taxonomy":"post_tag","embeddable":true,"href":"https:\/\/www.ladiagonale.net\/index.php\/wp-json\/wp\/v2\/tags?post=13405"}],"curies":[{"name":"wp","href":"https:\/\/api.w.org\/{rel}","templated":true}]}}