{"id":13425,"date":"2023-06-19T23:59:56","date_gmt":"2023-06-19T21:59:56","guid":{"rendered":"https:\/\/www.ladiagonale.net\/?p=13425"},"modified":"2023-06-20T00:08:25","modified_gmt":"2023-06-19T22:08:25","slug":"ben-seghir-na-pas-choisi-de-representer-le-maroc","status":"publish","type":"post","link":"https:\/\/www.ladiagonale.net\/index.php\/2023\/06\/19\/ben-seghir-na-pas-choisi-de-representer-le-maroc\/","title":{"rendered":"Ben Seghir n&rsquo;a pas choisi de repr\u00e9senter le Maroc"},"content":{"rendered":"\n\n\n<p>Alors qu&rsquo;il sort d&rsquo;un Tournoi Maurice-Revello r\u00e9ussi sur un plan personnel avec l&rsquo;\u00e9quipe de France, puisqu&rsquo;il a \u00e9t\u00e9 <a href=\"https:\/\/www.ladiagonale.net\/index.php\/2023\/06\/18\/ben-seghir-elu-meilleur-joueur-du-tournoi-maurice-revello\/\">d\u00e9sign\u00e9 meilleur joueur<\/a>, Eliesse Ben Seghir a encore le choix de pouvoir repr\u00e9senter la France ou la Maroc en tant qu&rsquo;international. Des rumeurs provenant de m\u00e9dias marocains ont assur\u00e9 que le jeune milieu offensif de l&rsquo;AS Monaco avait choisi de porter le maillot du Maroc et qu&rsquo;il serait pr\u00e9sent au prochain rassemblement du mois de septembre avec les <em>Lions de l&rsquo;Atlas<\/em>.<\/p>\n\n\n\n<p><em>RMC Sport<\/em> a toutefois contredit ces informations, indiquant que le joueur de 18 ans n&rsquo;avait pas donn\u00e9 son accord \u00e0 la s\u00e9lection marocaine. C&rsquo;est en tout cas un sujet qui est r\u00e9guli\u00e8rement \u00e9voqu\u00e9 et qui pose question. Lors de la soir\u00e9e des Troph\u00e9es UNFP, o\u00f9 il \u00e9tait nomm\u00e9 en tant que meilleur espoir de Ligue 1, Ben Seghir avait \u00e9t\u00e9 interrog\u00e9 sur son choix futur et avait affirm\u00e9 qu&rsquo;il ne s&rsquo;\u00e9tait pas encore d\u00e9cid\u00e9. <\/p>\n\n\n\n<p>Pour l&rsquo;heure, le joueur form\u00e9 en Principaut\u00e9 a fait toutes ses classes avec les s\u00e9lections de jeunes fran\u00e7aises, et tout r\u00e9cemment encore avec les U18 tricolores lors du Festival international Espoirs. Il aurait notamment pu disputer le Mondial U20 mais <a href=\"https:\/\/www.ladiagonale.net\/index.php\/2023\/05\/12\/pas-de-mondial-u20-pour-ben-seghir-et-diop-clement-explique-la-position-du-club\/\">l&rsquo;ASM n&rsquo;avait pas souhait\u00e9 le lib\u00e9rer avant la fin du championnat<\/a>, et il ne disputera pas non plus l&rsquo;Euro U19 puisque l&rsquo;\u00e9quipe de France n&rsquo;est pas parvenue \u00e0 se qualifier pour cette comp\u00e9tition. <\/p>\n","protected":false},"excerpt":{"rendered":"<p>Alors qu&rsquo;il sort d&rsquo;un Tournoi Maurice-Revello r\u00e9ussi sur un plan personnel avec l&rsquo;\u00e9quipe de France, puisqu&rsquo;il a \u00e9t\u00e9 d\u00e9sign\u00e9 meilleur joueur, Eliesse Ben Seghir a encore le choix de pouvoir repr\u00e9senter la France ou la Maroc en tant qu&rsquo;international. Des rumeurs provenant de m\u00e9dias marocains ont assur\u00e9 que le jeune milieu offensif de l&rsquo;AS Monaco [&#8230;]\n","protected":false},"author":2,"featured_media":0,"comment_status":"open","ping_status":"open","sticky":false,"template":"","format":"standard","meta":[],"categories":[6],"tags":[86,286,116],"yoast_head":"<!-- This site is optimized with the Yoast SEO plugin v19.8 - https:\/\/yoast.com\/wordpress\/plugins\/seo\/ -->\n<title>Ben Seghir n&#039;a pas choisi de repr\u00e9senter le Maroc - La Diagonale<\/title>\n<meta name=\"robots\" content=\"index, follow, max-snippet:-1, max-image-preview:large, max-video-preview:-1\" \/>\n<link rel=\"canonical\" href=\"https:\/\/www.ladiagonale.net\/index.php\/2023\/06\/19\/ben-seghir-na-pas-choisi-de-representer-le-maroc\/\" \/>\n<meta property=\"og:locale\" content=\"fr_FR\" \/>\n<meta property=\"og:type\" content=\"article\" \/>\n<meta property=\"og:title\" content=\"Ben Seghir n&#039;a pas choisi de repr\u00e9senter le Maroc - La Diagonale\" \/>\n<meta property=\"og:description\" content=\"Alors qu&rsquo;il sort d&rsquo;un Tournoi Maurice-Revello r\u00e9ussi sur un plan personnel avec l&rsquo;\u00e9quipe de France, puisqu&rsquo;il a \u00e9t\u00e9 d\u00e9sign\u00e9 meilleur joueur, Eliesse Ben Seghir a encore le choix de pouvoir repr\u00e9senter la France ou la Maroc en tant qu&rsquo;international. Des rumeurs provenant de m\u00e9dias marocains ont assur\u00e9 que le jeune milieu offensif de l&rsquo;AS Monaco [...]\" \/>\n<meta property=\"og:url\" content=\"https:\/\/www.ladiagonale.net\/index.php\/2023\/06\/19\/ben-seghir-na-pas-choisi-de-representer-le-maroc\/\" \/>\n<meta property=\"og:site_name\" content=\"La Diagonale\" \/>\n<meta property=\"article:published_time\" content=\"2023-06-19T21:59:56+00:00\" \/>\n<meta property=\"article:modified_time\" content=\"2023-06-19T22:08:25+00:00\" \/>\n<meta property=\"og:image\" content=\"https:\/\/www.ladiagonale.net\/wp-content\/uploads\/2023\/06\/ben-seghir-france-4.png\" \/>\n\t<meta property=\"og:image:width\" content=\"1160\" \/>\n\t<meta property=\"og:image:height\" content=\"650\" \/>\n\t<meta property=\"og:image:type\" content=\"image\/png\" \/>\n<meta name=\"author\" content=\"Damien Dellerba\" \/>\n<meta name=\"twitter:card\" content=\"summary_large_image\" \/>\n<meta name=\"twitter:image\" content=\"https:\/\/www.ladiagonale.net\/wp-content\/uploads\/2023\/06\/ben-seghir-france-4.png\" \/>\n<meta name=\"twitter:label1\" content=\"\u00c9crit par\" \/>\n\t<meta name=\"twitter:data1\" content=\"Damien Dellerba\" \/>\n\t<meta name=\"twitter:label2\" content=\"Dur\u00e9e de lecture estim\u00e9e\" \/>\n\t<meta name=\"twitter:data2\" content=\"2 minutes\" \/>\n<script type=\"application\/ld+json\" class=\"yoast-schema-graph\">{\"@context\":\"https:\/\/schema.org\",\"@graph\":[{\"@type\":\"WebPage\",\"@id\":\"https:\/\/www.ladiagonale.net\/index.php\/2023\/06\/19\/ben-seghir-na-pas-choisi-de-representer-le-maroc\/\",\"url\":\"https:\/\/www.ladiagonale.net\/index.php\/2023\/06\/19\/ben-seghir-na-pas-choisi-de-representer-le-maroc\/\",\"name\":\"Ben Seghir n'a pas choisi de repr\u00e9senter le Maroc - La Diagonale\",\"isPartOf\":{\"@id\":\"https:\/\/www.ladiagonale.net\/#website\"},\"datePublished\":\"2023-06-19T21:59:56+00:00\",\"dateModified\":\"2023-06-19T22:08:25+00:00\",\"author\":{\"@id\":\"https:\/\/www.ladiagonale.net\/#\/schema\/person\/79ff1e7b0853ed01b2aa26e64ad300bf\"},\"breadcrumb\":{\"@id\":\"https:\/\/www.ladiagonale.net\/index.php\/2023\/06\/19\/ben-seghir-na-pas-choisi-de-representer-le-maroc\/#breadcrumb\"},\"inLanguage\":\"fr-FR\",\"potentialAction\":[{\"@type\":\"ReadAction\",\"target\":[\"https:\/\/www.ladiagonale.net\/index.php\/2023\/06\/19\/ben-seghir-na-pas-choisi-de-representer-le-maroc\/\"]}]},{\"@type\":\"BreadcrumbList\",\"@id\":\"https:\/\/www.ladiagonale.net\/index.php\/2023\/06\/19\/ben-seghir-na-pas-choisi-de-representer-le-maroc\/#breadcrumb\",\"itemListElement\":[{\"@type\":\"ListItem\",\"position\":1,\"name\":\"Accueil\",\"item\":\"https:\/\/www.ladiagonale.net\/\"},{\"@type\":\"ListItem\",\"position\":2,\"name\":\"Ben Seghir n&rsquo;a pas choisi de repr\u00e9senter le Maroc\"}]},{\"@type\":\"WebSite\",\"@id\":\"https:\/\/www.ladiagonale.net\/#website\",\"url\":\"https:\/\/www.ladiagonale.net\/\",\"name\":\"La Diagonale\",\"description\":\"Le site des supporters de l&#039;AS Monaco FC\",\"potentialAction\":[{\"@type\":\"SearchAction\",\"target\":{\"@type\":\"EntryPoint\",\"urlTemplate\":\"https:\/\/www.ladiagonale.net\/?s={search_term_string}\"},\"query-input\":\"required name=search_term_string\"}],\"inLanguage\":\"fr-FR\"},{\"@type\":\"Person\",\"@id\":\"https:\/\/www.ladiagonale.net\/#\/schema\/person\/79ff1e7b0853ed01b2aa26e64ad300bf\",\"name\":\"Damien Dellerba\",\"image\":{\"@type\":\"ImageObject\",\"inLanguage\":\"fr-FR\",\"@id\":\"https:\/\/www.ladiagonale.net\/#\/schema\/person\/image\/\",\"url\":\"https:\/\/secure.gravatar.com\/avatar\/c7850e06d3ff63cdbaee88b7fc16e2f0?s=96&d=mm&r=g\",\"contentUrl\":\"https:\/\/secure.gravatar.com\/avatar\/c7850e06d3ff63cdbaee88b7fc16e2f0?s=96&d=mm&r=g\",\"caption\":\"Damien Dellerba\"},\"url\":\"https:\/\/www.ladiagonale.net\/index.php\/author\/damien\/\"}]}<\/script>\n<!-- \/ Yoast SEO plugin. -->","yoast_head_json":{"title":"Ben Seghir n'a pas choisi de repr\u00e9senter le Maroc - La Diagonale","robots":{"index":"index","follow":"follow","max-snippet":"max-snippet:-1","max-image-preview":"max-image-preview:large","max-video-preview":"max-video-preview:-1"},"canonical":"https:\/\/www.ladiagonale.net\/index.php\/2023\/06\/19\/ben-seghir-na-pas-choisi-de-representer-le-maroc\/","og_locale":"fr_FR","og_type":"article","og_title":"Ben Seghir n'a pas choisi de repr\u00e9senter le Maroc - La Diagonale","og_description":"Alors qu&rsquo;il sort d&rsquo;un Tournoi Maurice-Revello r\u00e9ussi sur un plan personnel avec l&rsquo;\u00e9quipe de France, puisqu&rsquo;il a \u00e9t\u00e9 d\u00e9sign\u00e9 meilleur joueur, Eliesse Ben Seghir a encore le choix de pouvoir repr\u00e9senter la France ou la Maroc en tant qu&rsquo;international. Des rumeurs provenant de m\u00e9dias marocains ont assur\u00e9 que le jeune milieu offensif de l&rsquo;AS Monaco [...]","og_url":"https:\/\/www.ladiagonale.net\/index.php\/2023\/06\/19\/ben-seghir-na-pas-choisi-de-representer-le-maroc\/","og_site_name":"La Diagonale","article_published_time":"2023-06-19T21:59:56+00:00","article_modified_time":"2023-06-19T22:08:25+00:00","og_image":[{"width":1160,"height":650,"url":"https:\/\/www.ladiagonale.net\/wp-content\/uploads\/2023\/06\/ben-seghir-france-4.png","type":"image\/png"}],"author":"Damien Dellerba","twitter_card":"summary_large_image","twitter_image":"https:\/\/www.ladiagonale.net\/wp-content\/uploads\/2023\/06\/ben-seghir-france-4.png","twitter_misc":{"\u00c9crit par":"Damien Dellerba","Dur\u00e9e de lecture estim\u00e9e":"2 minutes"},"schema":{"@context":"https:\/\/schema.org","@graph":[{"@type":"WebPage","@id":"https:\/\/www.ladiagonale.net\/index.php\/2023\/06\/19\/ben-seghir-na-pas-choisi-de-representer-le-maroc\/","url":"https:\/\/www.ladiagonale.net\/index.php\/2023\/06\/19\/ben-seghir-na-pas-choisi-de-representer-le-maroc\/","name":"Ben Seghir n'a pas choisi de repr\u00e9senter le Maroc - La Diagonale","isPartOf":{"@id":"https:\/\/www.ladiagonale.net\/#website"},"datePublished":"2023-06-19T21:59:56+00:00","dateModified":"2023-06-19T22:08:25+00:00","author":{"@id":"https:\/\/www.ladiagonale.net\/#\/schema\/person\/79ff1e7b0853ed01b2aa26e64ad300bf"},"breadcrumb":{"@id":"https:\/\/www.ladiagonale.net\/index.php\/2023\/06\/19\/ben-seghir-na-pas-choisi-de-representer-le-maroc\/#breadcrumb"},"inLanguage":"fr-FR","potentialAction":[{"@type":"ReadAction","target":["https:\/\/www.ladiagonale.net\/index.php\/2023\/06\/19\/ben-seghir-na-pas-choisi-de-representer-le-maroc\/"]}]},{"@type":"BreadcrumbList","@id":"https:\/\/www.ladiagonale.net\/index.php\/2023\/06\/19\/ben-seghir-na-pas-choisi-de-representer-le-maroc\/#breadcrumb","itemListElement":[{"@type":"ListItem","position":1,"name":"Accueil","item":"https:\/\/www.ladiagonale.net\/"},{"@type":"ListItem","position":2,"name":"Ben Seghir n&rsquo;a pas choisi de repr\u00e9senter le Maroc"}]},{"@type":"WebSite","@id":"https:\/\/www.ladiagonale.net\/#website","url":"https:\/\/www.ladiagonale.net\/","name":"La Diagonale","description":"Le site des supporters de l&#039;AS Monaco FC","potentialAction":[{"@type":"SearchAction","target":{"@type":"EntryPoint","urlTemplate":"https:\/\/www.ladiagonale.net\/?s={search_term_string}"},"query-input":"required name=search_term_string"}],"inLanguage":"fr-FR"},{"@type":"Person","@id":"https:\/\/www.ladiagonale.net\/#\/schema\/person\/79ff1e7b0853ed01b2aa26e64ad300bf","name":"Damien Dellerba","image":{"@type":"ImageObject","inLanguage":"fr-FR","@id":"https:\/\/www.ladiagonale.net\/#\/schema\/person\/image\/","url":"https:\/\/secure.gravatar.com\/avatar\/c7850e06d3ff63cdbaee88b7fc16e2f0?s=96&d=mm&r=g","contentUrl":"https:\/\/secure.gravatar.com\/avatar\/c7850e06d3ff63cdbaee88b7fc16e2f0?s=96&d=mm&r=g","caption":"Damien Dellerba"},"url":"https:\/\/www.ladiagonale.net\/index.php\/author\/damien\/"}]}},"_links":{"self":[{"href":"https:\/\/www.ladiagonale.net\/index.php\/wp-json\/wp\/v2\/posts\/13425"}],"collection":[{"href":"https:\/\/www.ladiagonale.net\/index.php\/wp-json\/wp\/v2\/posts"}],"about":[{"href":"https:\/\/www.ladiagonale.net\/index.php\/wp-json\/wp\/v2\/types\/post"}],"author":[{"embeddable":true,"href":"https:\/\/www.ladiagonale.net\/index.php\/wp-json\/wp\/v2\/users\/2"}],"replies":[{"embeddable":true,"href":"https:\/\/www.ladiagonale.net\/index.php\/wp-json\/wp\/v2\/comments?post=13425"}],"version-history":[{"count":10,"href":"https:\/\/www.ladiagonale.net\/index.php\/wp-json\/wp\/v2\/posts\/13425\/revisions"}],"predecessor-version":[{"id":13442,"href":"https:\/\/www.ladiagonale.net\/index.php\/wp-json\/wp\/v2\/posts\/13425\/revisions\/13442"}],"wp:attachment":[{"href":"https:\/\/www.ladiagonale.net\/index.php\/wp-json\/wp\/v2\/media?parent=13425"}],"wp:term":[{"taxonomy":"category","embeddable":true,"href":"https:\/\/www.ladiagonale.net\/index.php\/wp-json\/wp\/v2\/categories?post=13425"},{"taxonomy":"post_tag","embeddable":true,"href":"https:\/\/www.ladiagonale.net\/index.php\/wp-json\/wp\/v2\/tags?post=13425"}],"curies":[{"name":"wp","href":"https:\/\/api.w.org\/{rel}","templated":true}]}}