{"id":13427,"date":"2023-06-19T20:40:09","date_gmt":"2023-06-19T18:40:09","guid":{"rendered":"https:\/\/www.ladiagonale.net\/?p=13427"},"modified":"2023-06-19T20:40:13","modified_gmt":"2023-06-19T18:40:13","slug":"monaco-avait-iraola-dans-le-viseur","status":"publish","type":"post","link":"https:\/\/www.ladiagonale.net\/index.php\/2023\/06\/19\/monaco-avait-iraola-dans-le-viseur\/","title":{"rendered":"Monaco avait Iraola dans le viseur"},"content":{"rendered":"\n\n\n<p>L&rsquo;AS Monaco doit trouver un successeur \u00e0 Philippe Clement sur le banc de touche et c&rsquo;est une t\u00e2che qui incombe notamment \u00e0 son futur directeur sportif, Thiago Scuro, <a href=\"https:\/\/www.ladiagonale.net\/index.php\/2023\/06\/07\/officiel-thiago-scuro-nomme-directeur-du-football\/\">qui prendra ses fonctions en Principaut\u00e9 le 1<sup>er<\/sup> juillet<\/a>. Ainsi, au d\u00e9tour de la nomination d&rsquo;Andoni Iraola au poste d&rsquo;entra\u00eeneur \u00e0 Bournemouth, Lo\u00efc Tanzi a indiqu\u00e9 que l&rsquo;ASM avait eu des vues sur le technicien espagnol, qui venait de quitter le Rayo Vallecano. <\/p>\n\n\n\n<p>Si plusieurs pistes ont \u00e9t\u00e9 \u00e9voqu\u00e9es jusqu&rsquo;\u00e0 pr\u00e9sent, comme celles menant \u00e0 <a href=\"https:\/\/www.ladiagonale.net\/index.php\/2023\/05\/29\/marsch-serait-egalement-dans-le-viseur-de-monaco\/\">Jesse Marsch<\/a> ou <a href=\"https:\/\/www.ladiagonale.net\/index.php\/2023\/05\/25\/monaco-penserait-a-jaissle-pour-remplacer-clement\/\">Matthias Jaissle<\/a> voire <a href=\"https:\/\/www.ladiagonale.net\/index.php\/2023\/06\/08\/gallardo-est-un-des-profils-etudies-par-monaco\/\">Gallardo<\/a>, les rumeurs se font rares concernant le rempla\u00e7ant de Clement. Mais comme le d\u00e9montre l&rsquo;information r\u00e9v\u00e9l\u00e9e par le journaliste de <em>L&rsquo;\u00c9quipe<\/em>, l&rsquo;ASM semble avoir fait le choix d&rsquo;avancer dans la discr\u00e9tion, au contraire de son voisin marseillais.<\/p>\n","protected":false},"excerpt":{"rendered":"<p>L&rsquo;AS Monaco doit trouver un successeur \u00e0 Philippe Clement sur le banc de touche et c&rsquo;est une t\u00e2che qui incombe notamment \u00e0 son futur directeur sportif, Thiago Scuro, qui prendra ses fonctions en Principaut\u00e9 le 1er juillet. Ainsi, au d\u00e9tour de la nomination d&rsquo;Andoni Iraola au poste d&rsquo;entra\u00eeneur \u00e0 Bournemouth, Lo\u00efc Tanzi a indiqu\u00e9 que [&#8230;]\n","protected":false},"author":2,"featured_media":0,"comment_status":"open","ping_status":"open","sticky":false,"template":"","format":"standard","meta":[],"categories":[6],"tags":[574,86,191],"yoast_head":"<!-- This site is optimized with the Yoast SEO plugin v19.8 - https:\/\/yoast.com\/wordpress\/plugins\/seo\/ -->\n<title>Monaco avait Iraola dans le viseur - La Diagonale<\/title>\n<meta name=\"robots\" content=\"index, follow, max-snippet:-1, max-image-preview:large, max-video-preview:-1\" \/>\n<link rel=\"canonical\" href=\"https:\/\/www.ladiagonale.net\/index.php\/2023\/06\/19\/monaco-avait-iraola-dans-le-viseur\/\" \/>\n<meta property=\"og:locale\" content=\"fr_FR\" \/>\n<meta property=\"og:type\" content=\"article\" \/>\n<meta property=\"og:title\" content=\"Monaco avait Iraola dans le viseur - La Diagonale\" \/>\n<meta property=\"og:description\" content=\"L&rsquo;AS Monaco doit trouver un successeur \u00e0 Philippe Clement sur le banc de touche et c&rsquo;est une t\u00e2che qui incombe notamment \u00e0 son futur directeur sportif, Thiago Scuro, qui prendra ses fonctions en Principaut\u00e9 le 1er juillet. Ainsi, au d\u00e9tour de la nomination d&rsquo;Andoni Iraola au poste d&rsquo;entra\u00eeneur \u00e0 Bournemouth, Lo\u00efc Tanzi a indiqu\u00e9 que [...]\" \/>\n<meta property=\"og:url\" content=\"https:\/\/www.ladiagonale.net\/index.php\/2023\/06\/19\/monaco-avait-iraola-dans-le-viseur\/\" \/>\n<meta property=\"og:site_name\" content=\"La Diagonale\" \/>\n<meta property=\"article:published_time\" content=\"2023-06-19T18:40:09+00:00\" \/>\n<meta property=\"article:modified_time\" content=\"2023-06-19T18:40:13+00:00\" \/>\n<meta property=\"og:image\" content=\"https:\/\/www.ladiagonale.net\/wp-content\/uploads\/2023\/06\/iraola.png\" \/>\n\t<meta property=\"og:image:width\" content=\"1160\" \/>\n\t<meta property=\"og:image:height\" content=\"650\" \/>\n\t<meta property=\"og:image:type\" content=\"image\/png\" \/>\n<meta name=\"author\" content=\"Damien Dellerba\" \/>\n<meta name=\"twitter:card\" content=\"summary_large_image\" \/>\n<meta name=\"twitter:image\" content=\"https:\/\/www.ladiagonale.net\/wp-content\/uploads\/2023\/06\/iraola.png\" \/>\n<meta name=\"twitter:label1\" content=\"\u00c9crit par\" \/>\n\t<meta name=\"twitter:data1\" content=\"Damien Dellerba\" \/>\n\t<meta name=\"twitter:label2\" content=\"Dur\u00e9e de lecture estim\u00e9e\" \/>\n\t<meta name=\"twitter:data2\" content=\"1 minute\" \/>\n<script type=\"application\/ld+json\" class=\"yoast-schema-graph\">{\"@context\":\"https:\/\/schema.org\",\"@graph\":[{\"@type\":\"WebPage\",\"@id\":\"https:\/\/www.ladiagonale.net\/index.php\/2023\/06\/19\/monaco-avait-iraola-dans-le-viseur\/\",\"url\":\"https:\/\/www.ladiagonale.net\/index.php\/2023\/06\/19\/monaco-avait-iraola-dans-le-viseur\/\",\"name\":\"Monaco avait Iraola dans le viseur - La Diagonale\",\"isPartOf\":{\"@id\":\"https:\/\/www.ladiagonale.net\/#website\"},\"datePublished\":\"2023-06-19T18:40:09+00:00\",\"dateModified\":\"2023-06-19T18:40:13+00:00\",\"author\":{\"@id\":\"https:\/\/www.ladiagonale.net\/#\/schema\/person\/79ff1e7b0853ed01b2aa26e64ad300bf\"},\"breadcrumb\":{\"@id\":\"https:\/\/www.ladiagonale.net\/index.php\/2023\/06\/19\/monaco-avait-iraola-dans-le-viseur\/#breadcrumb\"},\"inLanguage\":\"fr-FR\",\"potentialAction\":[{\"@type\":\"ReadAction\",\"target\":[\"https:\/\/www.ladiagonale.net\/index.php\/2023\/06\/19\/monaco-avait-iraola-dans-le-viseur\/\"]}]},{\"@type\":\"BreadcrumbList\",\"@id\":\"https:\/\/www.ladiagonale.net\/index.php\/2023\/06\/19\/monaco-avait-iraola-dans-le-viseur\/#breadcrumb\",\"itemListElement\":[{\"@type\":\"ListItem\",\"position\":1,\"name\":\"Accueil\",\"item\":\"https:\/\/www.ladiagonale.net\/\"},{\"@type\":\"ListItem\",\"position\":2,\"name\":\"Monaco avait Iraola dans le viseur\"}]},{\"@type\":\"WebSite\",\"@id\":\"https:\/\/www.ladiagonale.net\/#website\",\"url\":\"https:\/\/www.ladiagonale.net\/\",\"name\":\"La Diagonale\",\"description\":\"Le site des supporters de l&#039;AS Monaco FC\",\"potentialAction\":[{\"@type\":\"SearchAction\",\"target\":{\"@type\":\"EntryPoint\",\"urlTemplate\":\"https:\/\/www.ladiagonale.net\/?s={search_term_string}\"},\"query-input\":\"required name=search_term_string\"}],\"inLanguage\":\"fr-FR\"},{\"@type\":\"Person\",\"@id\":\"https:\/\/www.ladiagonale.net\/#\/schema\/person\/79ff1e7b0853ed01b2aa26e64ad300bf\",\"name\":\"Damien Dellerba\",\"image\":{\"@type\":\"ImageObject\",\"inLanguage\":\"fr-FR\",\"@id\":\"https:\/\/www.ladiagonale.net\/#\/schema\/person\/image\/\",\"url\":\"https:\/\/secure.gravatar.com\/avatar\/c7850e06d3ff63cdbaee88b7fc16e2f0?s=96&d=mm&r=g\",\"contentUrl\":\"https:\/\/secure.gravatar.com\/avatar\/c7850e06d3ff63cdbaee88b7fc16e2f0?s=96&d=mm&r=g\",\"caption\":\"Damien Dellerba\"},\"url\":\"https:\/\/www.ladiagonale.net\/index.php\/author\/damien\/\"}]}<\/script>\n<!-- \/ Yoast SEO plugin. -->","yoast_head_json":{"title":"Monaco avait Iraola dans le viseur - La Diagonale","robots":{"index":"index","follow":"follow","max-snippet":"max-snippet:-1","max-image-preview":"max-image-preview:large","max-video-preview":"max-video-preview:-1"},"canonical":"https:\/\/www.ladiagonale.net\/index.php\/2023\/06\/19\/monaco-avait-iraola-dans-le-viseur\/","og_locale":"fr_FR","og_type":"article","og_title":"Monaco avait Iraola dans le viseur - La Diagonale","og_description":"L&rsquo;AS Monaco doit trouver un successeur \u00e0 Philippe Clement sur le banc de touche et c&rsquo;est une t\u00e2che qui incombe notamment \u00e0 son futur directeur sportif, Thiago Scuro, qui prendra ses fonctions en Principaut\u00e9 le 1er juillet. Ainsi, au d\u00e9tour de la nomination d&rsquo;Andoni Iraola au poste d&rsquo;entra\u00eeneur \u00e0 Bournemouth, Lo\u00efc Tanzi a indiqu\u00e9 que [...]","og_url":"https:\/\/www.ladiagonale.net\/index.php\/2023\/06\/19\/monaco-avait-iraola-dans-le-viseur\/","og_site_name":"La Diagonale","article_published_time":"2023-06-19T18:40:09+00:00","article_modified_time":"2023-06-19T18:40:13+00:00","og_image":[{"width":1160,"height":650,"url":"https:\/\/www.ladiagonale.net\/wp-content\/uploads\/2023\/06\/iraola.png","type":"image\/png"}],"author":"Damien Dellerba","twitter_card":"summary_large_image","twitter_image":"https:\/\/www.ladiagonale.net\/wp-content\/uploads\/2023\/06\/iraola.png","twitter_misc":{"\u00c9crit par":"Damien Dellerba","Dur\u00e9e de lecture estim\u00e9e":"1 minute"},"schema":{"@context":"https:\/\/schema.org","@graph":[{"@type":"WebPage","@id":"https:\/\/www.ladiagonale.net\/index.php\/2023\/06\/19\/monaco-avait-iraola-dans-le-viseur\/","url":"https:\/\/www.ladiagonale.net\/index.php\/2023\/06\/19\/monaco-avait-iraola-dans-le-viseur\/","name":"Monaco avait Iraola dans le viseur - La Diagonale","isPartOf":{"@id":"https:\/\/www.ladiagonale.net\/#website"},"datePublished":"2023-06-19T18:40:09+00:00","dateModified":"2023-06-19T18:40:13+00:00","author":{"@id":"https:\/\/www.ladiagonale.net\/#\/schema\/person\/79ff1e7b0853ed01b2aa26e64ad300bf"},"breadcrumb":{"@id":"https:\/\/www.ladiagonale.net\/index.php\/2023\/06\/19\/monaco-avait-iraola-dans-le-viseur\/#breadcrumb"},"inLanguage":"fr-FR","potentialAction":[{"@type":"ReadAction","target":["https:\/\/www.ladiagonale.net\/index.php\/2023\/06\/19\/monaco-avait-iraola-dans-le-viseur\/"]}]},{"@type":"BreadcrumbList","@id":"https:\/\/www.ladiagonale.net\/index.php\/2023\/06\/19\/monaco-avait-iraola-dans-le-viseur\/#breadcrumb","itemListElement":[{"@type":"ListItem","position":1,"name":"Accueil","item":"https:\/\/www.ladiagonale.net\/"},{"@type":"ListItem","position":2,"name":"Monaco avait Iraola dans le viseur"}]},{"@type":"WebSite","@id":"https:\/\/www.ladiagonale.net\/#website","url":"https:\/\/www.ladiagonale.net\/","name":"La Diagonale","description":"Le site des supporters de l&#039;AS Monaco FC","potentialAction":[{"@type":"SearchAction","target":{"@type":"EntryPoint","urlTemplate":"https:\/\/www.ladiagonale.net\/?s={search_term_string}"},"query-input":"required name=search_term_string"}],"inLanguage":"fr-FR"},{"@type":"Person","@id":"https:\/\/www.ladiagonale.net\/#\/schema\/person\/79ff1e7b0853ed01b2aa26e64ad300bf","name":"Damien Dellerba","image":{"@type":"ImageObject","inLanguage":"fr-FR","@id":"https:\/\/www.ladiagonale.net\/#\/schema\/person\/image\/","url":"https:\/\/secure.gravatar.com\/avatar\/c7850e06d3ff63cdbaee88b7fc16e2f0?s=96&d=mm&r=g","contentUrl":"https:\/\/secure.gravatar.com\/avatar\/c7850e06d3ff63cdbaee88b7fc16e2f0?s=96&d=mm&r=g","caption":"Damien Dellerba"},"url":"https:\/\/www.ladiagonale.net\/index.php\/author\/damien\/"}]}},"_links":{"self":[{"href":"https:\/\/www.ladiagonale.net\/index.php\/wp-json\/wp\/v2\/posts\/13427"}],"collection":[{"href":"https:\/\/www.ladiagonale.net\/index.php\/wp-json\/wp\/v2\/posts"}],"about":[{"href":"https:\/\/www.ladiagonale.net\/index.php\/wp-json\/wp\/v2\/types\/post"}],"author":[{"embeddable":true,"href":"https:\/\/www.ladiagonale.net\/index.php\/wp-json\/wp\/v2\/users\/2"}],"replies":[{"embeddable":true,"href":"https:\/\/www.ladiagonale.net\/index.php\/wp-json\/wp\/v2\/comments?post=13427"}],"version-history":[{"count":1,"href":"https:\/\/www.ladiagonale.net\/index.php\/wp-json\/wp\/v2\/posts\/13427\/revisions"}],"predecessor-version":[{"id":13429,"href":"https:\/\/www.ladiagonale.net\/index.php\/wp-json\/wp\/v2\/posts\/13427\/revisions\/13429"}],"wp:attachment":[{"href":"https:\/\/www.ladiagonale.net\/index.php\/wp-json\/wp\/v2\/media?parent=13427"}],"wp:term":[{"taxonomy":"category","embeddable":true,"href":"https:\/\/www.ladiagonale.net\/index.php\/wp-json\/wp\/v2\/categories?post=13427"},{"taxonomy":"post_tag","embeddable":true,"href":"https:\/\/www.ladiagonale.net\/index.php\/wp-json\/wp\/v2\/tags?post=13427"}],"curies":[{"name":"wp","href":"https:\/\/api.w.org\/{rel}","templated":true}]}}