{"id":13465,"date":"2023-06-21T17:44:27","date_gmt":"2023-06-21T15:44:27","guid":{"rendered":"https:\/\/www.ladiagonale.net\/?p=13465"},"modified":"2023-06-21T23:41:16","modified_gmt":"2023-06-21T21:41:16","slug":"disasi-devrait-rencontrer-ten-hag-manchester-united","status":"publish","type":"post","link":"https:\/\/www.ladiagonale.net\/index.php\/2023\/06\/21\/disasi-devrait-rencontrer-ten-hag-manchester-united\/","title":{"rendered":"Disasi devrait rencontrer ten Hag (Manchester United)"},"content":{"rendered":"\n<p>Les vacances ne font que commencer pour Axel Disasi, apr\u00e8s la fin du rassemblement de l\u2019\u00e9quipe de France, mais elles seront tr\u00e8s probablement anim\u00e9es. Le d\u00e9fenseur central de l\u2019AS Monaco ne devrait pas rester en Principaut\u00e9 et plusieurs clubs anglais sont \u00e0 l\u2019aff\u00fbt. Il devrait rencontrer prochainement Erik ten Hag, l\u2019entra\u00eeneur de Manchester United, pour s\u2019entretenir avec lui, selon Fabrice Hawkins, journaliste \u00e0 RMC Sport. <\/p>\n\n\n\n<p>Le club des <em>Red Devils<\/em> aurait <a href=\"https:\/\/www.ladiagonale.net\/index.php\/2023\/06\/07\/disasi-aurait-choisi-manchester-united\/\">la pr\u00e9f\u00e9rence de Disasi<\/a>, m\u00eame si aucune offre n\u2019a \u00e9t\u00e9 transmise \u00e0 l\u2019ASM jusqu\u2019\u00e0 pr\u00e9sent. Pour laisser partir son vice-capitaine et vice-champion du monde, l\u2019AS Monaco attendrait une offre d\u2019au moins 40 millions d\u2019euros. Si les Mancuniens semblent avoir une longueur d\u2019avance dans ce dossier, Arsenal et Chelsea seraient en embuscade.<\/p>\n","protected":false},"excerpt":{"rendered":"<p>Les vacances ne font que commencer pour Axel Disasi, apr\u00e8s la fin du rassemblement de l\u2019\u00e9quipe de France, mais elles seront tr\u00e8s probablement anim\u00e9es. Le d\u00e9fenseur central de l\u2019AS Monaco ne devrait pas rester en Principaut\u00e9 et plusieurs clubs anglais sont \u00e0 l\u2019aff\u00fbt. Il devrait rencontrer prochainement Erik ten Hag, l\u2019entra\u00eeneur de Manchester United, pour [&#8230;]\n","protected":false},"author":2,"featured_media":0,"comment_status":"open","ping_status":"open","sticky":false,"template":"","format":"standard","meta":[],"categories":[6],"tags":[86,178,111,110],"yoast_head":"<!-- This site is optimized with the Yoast SEO plugin v19.8 - https:\/\/yoast.com\/wordpress\/plugins\/seo\/ -->\n<title>Disasi devrait rencontrer ten Hag (Manchester United) - La Diagonale<\/title>\n<meta name=\"robots\" content=\"index, follow, max-snippet:-1, max-image-preview:large, max-video-preview:-1\" \/>\n<link rel=\"canonical\" href=\"https:\/\/www.ladiagonale.net\/index.php\/2023\/06\/21\/disasi-devrait-rencontrer-ten-hag-manchester-united\/\" \/>\n<meta property=\"og:locale\" content=\"fr_FR\" \/>\n<meta property=\"og:type\" content=\"article\" \/>\n<meta property=\"og:title\" content=\"Disasi devrait rencontrer ten Hag (Manchester United) - La Diagonale\" \/>\n<meta property=\"og:description\" content=\"Les vacances ne font que commencer pour Axel Disasi, apr\u00e8s la fin du rassemblement de l\u2019\u00e9quipe de France, mais elles seront tr\u00e8s probablement anim\u00e9es. Le d\u00e9fenseur central de l\u2019AS Monaco ne devrait pas rester en Principaut\u00e9 et plusieurs clubs anglais sont \u00e0 l\u2019aff\u00fbt. Il devrait rencontrer prochainement Erik ten Hag, l\u2019entra\u00eeneur de Manchester United, pour [...]\" \/>\n<meta property=\"og:url\" content=\"https:\/\/www.ladiagonale.net\/index.php\/2023\/06\/21\/disasi-devrait-rencontrer-ten-hag-manchester-united\/\" \/>\n<meta property=\"og:site_name\" content=\"La Diagonale\" \/>\n<meta property=\"article:published_time\" content=\"2023-06-21T15:44:27+00:00\" \/>\n<meta property=\"article:modified_time\" content=\"2023-06-21T21:41:16+00:00\" \/>\n<meta property=\"og:image\" content=\"https:\/\/www.ladiagonale.net\/wp-content\/uploads\/2023\/01\/disasi2.png\" \/>\n\t<meta property=\"og:image:width\" content=\"1160\" \/>\n\t<meta property=\"og:image:height\" content=\"650\" \/>\n\t<meta property=\"og:image:type\" content=\"image\/png\" \/>\n<meta name=\"author\" content=\"Damien Dellerba\" \/>\n<meta name=\"twitter:card\" content=\"summary_large_image\" \/>\n<meta name=\"twitter:image\" content=\"https:\/\/www.ladiagonale.net\/wp-content\/uploads\/2023\/01\/disasi2.png\" \/>\n<meta name=\"twitter:label1\" content=\"\u00c9crit par\" \/>\n\t<meta name=\"twitter:data1\" content=\"Damien Dellerba\" \/>\n\t<meta name=\"twitter:label2\" content=\"Dur\u00e9e de lecture estim\u00e9e\" \/>\n\t<meta name=\"twitter:data2\" content=\"1 minute\" \/>\n<script type=\"application\/ld+json\" class=\"yoast-schema-graph\">{\"@context\":\"https:\/\/schema.org\",\"@graph\":[{\"@type\":\"WebPage\",\"@id\":\"https:\/\/www.ladiagonale.net\/index.php\/2023\/06\/21\/disasi-devrait-rencontrer-ten-hag-manchester-united\/\",\"url\":\"https:\/\/www.ladiagonale.net\/index.php\/2023\/06\/21\/disasi-devrait-rencontrer-ten-hag-manchester-united\/\",\"name\":\"Disasi devrait rencontrer ten Hag (Manchester United) - La Diagonale\",\"isPartOf\":{\"@id\":\"https:\/\/www.ladiagonale.net\/#website\"},\"datePublished\":\"2023-06-21T15:44:27+00:00\",\"dateModified\":\"2023-06-21T21:41:16+00:00\",\"author\":{\"@id\":\"https:\/\/www.ladiagonale.net\/#\/schema\/person\/79ff1e7b0853ed01b2aa26e64ad300bf\"},\"breadcrumb\":{\"@id\":\"https:\/\/www.ladiagonale.net\/index.php\/2023\/06\/21\/disasi-devrait-rencontrer-ten-hag-manchester-united\/#breadcrumb\"},\"inLanguage\":\"fr-FR\",\"potentialAction\":[{\"@type\":\"ReadAction\",\"target\":[\"https:\/\/www.ladiagonale.net\/index.php\/2023\/06\/21\/disasi-devrait-rencontrer-ten-hag-manchester-united\/\"]}]},{\"@type\":\"BreadcrumbList\",\"@id\":\"https:\/\/www.ladiagonale.net\/index.php\/2023\/06\/21\/disasi-devrait-rencontrer-ten-hag-manchester-united\/#breadcrumb\",\"itemListElement\":[{\"@type\":\"ListItem\",\"position\":1,\"name\":\"Accueil\",\"item\":\"https:\/\/www.ladiagonale.net\/\"},{\"@type\":\"ListItem\",\"position\":2,\"name\":\"Disasi devrait rencontrer ten Hag (Manchester United)\"}]},{\"@type\":\"WebSite\",\"@id\":\"https:\/\/www.ladiagonale.net\/#website\",\"url\":\"https:\/\/www.ladiagonale.net\/\",\"name\":\"La Diagonale\",\"description\":\"Le site des supporters de l&#039;AS Monaco FC\",\"potentialAction\":[{\"@type\":\"SearchAction\",\"target\":{\"@type\":\"EntryPoint\",\"urlTemplate\":\"https:\/\/www.ladiagonale.net\/?s={search_term_string}\"},\"query-input\":\"required name=search_term_string\"}],\"inLanguage\":\"fr-FR\"},{\"@type\":\"Person\",\"@id\":\"https:\/\/www.ladiagonale.net\/#\/schema\/person\/79ff1e7b0853ed01b2aa26e64ad300bf\",\"name\":\"Damien Dellerba\",\"image\":{\"@type\":\"ImageObject\",\"inLanguage\":\"fr-FR\",\"@id\":\"https:\/\/www.ladiagonale.net\/#\/schema\/person\/image\/\",\"url\":\"https:\/\/secure.gravatar.com\/avatar\/c7850e06d3ff63cdbaee88b7fc16e2f0?s=96&d=mm&r=g\",\"contentUrl\":\"https:\/\/secure.gravatar.com\/avatar\/c7850e06d3ff63cdbaee88b7fc16e2f0?s=96&d=mm&r=g\",\"caption\":\"Damien Dellerba\"},\"url\":\"https:\/\/www.ladiagonale.net\/index.php\/author\/damien\/\"}]}<\/script>\n<!-- \/ Yoast SEO plugin. -->","yoast_head_json":{"title":"Disasi devrait rencontrer ten Hag (Manchester United) - La Diagonale","robots":{"index":"index","follow":"follow","max-snippet":"max-snippet:-1","max-image-preview":"max-image-preview:large","max-video-preview":"max-video-preview:-1"},"canonical":"https:\/\/www.ladiagonale.net\/index.php\/2023\/06\/21\/disasi-devrait-rencontrer-ten-hag-manchester-united\/","og_locale":"fr_FR","og_type":"article","og_title":"Disasi devrait rencontrer ten Hag (Manchester United) - La Diagonale","og_description":"Les vacances ne font que commencer pour Axel Disasi, apr\u00e8s la fin du rassemblement de l\u2019\u00e9quipe de France, mais elles seront tr\u00e8s probablement anim\u00e9es. Le d\u00e9fenseur central de l\u2019AS Monaco ne devrait pas rester en Principaut\u00e9 et plusieurs clubs anglais sont \u00e0 l\u2019aff\u00fbt. Il devrait rencontrer prochainement Erik ten Hag, l\u2019entra\u00eeneur de Manchester United, pour [...]","og_url":"https:\/\/www.ladiagonale.net\/index.php\/2023\/06\/21\/disasi-devrait-rencontrer-ten-hag-manchester-united\/","og_site_name":"La Diagonale","article_published_time":"2023-06-21T15:44:27+00:00","article_modified_time":"2023-06-21T21:41:16+00:00","og_image":[{"width":1160,"height":650,"url":"https:\/\/www.ladiagonale.net\/wp-content\/uploads\/2023\/01\/disasi2.png","type":"image\/png"}],"author":"Damien Dellerba","twitter_card":"summary_large_image","twitter_image":"https:\/\/www.ladiagonale.net\/wp-content\/uploads\/2023\/01\/disasi2.png","twitter_misc":{"\u00c9crit par":"Damien Dellerba","Dur\u00e9e de lecture estim\u00e9e":"1 minute"},"schema":{"@context":"https:\/\/schema.org","@graph":[{"@type":"WebPage","@id":"https:\/\/www.ladiagonale.net\/index.php\/2023\/06\/21\/disasi-devrait-rencontrer-ten-hag-manchester-united\/","url":"https:\/\/www.ladiagonale.net\/index.php\/2023\/06\/21\/disasi-devrait-rencontrer-ten-hag-manchester-united\/","name":"Disasi devrait rencontrer ten Hag (Manchester United) - La Diagonale","isPartOf":{"@id":"https:\/\/www.ladiagonale.net\/#website"},"datePublished":"2023-06-21T15:44:27+00:00","dateModified":"2023-06-21T21:41:16+00:00","author":{"@id":"https:\/\/www.ladiagonale.net\/#\/schema\/person\/79ff1e7b0853ed01b2aa26e64ad300bf"},"breadcrumb":{"@id":"https:\/\/www.ladiagonale.net\/index.php\/2023\/06\/21\/disasi-devrait-rencontrer-ten-hag-manchester-united\/#breadcrumb"},"inLanguage":"fr-FR","potentialAction":[{"@type":"ReadAction","target":["https:\/\/www.ladiagonale.net\/index.php\/2023\/06\/21\/disasi-devrait-rencontrer-ten-hag-manchester-united\/"]}]},{"@type":"BreadcrumbList","@id":"https:\/\/www.ladiagonale.net\/index.php\/2023\/06\/21\/disasi-devrait-rencontrer-ten-hag-manchester-united\/#breadcrumb","itemListElement":[{"@type":"ListItem","position":1,"name":"Accueil","item":"https:\/\/www.ladiagonale.net\/"},{"@type":"ListItem","position":2,"name":"Disasi devrait rencontrer ten Hag (Manchester United)"}]},{"@type":"WebSite","@id":"https:\/\/www.ladiagonale.net\/#website","url":"https:\/\/www.ladiagonale.net\/","name":"La Diagonale","description":"Le site des supporters de l&#039;AS Monaco FC","potentialAction":[{"@type":"SearchAction","target":{"@type":"EntryPoint","urlTemplate":"https:\/\/www.ladiagonale.net\/?s={search_term_string}"},"query-input":"required name=search_term_string"}],"inLanguage":"fr-FR"},{"@type":"Person","@id":"https:\/\/www.ladiagonale.net\/#\/schema\/person\/79ff1e7b0853ed01b2aa26e64ad300bf","name":"Damien Dellerba","image":{"@type":"ImageObject","inLanguage":"fr-FR","@id":"https:\/\/www.ladiagonale.net\/#\/schema\/person\/image\/","url":"https:\/\/secure.gravatar.com\/avatar\/c7850e06d3ff63cdbaee88b7fc16e2f0?s=96&d=mm&r=g","contentUrl":"https:\/\/secure.gravatar.com\/avatar\/c7850e06d3ff63cdbaee88b7fc16e2f0?s=96&d=mm&r=g","caption":"Damien Dellerba"},"url":"https:\/\/www.ladiagonale.net\/index.php\/author\/damien\/"}]}},"_links":{"self":[{"href":"https:\/\/www.ladiagonale.net\/index.php\/wp-json\/wp\/v2\/posts\/13465"}],"collection":[{"href":"https:\/\/www.ladiagonale.net\/index.php\/wp-json\/wp\/v2\/posts"}],"about":[{"href":"https:\/\/www.ladiagonale.net\/index.php\/wp-json\/wp\/v2\/types\/post"}],"author":[{"embeddable":true,"href":"https:\/\/www.ladiagonale.net\/index.php\/wp-json\/wp\/v2\/users\/2"}],"replies":[{"embeddable":true,"href":"https:\/\/www.ladiagonale.net\/index.php\/wp-json\/wp\/v2\/comments?post=13465"}],"version-history":[{"count":4,"href":"https:\/\/www.ladiagonale.net\/index.php\/wp-json\/wp\/v2\/posts\/13465\/revisions"}],"predecessor-version":[{"id":13469,"href":"https:\/\/www.ladiagonale.net\/index.php\/wp-json\/wp\/v2\/posts\/13465\/revisions\/13469"}],"wp:attachment":[{"href":"https:\/\/www.ladiagonale.net\/index.php\/wp-json\/wp\/v2\/media?parent=13465"}],"wp:term":[{"taxonomy":"category","embeddable":true,"href":"https:\/\/www.ladiagonale.net\/index.php\/wp-json\/wp\/v2\/categories?post=13465"},{"taxonomy":"post_tag","embeddable":true,"href":"https:\/\/www.ladiagonale.net\/index.php\/wp-json\/wp\/v2\/tags?post=13465"}],"curies":[{"name":"wp","href":"https:\/\/api.w.org\/{rel}","templated":true}]}}