{"id":13474,"date":"2023-06-22T11:49:24","date_gmt":"2023-06-22T09:49:24","guid":{"rendered":"https:\/\/www.ladiagonale.net\/?p=13474"},"modified":"2023-06-22T11:49:28","modified_gmt":"2023-06-22T09:49:28","slug":"un-autre-belge-pour-succeder-a-clement","status":"publish","type":"post","link":"https:\/\/www.ladiagonale.net\/index.php\/2023\/06\/22\/un-autre-belge-pour-succeder-a-clement\/","title":{"rendered":"Un autre Belge pour succ\u00e9der \u00e0 Clement ?"},"content":{"rendered":"\n\n\n<p>Apr\u00e8s le nom de <a href=\"https:\/\/www.ladiagonale.net\/index.php\/2023\/06\/21\/hutter-plairait-a-monaco\/\">Adi H\u00fctter sorti hier par L&rsquo;\u00c9quipe<\/a>, <em>RMC Sport<\/em> indique que l&rsquo;AS Monaco appr\u00e9cierait \u00e9galement le profil de Karel Geraerts pour remplacer Philippe Clement. L&rsquo;entra\u00eeneur belge n&rsquo;est plus \u00e0 la t\u00eate de l&rsquo;Union Saint-Gilloise depuis ce mardi, limog\u00e9 apr\u00e8s avoir refus\u00e9 une prolongation avec revalorisation salariale \u00e0 un an du terme de son contrat. Une d\u00e9cision qui a pouss\u00e9 le deuxi\u00e8me de <em>Jupiler Pro<\/em> <em>League<\/em> \u00e0 se s\u00e9parer de son entra\u00eeneur sans m\u00e9nagement. <\/p>\n\n\n\n<p>D\u00e9sormais libre, Karel Geraerts suscite les convoitises, dont celles de l&rsquo;AS Monaco, d&rsquo;autant qu&rsquo;il partage les m\u00eames agents que Philippe Clement. Toutefois, celui qui n&rsquo;a qu&rsquo;une seule saison \u00e0 son actif en tant qu&rsquo;entra\u00eeneur principal semble potentiellement plus proche de l&rsquo;OGC Nice. <\/p>\n","protected":false},"excerpt":{"rendered":"<p>Apr\u00e8s le nom de Adi H\u00fctter sorti hier par L&rsquo;\u00c9quipe, RMC Sport indique que l&rsquo;AS Monaco appr\u00e9cierait \u00e9galement le profil de Karel Geraerts pour remplacer Philippe Clement. L&rsquo;entra\u00eeneur belge n&rsquo;est plus \u00e0 la t\u00eate de l&rsquo;Union Saint-Gilloise depuis ce mardi, limog\u00e9 apr\u00e8s avoir refus\u00e9 une prolongation avec revalorisation salariale \u00e0 un an du terme de [&#8230;]\n","protected":false},"author":2,"featured_media":0,"comment_status":"open","ping_status":"open","sticky":false,"template":"","format":"standard","meta":[],"categories":[6],"tags":[86,578],"yoast_head":"<!-- This site is optimized with the Yoast SEO plugin v19.8 - https:\/\/yoast.com\/wordpress\/plugins\/seo\/ -->\n<title>Un autre Belge pour succ\u00e9der \u00e0 Clement ? - La Diagonale<\/title>\n<meta name=\"robots\" content=\"index, follow, max-snippet:-1, max-image-preview:large, max-video-preview:-1\" \/>\n<link rel=\"canonical\" href=\"https:\/\/www.ladiagonale.net\/index.php\/2023\/06\/22\/un-autre-belge-pour-succeder-a-clement\/\" \/>\n<meta property=\"og:locale\" content=\"fr_FR\" \/>\n<meta property=\"og:type\" content=\"article\" \/>\n<meta property=\"og:title\" content=\"Un autre Belge pour succ\u00e9der \u00e0 Clement ? - La Diagonale\" \/>\n<meta property=\"og:description\" content=\"Apr\u00e8s le nom de Adi H\u00fctter sorti hier par L&rsquo;\u00c9quipe, RMC Sport indique que l&rsquo;AS Monaco appr\u00e9cierait \u00e9galement le profil de Karel Geraerts pour remplacer Philippe Clement. L&rsquo;entra\u00eeneur belge n&rsquo;est plus \u00e0 la t\u00eate de l&rsquo;Union Saint-Gilloise depuis ce mardi, limog\u00e9 apr\u00e8s avoir refus\u00e9 une prolongation avec revalorisation salariale \u00e0 un an du terme de [...]\" \/>\n<meta property=\"og:url\" content=\"https:\/\/www.ladiagonale.net\/index.php\/2023\/06\/22\/un-autre-belge-pour-succeder-a-clement\/\" \/>\n<meta property=\"og:site_name\" content=\"La Diagonale\" \/>\n<meta property=\"article:published_time\" content=\"2023-06-22T09:49:24+00:00\" \/>\n<meta property=\"article:modified_time\" content=\"2023-06-22T09:49:28+00:00\" \/>\n<meta property=\"og:image\" content=\"https:\/\/www.ladiagonale.net\/wp-content\/uploads\/2023\/06\/geraerts.png\" \/>\n\t<meta property=\"og:image:width\" content=\"1160\" \/>\n\t<meta property=\"og:image:height\" content=\"650\" \/>\n\t<meta property=\"og:image:type\" content=\"image\/png\" \/>\n<meta name=\"author\" content=\"Damien Dellerba\" \/>\n<meta name=\"twitter:card\" content=\"summary_large_image\" \/>\n<meta name=\"twitter:image\" content=\"https:\/\/www.ladiagonale.net\/wp-content\/uploads\/2023\/06\/geraerts.png\" \/>\n<meta name=\"twitter:label1\" content=\"\u00c9crit par\" \/>\n\t<meta name=\"twitter:data1\" content=\"Damien Dellerba\" \/>\n\t<meta name=\"twitter:label2\" content=\"Dur\u00e9e de lecture estim\u00e9e\" \/>\n\t<meta name=\"twitter:data2\" content=\"1 minute\" \/>\n<script type=\"application\/ld+json\" class=\"yoast-schema-graph\">{\"@context\":\"https:\/\/schema.org\",\"@graph\":[{\"@type\":\"WebPage\",\"@id\":\"https:\/\/www.ladiagonale.net\/index.php\/2023\/06\/22\/un-autre-belge-pour-succeder-a-clement\/\",\"url\":\"https:\/\/www.ladiagonale.net\/index.php\/2023\/06\/22\/un-autre-belge-pour-succeder-a-clement\/\",\"name\":\"Un autre Belge pour succ\u00e9der \u00e0 Clement ? - La Diagonale\",\"isPartOf\":{\"@id\":\"https:\/\/www.ladiagonale.net\/#website\"},\"datePublished\":\"2023-06-22T09:49:24+00:00\",\"dateModified\":\"2023-06-22T09:49:28+00:00\",\"author\":{\"@id\":\"https:\/\/www.ladiagonale.net\/#\/schema\/person\/79ff1e7b0853ed01b2aa26e64ad300bf\"},\"breadcrumb\":{\"@id\":\"https:\/\/www.ladiagonale.net\/index.php\/2023\/06\/22\/un-autre-belge-pour-succeder-a-clement\/#breadcrumb\"},\"inLanguage\":\"fr-FR\",\"potentialAction\":[{\"@type\":\"ReadAction\",\"target\":[\"https:\/\/www.ladiagonale.net\/index.php\/2023\/06\/22\/un-autre-belge-pour-succeder-a-clement\/\"]}]},{\"@type\":\"BreadcrumbList\",\"@id\":\"https:\/\/www.ladiagonale.net\/index.php\/2023\/06\/22\/un-autre-belge-pour-succeder-a-clement\/#breadcrumb\",\"itemListElement\":[{\"@type\":\"ListItem\",\"position\":1,\"name\":\"Accueil\",\"item\":\"https:\/\/www.ladiagonale.net\/\"},{\"@type\":\"ListItem\",\"position\":2,\"name\":\"Un autre Belge pour succ\u00e9der \u00e0 Clement ?\"}]},{\"@type\":\"WebSite\",\"@id\":\"https:\/\/www.ladiagonale.net\/#website\",\"url\":\"https:\/\/www.ladiagonale.net\/\",\"name\":\"La Diagonale\",\"description\":\"Le site des supporters de l&#039;AS Monaco FC\",\"potentialAction\":[{\"@type\":\"SearchAction\",\"target\":{\"@type\":\"EntryPoint\",\"urlTemplate\":\"https:\/\/www.ladiagonale.net\/?s={search_term_string}\"},\"query-input\":\"required name=search_term_string\"}],\"inLanguage\":\"fr-FR\"},{\"@type\":\"Person\",\"@id\":\"https:\/\/www.ladiagonale.net\/#\/schema\/person\/79ff1e7b0853ed01b2aa26e64ad300bf\",\"name\":\"Damien Dellerba\",\"image\":{\"@type\":\"ImageObject\",\"inLanguage\":\"fr-FR\",\"@id\":\"https:\/\/www.ladiagonale.net\/#\/schema\/person\/image\/\",\"url\":\"https:\/\/secure.gravatar.com\/avatar\/c7850e06d3ff63cdbaee88b7fc16e2f0?s=96&d=mm&r=g\",\"contentUrl\":\"https:\/\/secure.gravatar.com\/avatar\/c7850e06d3ff63cdbaee88b7fc16e2f0?s=96&d=mm&r=g\",\"caption\":\"Damien Dellerba\"},\"url\":\"https:\/\/www.ladiagonale.net\/index.php\/author\/damien\/\"}]}<\/script>\n<!-- \/ Yoast SEO plugin. -->","yoast_head_json":{"title":"Un autre Belge pour succ\u00e9der \u00e0 Clement ? - La Diagonale","robots":{"index":"index","follow":"follow","max-snippet":"max-snippet:-1","max-image-preview":"max-image-preview:large","max-video-preview":"max-video-preview:-1"},"canonical":"https:\/\/www.ladiagonale.net\/index.php\/2023\/06\/22\/un-autre-belge-pour-succeder-a-clement\/","og_locale":"fr_FR","og_type":"article","og_title":"Un autre Belge pour succ\u00e9der \u00e0 Clement ? - La Diagonale","og_description":"Apr\u00e8s le nom de Adi H\u00fctter sorti hier par L&rsquo;\u00c9quipe, RMC Sport indique que l&rsquo;AS Monaco appr\u00e9cierait \u00e9galement le profil de Karel Geraerts pour remplacer Philippe Clement. L&rsquo;entra\u00eeneur belge n&rsquo;est plus \u00e0 la t\u00eate de l&rsquo;Union Saint-Gilloise depuis ce mardi, limog\u00e9 apr\u00e8s avoir refus\u00e9 une prolongation avec revalorisation salariale \u00e0 un an du terme de [...]","og_url":"https:\/\/www.ladiagonale.net\/index.php\/2023\/06\/22\/un-autre-belge-pour-succeder-a-clement\/","og_site_name":"La Diagonale","article_published_time":"2023-06-22T09:49:24+00:00","article_modified_time":"2023-06-22T09:49:28+00:00","og_image":[{"width":1160,"height":650,"url":"https:\/\/www.ladiagonale.net\/wp-content\/uploads\/2023\/06\/geraerts.png","type":"image\/png"}],"author":"Damien Dellerba","twitter_card":"summary_large_image","twitter_image":"https:\/\/www.ladiagonale.net\/wp-content\/uploads\/2023\/06\/geraerts.png","twitter_misc":{"\u00c9crit par":"Damien Dellerba","Dur\u00e9e de lecture estim\u00e9e":"1 minute"},"schema":{"@context":"https:\/\/schema.org","@graph":[{"@type":"WebPage","@id":"https:\/\/www.ladiagonale.net\/index.php\/2023\/06\/22\/un-autre-belge-pour-succeder-a-clement\/","url":"https:\/\/www.ladiagonale.net\/index.php\/2023\/06\/22\/un-autre-belge-pour-succeder-a-clement\/","name":"Un autre Belge pour succ\u00e9der \u00e0 Clement ? - La Diagonale","isPartOf":{"@id":"https:\/\/www.ladiagonale.net\/#website"},"datePublished":"2023-06-22T09:49:24+00:00","dateModified":"2023-06-22T09:49:28+00:00","author":{"@id":"https:\/\/www.ladiagonale.net\/#\/schema\/person\/79ff1e7b0853ed01b2aa26e64ad300bf"},"breadcrumb":{"@id":"https:\/\/www.ladiagonale.net\/index.php\/2023\/06\/22\/un-autre-belge-pour-succeder-a-clement\/#breadcrumb"},"inLanguage":"fr-FR","potentialAction":[{"@type":"ReadAction","target":["https:\/\/www.ladiagonale.net\/index.php\/2023\/06\/22\/un-autre-belge-pour-succeder-a-clement\/"]}]},{"@type":"BreadcrumbList","@id":"https:\/\/www.ladiagonale.net\/index.php\/2023\/06\/22\/un-autre-belge-pour-succeder-a-clement\/#breadcrumb","itemListElement":[{"@type":"ListItem","position":1,"name":"Accueil","item":"https:\/\/www.ladiagonale.net\/"},{"@type":"ListItem","position":2,"name":"Un autre Belge pour succ\u00e9der \u00e0 Clement ?"}]},{"@type":"WebSite","@id":"https:\/\/www.ladiagonale.net\/#website","url":"https:\/\/www.ladiagonale.net\/","name":"La Diagonale","description":"Le site des supporters de l&#039;AS Monaco FC","potentialAction":[{"@type":"SearchAction","target":{"@type":"EntryPoint","urlTemplate":"https:\/\/www.ladiagonale.net\/?s={search_term_string}"},"query-input":"required name=search_term_string"}],"inLanguage":"fr-FR"},{"@type":"Person","@id":"https:\/\/www.ladiagonale.net\/#\/schema\/person\/79ff1e7b0853ed01b2aa26e64ad300bf","name":"Damien Dellerba","image":{"@type":"ImageObject","inLanguage":"fr-FR","@id":"https:\/\/www.ladiagonale.net\/#\/schema\/person\/image\/","url":"https:\/\/secure.gravatar.com\/avatar\/c7850e06d3ff63cdbaee88b7fc16e2f0?s=96&d=mm&r=g","contentUrl":"https:\/\/secure.gravatar.com\/avatar\/c7850e06d3ff63cdbaee88b7fc16e2f0?s=96&d=mm&r=g","caption":"Damien Dellerba"},"url":"https:\/\/www.ladiagonale.net\/index.php\/author\/damien\/"}]}},"_links":{"self":[{"href":"https:\/\/www.ladiagonale.net\/index.php\/wp-json\/wp\/v2\/posts\/13474"}],"collection":[{"href":"https:\/\/www.ladiagonale.net\/index.php\/wp-json\/wp\/v2\/posts"}],"about":[{"href":"https:\/\/www.ladiagonale.net\/index.php\/wp-json\/wp\/v2\/types\/post"}],"author":[{"embeddable":true,"href":"https:\/\/www.ladiagonale.net\/index.php\/wp-json\/wp\/v2\/users\/2"}],"replies":[{"embeddable":true,"href":"https:\/\/www.ladiagonale.net\/index.php\/wp-json\/wp\/v2\/comments?post=13474"}],"version-history":[{"count":1,"href":"https:\/\/www.ladiagonale.net\/index.php\/wp-json\/wp\/v2\/posts\/13474\/revisions"}],"predecessor-version":[{"id":13476,"href":"https:\/\/www.ladiagonale.net\/index.php\/wp-json\/wp\/v2\/posts\/13474\/revisions\/13476"}],"wp:attachment":[{"href":"https:\/\/www.ladiagonale.net\/index.php\/wp-json\/wp\/v2\/media?parent=13474"}],"wp:term":[{"taxonomy":"category","embeddable":true,"href":"https:\/\/www.ladiagonale.net\/index.php\/wp-json\/wp\/v2\/categories?post=13474"},{"taxonomy":"post_tag","embeddable":true,"href":"https:\/\/www.ladiagonale.net\/index.php\/wp-json\/wp\/v2\/tags?post=13474"}],"curies":[{"name":"wp","href":"https:\/\/api.w.org\/{rel}","templated":true}]}}