{"id":13479,"date":"2023-06-22T17:53:52","date_gmt":"2023-06-22T15:53:52","guid":{"rendered":"https:\/\/www.ladiagonale.net\/?p=13479"},"modified":"2023-06-22T19:52:37","modified_gmt":"2023-06-22T17:52:37","slug":"embolo-condamne-par-la-justice-suisse","status":"publish","type":"post","link":"https:\/\/www.ladiagonale.net\/index.php\/2023\/06\/22\/embolo-condamne-par-la-justice-suisse\/","title":{"rendered":"Embolo condamn\u00e9 par la justice suisse"},"content":{"rendered":"\n\n\n<p>L&rsquo;attaquant de l&rsquo;AS Monaco Breel Embolo a \u00e9t\u00e9 condamn\u00e9 par la justice suisse ce jeudi <a href=\"https:\/\/www.ladiagonale.net\/index.php\/2023\/03\/13\/embolo-face-a-la-justice-baloise-en-juin\/\">pour des faits remontant \u00e0 mai 2018<\/a>. Lors d&rsquo;une altercation qui s&rsquo;est d\u00e9roul\u00e9e \u00e0 B\u00e2le, aux alentours de 5 heures du matin, l&rsquo;attaquant de l&rsquo;AS Monaco, qui \u00e9tait alors un joueur de Schalke 04 \u00e0 l&rsquo;\u00e9poque, avait prof\u00e9r\u00e9 des menaces. Comme le rapporte le quotidien suisse <em>Le Matin<\/em>, Embolo aurait lanc\u00e9 un \u00ab <em>Je vais vous an\u00e9antir ! Vous ne savez pas qui je suis ?<\/em> \u00bb \u00e0 l&rsquo;un et un \u00ab J<em>e vais te faire tabasser, fils de p*** !<\/em> \u00bb \u00e0 un autre.<\/p>\n\n\n\n<p>Lors de l&rsquo;audience qui s&rsquo;est tenue mercredi dans la ville b\u00e2loise, le buteur mon\u00e9gasque a admis qu&rsquo;il avait pu se montrer grossier lors de cette algarade, m\u00eame s&rsquo;il ne se souvenait plus avec exactitude de ses mots : \u00ab <em>J\u2019ai peut-\u00eatre dit fils de p***. J&rsquo;\u00e9tais f\u00e2ch\u00e9. C&rsquo;est le mot que je dis quand je suis en col\u00e8re. Cela fait cinq ans, je ne me souviens pas exactement.<\/em> \u00bb<\/p>\n\n\n\n<p>Pour la juge en charge de l&rsquo;affaire, le caract\u00e8re d&rsquo;intimidation a bien \u00e9t\u00e9 retenu et le parquet suisse a rendu son verdict en condamnant Breel Embolo \u00e0 une amende avec sursis de 45 jours-amende de 3000 francs, pour un total de 135.000 francs suisses. L&rsquo;attaquant de la <em>Nati<\/em> devra \u00e9galement payer les frais de proc\u00e9dure et indemniser les plaignants. L&rsquo;un d&rsquo;eux avait d&rsquo;ailleurs re\u00e7u un coup, administr\u00e9 par un proche d&rsquo;Embolo.<\/p>\n","protected":false},"excerpt":{"rendered":"<p>L&rsquo;attaquant de l&rsquo;AS Monaco Breel Embolo a \u00e9t\u00e9 condamn\u00e9 par la justice suisse ce jeudi pour des faits remontant \u00e0 mai 2018. Lors d&rsquo;une altercation qui s&rsquo;est d\u00e9roul\u00e9e \u00e0 B\u00e2le, aux alentours de 5 heures du matin, l&rsquo;attaquant de l&rsquo;AS Monaco, qui \u00e9tait alors un joueur de Schalke 04 \u00e0 l&rsquo;\u00e9poque, avait prof\u00e9r\u00e9 des menaces. [&#8230;]\n","protected":false},"author":2,"featured_media":0,"comment_status":"open","ping_status":"open","sticky":false,"template":"","format":"standard","meta":[],"categories":[6],"tags":[86,161,401],"yoast_head":"<!-- This site is optimized with the Yoast SEO plugin v19.8 - https:\/\/yoast.com\/wordpress\/plugins\/seo\/ -->\n<title>Embolo condamn\u00e9 par la justice suisse - La Diagonale<\/title>\n<meta name=\"robots\" content=\"index, follow, max-snippet:-1, max-image-preview:large, max-video-preview:-1\" \/>\n<link rel=\"canonical\" href=\"https:\/\/www.ladiagonale.net\/index.php\/2023\/06\/22\/embolo-condamne-par-la-justice-suisse\/\" \/>\n<meta property=\"og:locale\" content=\"fr_FR\" \/>\n<meta property=\"og:type\" content=\"article\" \/>\n<meta property=\"og:title\" content=\"Embolo condamn\u00e9 par la justice suisse - La Diagonale\" \/>\n<meta property=\"og:description\" content=\"L&rsquo;attaquant de l&rsquo;AS Monaco Breel Embolo a \u00e9t\u00e9 condamn\u00e9 par la justice suisse ce jeudi pour des faits remontant \u00e0 mai 2018. Lors d&rsquo;une altercation qui s&rsquo;est d\u00e9roul\u00e9e \u00e0 B\u00e2le, aux alentours de 5 heures du matin, l&rsquo;attaquant de l&rsquo;AS Monaco, qui \u00e9tait alors un joueur de Schalke 04 \u00e0 l&rsquo;\u00e9poque, avait prof\u00e9r\u00e9 des menaces. [...]\" \/>\n<meta property=\"og:url\" content=\"https:\/\/www.ladiagonale.net\/index.php\/2023\/06\/22\/embolo-condamne-par-la-justice-suisse\/\" \/>\n<meta property=\"og:site_name\" content=\"La Diagonale\" \/>\n<meta property=\"article:published_time\" content=\"2023-06-22T15:53:52+00:00\" \/>\n<meta property=\"article:modified_time\" content=\"2023-06-22T17:52:37+00:00\" \/>\n<meta property=\"og:image\" content=\"https:\/\/www.ladiagonale.net\/wp-content\/uploads\/2023\/06\/embolo-civil.png\" \/>\n\t<meta property=\"og:image:width\" content=\"1160\" \/>\n\t<meta property=\"og:image:height\" content=\"650\" \/>\n\t<meta property=\"og:image:type\" content=\"image\/png\" \/>\n<meta name=\"author\" content=\"Damien Dellerba\" \/>\n<meta name=\"twitter:card\" content=\"summary_large_image\" \/>\n<meta name=\"twitter:image\" content=\"https:\/\/www.ladiagonale.net\/wp-content\/uploads\/2023\/06\/embolo-civil.png\" \/>\n<meta name=\"twitter:label1\" content=\"\u00c9crit par\" \/>\n\t<meta name=\"twitter:data1\" content=\"Damien Dellerba\" \/>\n\t<meta name=\"twitter:label2\" content=\"Dur\u00e9e de lecture estim\u00e9e\" \/>\n\t<meta name=\"twitter:data2\" content=\"2 minutes\" \/>\n<script type=\"application\/ld+json\" class=\"yoast-schema-graph\">{\"@context\":\"https:\/\/schema.org\",\"@graph\":[{\"@type\":\"WebPage\",\"@id\":\"https:\/\/www.ladiagonale.net\/index.php\/2023\/06\/22\/embolo-condamne-par-la-justice-suisse\/\",\"url\":\"https:\/\/www.ladiagonale.net\/index.php\/2023\/06\/22\/embolo-condamne-par-la-justice-suisse\/\",\"name\":\"Embolo condamn\u00e9 par la justice suisse - La Diagonale\",\"isPartOf\":{\"@id\":\"https:\/\/www.ladiagonale.net\/#website\"},\"datePublished\":\"2023-06-22T15:53:52+00:00\",\"dateModified\":\"2023-06-22T17:52:37+00:00\",\"author\":{\"@id\":\"https:\/\/www.ladiagonale.net\/#\/schema\/person\/79ff1e7b0853ed01b2aa26e64ad300bf\"},\"breadcrumb\":{\"@id\":\"https:\/\/www.ladiagonale.net\/index.php\/2023\/06\/22\/embolo-condamne-par-la-justice-suisse\/#breadcrumb\"},\"inLanguage\":\"fr-FR\",\"potentialAction\":[{\"@type\":\"ReadAction\",\"target\":[\"https:\/\/www.ladiagonale.net\/index.php\/2023\/06\/22\/embolo-condamne-par-la-justice-suisse\/\"]}]},{\"@type\":\"BreadcrumbList\",\"@id\":\"https:\/\/www.ladiagonale.net\/index.php\/2023\/06\/22\/embolo-condamne-par-la-justice-suisse\/#breadcrumb\",\"itemListElement\":[{\"@type\":\"ListItem\",\"position\":1,\"name\":\"Accueil\",\"item\":\"https:\/\/www.ladiagonale.net\/\"},{\"@type\":\"ListItem\",\"position\":2,\"name\":\"Embolo condamn\u00e9 par la justice suisse\"}]},{\"@type\":\"WebSite\",\"@id\":\"https:\/\/www.ladiagonale.net\/#website\",\"url\":\"https:\/\/www.ladiagonale.net\/\",\"name\":\"La Diagonale\",\"description\":\"Le site des supporters de l&#039;AS Monaco FC\",\"potentialAction\":[{\"@type\":\"SearchAction\",\"target\":{\"@type\":\"EntryPoint\",\"urlTemplate\":\"https:\/\/www.ladiagonale.net\/?s={search_term_string}\"},\"query-input\":\"required name=search_term_string\"}],\"inLanguage\":\"fr-FR\"},{\"@type\":\"Person\",\"@id\":\"https:\/\/www.ladiagonale.net\/#\/schema\/person\/79ff1e7b0853ed01b2aa26e64ad300bf\",\"name\":\"Damien Dellerba\",\"image\":{\"@type\":\"ImageObject\",\"inLanguage\":\"fr-FR\",\"@id\":\"https:\/\/www.ladiagonale.net\/#\/schema\/person\/image\/\",\"url\":\"https:\/\/secure.gravatar.com\/avatar\/c7850e06d3ff63cdbaee88b7fc16e2f0?s=96&d=mm&r=g\",\"contentUrl\":\"https:\/\/secure.gravatar.com\/avatar\/c7850e06d3ff63cdbaee88b7fc16e2f0?s=96&d=mm&r=g\",\"caption\":\"Damien Dellerba\"},\"url\":\"https:\/\/www.ladiagonale.net\/index.php\/author\/damien\/\"}]}<\/script>\n<!-- \/ Yoast SEO plugin. -->","yoast_head_json":{"title":"Embolo condamn\u00e9 par la justice suisse - La Diagonale","robots":{"index":"index","follow":"follow","max-snippet":"max-snippet:-1","max-image-preview":"max-image-preview:large","max-video-preview":"max-video-preview:-1"},"canonical":"https:\/\/www.ladiagonale.net\/index.php\/2023\/06\/22\/embolo-condamne-par-la-justice-suisse\/","og_locale":"fr_FR","og_type":"article","og_title":"Embolo condamn\u00e9 par la justice suisse - La Diagonale","og_description":"L&rsquo;attaquant de l&rsquo;AS Monaco Breel Embolo a \u00e9t\u00e9 condamn\u00e9 par la justice suisse ce jeudi pour des faits remontant \u00e0 mai 2018. Lors d&rsquo;une altercation qui s&rsquo;est d\u00e9roul\u00e9e \u00e0 B\u00e2le, aux alentours de 5 heures du matin, l&rsquo;attaquant de l&rsquo;AS Monaco, qui \u00e9tait alors un joueur de Schalke 04 \u00e0 l&rsquo;\u00e9poque, avait prof\u00e9r\u00e9 des menaces. [...]","og_url":"https:\/\/www.ladiagonale.net\/index.php\/2023\/06\/22\/embolo-condamne-par-la-justice-suisse\/","og_site_name":"La Diagonale","article_published_time":"2023-06-22T15:53:52+00:00","article_modified_time":"2023-06-22T17:52:37+00:00","og_image":[{"width":1160,"height":650,"url":"https:\/\/www.ladiagonale.net\/wp-content\/uploads\/2023\/06\/embolo-civil.png","type":"image\/png"}],"author":"Damien Dellerba","twitter_card":"summary_large_image","twitter_image":"https:\/\/www.ladiagonale.net\/wp-content\/uploads\/2023\/06\/embolo-civil.png","twitter_misc":{"\u00c9crit par":"Damien Dellerba","Dur\u00e9e de lecture estim\u00e9e":"2 minutes"},"schema":{"@context":"https:\/\/schema.org","@graph":[{"@type":"WebPage","@id":"https:\/\/www.ladiagonale.net\/index.php\/2023\/06\/22\/embolo-condamne-par-la-justice-suisse\/","url":"https:\/\/www.ladiagonale.net\/index.php\/2023\/06\/22\/embolo-condamne-par-la-justice-suisse\/","name":"Embolo condamn\u00e9 par la justice suisse - La Diagonale","isPartOf":{"@id":"https:\/\/www.ladiagonale.net\/#website"},"datePublished":"2023-06-22T15:53:52+00:00","dateModified":"2023-06-22T17:52:37+00:00","author":{"@id":"https:\/\/www.ladiagonale.net\/#\/schema\/person\/79ff1e7b0853ed01b2aa26e64ad300bf"},"breadcrumb":{"@id":"https:\/\/www.ladiagonale.net\/index.php\/2023\/06\/22\/embolo-condamne-par-la-justice-suisse\/#breadcrumb"},"inLanguage":"fr-FR","potentialAction":[{"@type":"ReadAction","target":["https:\/\/www.ladiagonale.net\/index.php\/2023\/06\/22\/embolo-condamne-par-la-justice-suisse\/"]}]},{"@type":"BreadcrumbList","@id":"https:\/\/www.ladiagonale.net\/index.php\/2023\/06\/22\/embolo-condamne-par-la-justice-suisse\/#breadcrumb","itemListElement":[{"@type":"ListItem","position":1,"name":"Accueil","item":"https:\/\/www.ladiagonale.net\/"},{"@type":"ListItem","position":2,"name":"Embolo condamn\u00e9 par la justice suisse"}]},{"@type":"WebSite","@id":"https:\/\/www.ladiagonale.net\/#website","url":"https:\/\/www.ladiagonale.net\/","name":"La Diagonale","description":"Le site des supporters de l&#039;AS Monaco FC","potentialAction":[{"@type":"SearchAction","target":{"@type":"EntryPoint","urlTemplate":"https:\/\/www.ladiagonale.net\/?s={search_term_string}"},"query-input":"required name=search_term_string"}],"inLanguage":"fr-FR"},{"@type":"Person","@id":"https:\/\/www.ladiagonale.net\/#\/schema\/person\/79ff1e7b0853ed01b2aa26e64ad300bf","name":"Damien Dellerba","image":{"@type":"ImageObject","inLanguage":"fr-FR","@id":"https:\/\/www.ladiagonale.net\/#\/schema\/person\/image\/","url":"https:\/\/secure.gravatar.com\/avatar\/c7850e06d3ff63cdbaee88b7fc16e2f0?s=96&d=mm&r=g","contentUrl":"https:\/\/secure.gravatar.com\/avatar\/c7850e06d3ff63cdbaee88b7fc16e2f0?s=96&d=mm&r=g","caption":"Damien Dellerba"},"url":"https:\/\/www.ladiagonale.net\/index.php\/author\/damien\/"}]}},"_links":{"self":[{"href":"https:\/\/www.ladiagonale.net\/index.php\/wp-json\/wp\/v2\/posts\/13479"}],"collection":[{"href":"https:\/\/www.ladiagonale.net\/index.php\/wp-json\/wp\/v2\/posts"}],"about":[{"href":"https:\/\/www.ladiagonale.net\/index.php\/wp-json\/wp\/v2\/types\/post"}],"author":[{"embeddable":true,"href":"https:\/\/www.ladiagonale.net\/index.php\/wp-json\/wp\/v2\/users\/2"}],"replies":[{"embeddable":true,"href":"https:\/\/www.ladiagonale.net\/index.php\/wp-json\/wp\/v2\/comments?post=13479"}],"version-history":[{"count":2,"href":"https:\/\/www.ladiagonale.net\/index.php\/wp-json\/wp\/v2\/posts\/13479\/revisions"}],"predecessor-version":[{"id":13482,"href":"https:\/\/www.ladiagonale.net\/index.php\/wp-json\/wp\/v2\/posts\/13479\/revisions\/13482"}],"wp:attachment":[{"href":"https:\/\/www.ladiagonale.net\/index.php\/wp-json\/wp\/v2\/media?parent=13479"}],"wp:term":[{"taxonomy":"category","embeddable":true,"href":"https:\/\/www.ladiagonale.net\/index.php\/wp-json\/wp\/v2\/categories?post=13479"},{"taxonomy":"post_tag","embeddable":true,"href":"https:\/\/www.ladiagonale.net\/index.php\/wp-json\/wp\/v2\/tags?post=13479"}],"curies":[{"name":"wp","href":"https:\/\/api.w.org\/{rel}","templated":true}]}}