{"id":13483,"date":"2023-06-23T13:05:17","date_gmt":"2023-06-23T11:05:17","guid":{"rendered":"https:\/\/www.ladiagonale.net\/?p=13483"},"modified":"2023-06-23T13:38:57","modified_gmt":"2023-06-23T11:38:57","slug":"une-reponse-attendue-lundi-pour-la-coupe-deurope","status":"publish","type":"post","link":"https:\/\/www.ladiagonale.net\/index.php\/2023\/06\/23\/une-reponse-attendue-lundi-pour-la-coupe-deurope\/","title":{"rendered":"Une r\u00e9ponse attendue lundi pour la coupe d&rsquo;Europe"},"content":{"rendered":"\n\n\n<p>Si l&rsquo;AS Monaco n&rsquo;a pas \u00e9t\u00e9 capable de se qualifier pour la coupe d&rsquo;Europe sur le terrain, elle peut encore esp\u00e9rer r\u00e9cup\u00e9rer une place europ\u00e9enne sur tapis vert. Depuis quelques semaines, le cas de Toulouse, qui a obtenu un ticket pour la Ligue Europa gr\u00e2ce \u00e0 sa victoire en Coupe de France, est suspendu \u00e0 la d\u00e9cision de l&rsquo;UEFA quant \u00e0 la validation de sa participation. <\/p>\n\n\n\n<p>En cause, le fond d&rsquo;investissement <em>RedBird Capital Partners<\/em> qui d\u00e9tient le TFC et qui est \u00e9galement devenu actionnaire majoritaire de l&rsquo;AC Milan en 2022, alors que l&rsquo;instance dirigeante du football europ\u00e9en n&rsquo;autorise pas que deux clubs d\u00e9tenus par une m\u00eame entit\u00e9 puissent participer \u00e0 la m\u00eame comp\u00e9tition. Si le Milan s&rsquo;est qualifi\u00e9 pour la Ligue des champions, il peut toujours \u00eatre revers\u00e9 en Ligue Europa \u00e0 l&rsquo;issue de la phase de poules et pourrait potentiellement tomber face au TFC. <\/p>\n\n\n\n<p>La chambre de contr\u00f4le financier des clubs de l&rsquo;UEFA se prononcera ce lundi pour statuer d\u00e9finitivement sur cette question, m\u00eame si elle pourrait communiquer plus tard sa d\u00e9cision, pr\u00e9cise <em>L&rsquo;\u00c9quipe<\/em>. Si Toulouse venait \u00e0 \u00eatre recal\u00e9, Lille (5<sup>e<\/sup> du dernier exercice) monterait en gamme et obtiendrait un ticket direct pour la Ligue Europa tandis que Monaco r\u00e9cup\u00e9rerait celui de Lille, \u00e0 savoir celui des barrages pour la Ligue Europa Conf\u00e9rence.<\/p>\n","protected":false},"excerpt":{"rendered":"<p>Si l&rsquo;AS Monaco n&rsquo;a pas \u00e9t\u00e9 capable de se qualifier pour la coupe d&rsquo;Europe sur le terrain, elle peut encore esp\u00e9rer r\u00e9cup\u00e9rer une place europ\u00e9enne sur tapis vert. Depuis quelques semaines, le cas de Toulouse, qui a obtenu un ticket pour la Ligue Europa gr\u00e2ce \u00e0 sa victoire en Coupe de France, est suspendu \u00e0 [&#8230;]\n","protected":false},"author":2,"featured_media":0,"comment_status":"open","ping_status":"open","sticky":false,"template":"","format":"standard","meta":[],"categories":[6],"tags":[86,579,434],"yoast_head":"<!-- This site is optimized with the Yoast SEO plugin v19.8 - https:\/\/yoast.com\/wordpress\/plugins\/seo\/ -->\n<title>Une r\u00e9ponse attendue lundi pour la coupe d&#039;Europe - La Diagonale<\/title>\n<meta name=\"robots\" content=\"index, follow, max-snippet:-1, max-image-preview:large, max-video-preview:-1\" \/>\n<link rel=\"canonical\" href=\"https:\/\/www.ladiagonale.net\/index.php\/2023\/06\/23\/une-reponse-attendue-lundi-pour-la-coupe-deurope\/\" \/>\n<meta property=\"og:locale\" content=\"fr_FR\" \/>\n<meta property=\"og:type\" content=\"article\" \/>\n<meta property=\"og:title\" content=\"Une r\u00e9ponse attendue lundi pour la coupe d&#039;Europe - La Diagonale\" \/>\n<meta property=\"og:description\" content=\"Si l&rsquo;AS Monaco n&rsquo;a pas \u00e9t\u00e9 capable de se qualifier pour la coupe d&rsquo;Europe sur le terrain, elle peut encore esp\u00e9rer r\u00e9cup\u00e9rer une place europ\u00e9enne sur tapis vert. Depuis quelques semaines, le cas de Toulouse, qui a obtenu un ticket pour la Ligue Europa gr\u00e2ce \u00e0 sa victoire en Coupe de France, est suspendu \u00e0 [...]\" \/>\n<meta property=\"og:url\" content=\"https:\/\/www.ladiagonale.net\/index.php\/2023\/06\/23\/une-reponse-attendue-lundi-pour-la-coupe-deurope\/\" \/>\n<meta property=\"og:site_name\" content=\"La Diagonale\" \/>\n<meta property=\"article:published_time\" content=\"2023-06-23T11:05:17+00:00\" \/>\n<meta property=\"article:modified_time\" content=\"2023-06-23T11:38:57+00:00\" \/>\n<meta property=\"og:image\" content=\"https:\/\/www.ladiagonale.net\/wp-content\/uploads\/2023\/03\/uefa-1.png\" \/>\n\t<meta property=\"og:image:width\" content=\"1160\" \/>\n\t<meta property=\"og:image:height\" content=\"650\" \/>\n\t<meta property=\"og:image:type\" content=\"image\/png\" \/>\n<meta name=\"author\" content=\"Damien Dellerba\" \/>\n<meta name=\"twitter:card\" content=\"summary_large_image\" \/>\n<meta name=\"twitter:image\" content=\"https:\/\/www.ladiagonale.net\/wp-content\/uploads\/2023\/03\/uefa-1.png\" \/>\n<meta name=\"twitter:label1\" content=\"\u00c9crit par\" \/>\n\t<meta name=\"twitter:data1\" content=\"Damien Dellerba\" \/>\n\t<meta name=\"twitter:label2\" content=\"Dur\u00e9e de lecture estim\u00e9e\" \/>\n\t<meta name=\"twitter:data2\" content=\"2 minutes\" \/>\n<script type=\"application\/ld+json\" class=\"yoast-schema-graph\">{\"@context\":\"https:\/\/schema.org\",\"@graph\":[{\"@type\":\"WebPage\",\"@id\":\"https:\/\/www.ladiagonale.net\/index.php\/2023\/06\/23\/une-reponse-attendue-lundi-pour-la-coupe-deurope\/\",\"url\":\"https:\/\/www.ladiagonale.net\/index.php\/2023\/06\/23\/une-reponse-attendue-lundi-pour-la-coupe-deurope\/\",\"name\":\"Une r\u00e9ponse attendue lundi pour la coupe d'Europe - La Diagonale\",\"isPartOf\":{\"@id\":\"https:\/\/www.ladiagonale.net\/#website\"},\"datePublished\":\"2023-06-23T11:05:17+00:00\",\"dateModified\":\"2023-06-23T11:38:57+00:00\",\"author\":{\"@id\":\"https:\/\/www.ladiagonale.net\/#\/schema\/person\/79ff1e7b0853ed01b2aa26e64ad300bf\"},\"breadcrumb\":{\"@id\":\"https:\/\/www.ladiagonale.net\/index.php\/2023\/06\/23\/une-reponse-attendue-lundi-pour-la-coupe-deurope\/#breadcrumb\"},\"inLanguage\":\"fr-FR\",\"potentialAction\":[{\"@type\":\"ReadAction\",\"target\":[\"https:\/\/www.ladiagonale.net\/index.php\/2023\/06\/23\/une-reponse-attendue-lundi-pour-la-coupe-deurope\/\"]}]},{\"@type\":\"BreadcrumbList\",\"@id\":\"https:\/\/www.ladiagonale.net\/index.php\/2023\/06\/23\/une-reponse-attendue-lundi-pour-la-coupe-deurope\/#breadcrumb\",\"itemListElement\":[{\"@type\":\"ListItem\",\"position\":1,\"name\":\"Accueil\",\"item\":\"https:\/\/www.ladiagonale.net\/\"},{\"@type\":\"ListItem\",\"position\":2,\"name\":\"Une r\u00e9ponse attendue lundi pour la coupe d&rsquo;Europe\"}]},{\"@type\":\"WebSite\",\"@id\":\"https:\/\/www.ladiagonale.net\/#website\",\"url\":\"https:\/\/www.ladiagonale.net\/\",\"name\":\"La Diagonale\",\"description\":\"Le site des supporters de l&#039;AS Monaco FC\",\"potentialAction\":[{\"@type\":\"SearchAction\",\"target\":{\"@type\":\"EntryPoint\",\"urlTemplate\":\"https:\/\/www.ladiagonale.net\/?s={search_term_string}\"},\"query-input\":\"required name=search_term_string\"}],\"inLanguage\":\"fr-FR\"},{\"@type\":\"Person\",\"@id\":\"https:\/\/www.ladiagonale.net\/#\/schema\/person\/79ff1e7b0853ed01b2aa26e64ad300bf\",\"name\":\"Damien Dellerba\",\"image\":{\"@type\":\"ImageObject\",\"inLanguage\":\"fr-FR\",\"@id\":\"https:\/\/www.ladiagonale.net\/#\/schema\/person\/image\/\",\"url\":\"https:\/\/secure.gravatar.com\/avatar\/c7850e06d3ff63cdbaee88b7fc16e2f0?s=96&d=mm&r=g\",\"contentUrl\":\"https:\/\/secure.gravatar.com\/avatar\/c7850e06d3ff63cdbaee88b7fc16e2f0?s=96&d=mm&r=g\",\"caption\":\"Damien Dellerba\"},\"url\":\"https:\/\/www.ladiagonale.net\/index.php\/author\/damien\/\"}]}<\/script>\n<!-- \/ Yoast SEO plugin. -->","yoast_head_json":{"title":"Une r\u00e9ponse attendue lundi pour la coupe d'Europe - La Diagonale","robots":{"index":"index","follow":"follow","max-snippet":"max-snippet:-1","max-image-preview":"max-image-preview:large","max-video-preview":"max-video-preview:-1"},"canonical":"https:\/\/www.ladiagonale.net\/index.php\/2023\/06\/23\/une-reponse-attendue-lundi-pour-la-coupe-deurope\/","og_locale":"fr_FR","og_type":"article","og_title":"Une r\u00e9ponse attendue lundi pour la coupe d'Europe - La Diagonale","og_description":"Si l&rsquo;AS Monaco n&rsquo;a pas \u00e9t\u00e9 capable de se qualifier pour la coupe d&rsquo;Europe sur le terrain, elle peut encore esp\u00e9rer r\u00e9cup\u00e9rer une place europ\u00e9enne sur tapis vert. Depuis quelques semaines, le cas de Toulouse, qui a obtenu un ticket pour la Ligue Europa gr\u00e2ce \u00e0 sa victoire en Coupe de France, est suspendu \u00e0 [...]","og_url":"https:\/\/www.ladiagonale.net\/index.php\/2023\/06\/23\/une-reponse-attendue-lundi-pour-la-coupe-deurope\/","og_site_name":"La Diagonale","article_published_time":"2023-06-23T11:05:17+00:00","article_modified_time":"2023-06-23T11:38:57+00:00","og_image":[{"width":1160,"height":650,"url":"https:\/\/www.ladiagonale.net\/wp-content\/uploads\/2023\/03\/uefa-1.png","type":"image\/png"}],"author":"Damien Dellerba","twitter_card":"summary_large_image","twitter_image":"https:\/\/www.ladiagonale.net\/wp-content\/uploads\/2023\/03\/uefa-1.png","twitter_misc":{"\u00c9crit par":"Damien Dellerba","Dur\u00e9e de lecture estim\u00e9e":"2 minutes"},"schema":{"@context":"https:\/\/schema.org","@graph":[{"@type":"WebPage","@id":"https:\/\/www.ladiagonale.net\/index.php\/2023\/06\/23\/une-reponse-attendue-lundi-pour-la-coupe-deurope\/","url":"https:\/\/www.ladiagonale.net\/index.php\/2023\/06\/23\/une-reponse-attendue-lundi-pour-la-coupe-deurope\/","name":"Une r\u00e9ponse attendue lundi pour la coupe d'Europe - La Diagonale","isPartOf":{"@id":"https:\/\/www.ladiagonale.net\/#website"},"datePublished":"2023-06-23T11:05:17+00:00","dateModified":"2023-06-23T11:38:57+00:00","author":{"@id":"https:\/\/www.ladiagonale.net\/#\/schema\/person\/79ff1e7b0853ed01b2aa26e64ad300bf"},"breadcrumb":{"@id":"https:\/\/www.ladiagonale.net\/index.php\/2023\/06\/23\/une-reponse-attendue-lundi-pour-la-coupe-deurope\/#breadcrumb"},"inLanguage":"fr-FR","potentialAction":[{"@type":"ReadAction","target":["https:\/\/www.ladiagonale.net\/index.php\/2023\/06\/23\/une-reponse-attendue-lundi-pour-la-coupe-deurope\/"]}]},{"@type":"BreadcrumbList","@id":"https:\/\/www.ladiagonale.net\/index.php\/2023\/06\/23\/une-reponse-attendue-lundi-pour-la-coupe-deurope\/#breadcrumb","itemListElement":[{"@type":"ListItem","position":1,"name":"Accueil","item":"https:\/\/www.ladiagonale.net\/"},{"@type":"ListItem","position":2,"name":"Une r\u00e9ponse attendue lundi pour la coupe d&rsquo;Europe"}]},{"@type":"WebSite","@id":"https:\/\/www.ladiagonale.net\/#website","url":"https:\/\/www.ladiagonale.net\/","name":"La Diagonale","description":"Le site des supporters de l&#039;AS Monaco FC","potentialAction":[{"@type":"SearchAction","target":{"@type":"EntryPoint","urlTemplate":"https:\/\/www.ladiagonale.net\/?s={search_term_string}"},"query-input":"required name=search_term_string"}],"inLanguage":"fr-FR"},{"@type":"Person","@id":"https:\/\/www.ladiagonale.net\/#\/schema\/person\/79ff1e7b0853ed01b2aa26e64ad300bf","name":"Damien Dellerba","image":{"@type":"ImageObject","inLanguage":"fr-FR","@id":"https:\/\/www.ladiagonale.net\/#\/schema\/person\/image\/","url":"https:\/\/secure.gravatar.com\/avatar\/c7850e06d3ff63cdbaee88b7fc16e2f0?s=96&d=mm&r=g","contentUrl":"https:\/\/secure.gravatar.com\/avatar\/c7850e06d3ff63cdbaee88b7fc16e2f0?s=96&d=mm&r=g","caption":"Damien Dellerba"},"url":"https:\/\/www.ladiagonale.net\/index.php\/author\/damien\/"}]}},"_links":{"self":[{"href":"https:\/\/www.ladiagonale.net\/index.php\/wp-json\/wp\/v2\/posts\/13483"}],"collection":[{"href":"https:\/\/www.ladiagonale.net\/index.php\/wp-json\/wp\/v2\/posts"}],"about":[{"href":"https:\/\/www.ladiagonale.net\/index.php\/wp-json\/wp\/v2\/types\/post"}],"author":[{"embeddable":true,"href":"https:\/\/www.ladiagonale.net\/index.php\/wp-json\/wp\/v2\/users\/2"}],"replies":[{"embeddable":true,"href":"https:\/\/www.ladiagonale.net\/index.php\/wp-json\/wp\/v2\/comments?post=13483"}],"version-history":[{"count":3,"href":"https:\/\/www.ladiagonale.net\/index.php\/wp-json\/wp\/v2\/posts\/13483\/revisions"}],"predecessor-version":[{"id":13487,"href":"https:\/\/www.ladiagonale.net\/index.php\/wp-json\/wp\/v2\/posts\/13483\/revisions\/13487"}],"wp:attachment":[{"href":"https:\/\/www.ladiagonale.net\/index.php\/wp-json\/wp\/v2\/media?parent=13483"}],"wp:term":[{"taxonomy":"category","embeddable":true,"href":"https:\/\/www.ladiagonale.net\/index.php\/wp-json\/wp\/v2\/categories?post=13483"},{"taxonomy":"post_tag","embeddable":true,"href":"https:\/\/www.ladiagonale.net\/index.php\/wp-json\/wp\/v2\/tags?post=13483"}],"curies":[{"name":"wp","href":"https:\/\/api.w.org\/{rel}","templated":true}]}}