{"id":13488,"date":"2023-06-24T09:26:53","date_gmt":"2023-06-24T07:26:53","guid":{"rendered":"https:\/\/www.ladiagonale.net\/?p=13488"},"modified":"2023-06-24T09:28:49","modified_gmt":"2023-06-24T07:28:49","slug":"monaco-sur-le-podium-des-centres-de-formation-de-ligue-1","status":"publish","type":"post","link":"https:\/\/www.ladiagonale.net\/index.php\/2023\/06\/24\/monaco-sur-le-podium-des-centres-de-formation-de-ligue-1\/","title":{"rendered":"Monaco sur le podium des centres de formation de Ligue 1"},"content":{"rendered":"\n<p>La F\u00e9d\u00e9ration Fran\u00e7aise de Football a publi\u00e9 les performances des centres de formation des clubs professionnels fran\u00e7ais et \u00e9valu\u00e9 leur efficacit\u00e9. Cinqui\u00e8me la saison pass\u00e9e, l\u2019ASM \u00e0 rehauss\u00e9 son niveau avec une note moyenne de 3,7\/5, ce qui lui permet de prendre la troisi\u00e8me place, derri\u00e8re Rennes et Lyon et devant le Paris Saint-Germain.<\/p>\n\n\n\n<p>Cinq crit\u00e8res servent \u00e0 l\u2019\u00e9valuation des structures de formation.<\/p>\n\n\n\n<p><strong>Professionnalisation<\/strong><\/p>\n\n\n\n<p>Ce crit\u00e8re comprend les joueurs U16 \u00e0 U23 sous contrat professionnel dans les deux premi\u00e8res divisions des dix premiers pays au classement UEFA ainsi que le National. Sur cette premi\u00e8re condition, l\u2019ASM empoche le maximum d\u2019\u00e9toiles (5), comme les deux saisons derni\u00e8res.<\/p>\n\n\n\n<p><strong>Temps de jeu en \u00e9quipe premi\u00e8re du club formateur<\/strong><\/p>\n\n\n\n<p>Ce crit\u00e8re comptabilise le temps de jeu par minutes avec le club formateur et pour toutes les comp\u00e9titions officielles auquel il prend part. Le nombre de minutes est multipli\u00e9 par un coefficient qui va d\u00e9croissant \u00e0 mesure que le joueur avance en \u00e2ge. Quoiqu\u2019il en soit, c\u2019est clairement sur ce point que le b\u00e2t blesse, comme lors des deux derni\u00e8res saisons et le temps de jeu de Beno\u00eet Badiashile ou encore Eliesse Ben Seghir n\u2019a pas suffi. Monaco baisse encore un peu plus et passe de 2,5\/5 \u00e0 1,5\/5.<\/p>\n\n\n\n<p><strong>S\u00e9lections nationales<\/strong><\/p>\n\n\n\n<p>Ce troisi\u00e8me crit\u00e8re, qui recense le nombre de rencontres internationales, indiff\u00e9remment de la nation repr\u00e9sent\u00e9e, voit l\u2019ASM baisser l\u00e9g\u00e8rement. De 4 \u00e9toiles en 2020-2021, elle avait atteint le maximum de 5 en 2022 et se trouve d\u00e9sormais entre les deux pour la derni\u00e8re saison, avec une \u00e9valuation de 4,5\/5.<\/p>\n\n\n\n<p><strong>Scolarit\u00e9<\/strong><\/p>\n\n\n\n<p>Il s\u2019agit du nombre de dipl\u00f4me obtenus au sein des centres sur ann\u00e9e. M\u00eame s\u2019il s\u2019agit d\u2019un crit\u00e8re hors football, il est \u00e9videmment essentiel dans le cadre d\u2019une formation qui s\u2019\u00e9tend sur une grande partie de l\u2019adolescence jusqu\u2019au d\u00e9but de l\u2019\u00e2ge adulte. Ici, le niveau des dipl\u00f4mes sert \u00e0 \u00e9laborer le bar\u00e8me de points. Les dipl\u00f4mes de Niveau 3 (CAP, BEP) rapportent 5 points. Les dipl\u00f4mes de niveau 4 (Baccalaur\u00e9at) rapportent 20 points, ceux de niveau 5 (BTS, DUT) rapportent 25 points et enfin les dipl\u00f4mes de niveau 6 (Licence, Master 1) permettent d\u2019empocher 40 points. Monaco se maintient par rapport \u00e0 la saison pass\u00e9e avec une note de 4\/5.<\/p>\n\n\n\n<p><strong>Repr\u00e9sentation europ\u00e9enne<\/strong><\/p>\n\n\n\n<p>Ce dernier crit\u00e8re est un peu plus englobant puisqu\u2019il permet notamment de consid\u00e9rer les joueurs qui ont eu une convention de formation d\u2019un an minimum mais qui n\u2019\u00e9voluent plus n\u00e9cessairement au club. Sur ce point l\u2019ASM remonte, passant de 3,5 \u00e0 4 \u00e9toiles cette ann\u00e9e.<\/p>\n\n\n\n<p>N.B. : <em>Toutes les donn\u00e9es ont \u00e9t\u00e9 arr\u00eat\u00e9es au 31 mai de l\u2019ann\u00e9e en cours<\/em><\/p>\n","protected":false},"excerpt":{"rendered":"<p>La F\u00e9d\u00e9ration Fran\u00e7aise de Football a publi\u00e9 les performances des centres de formation des clubs professionnels fran\u00e7ais et \u00e9valu\u00e9 leur efficacit\u00e9. Cinqui\u00e8me la saison pass\u00e9e, l\u2019ASM \u00e0 rehauss\u00e9 son niveau avec une note moyenne de 3,7\/5, ce qui lui permet de prendre la troisi\u00e8me place, derri\u00e8re Rennes et Lyon et devant le Paris Saint-Germain. Cinq [&#8230;]\n","protected":false},"author":2,"featured_media":0,"comment_status":"open","ping_status":"open","sticky":false,"template":"","format":"standard","meta":[],"categories":[6],"tags":[76,86,580],"yoast_head":"<!-- This site is optimized with the Yoast SEO plugin v19.8 - https:\/\/yoast.com\/wordpress\/plugins\/seo\/ -->\n<title>Monaco sur le podium des centres de formation de Ligue 1 - La Diagonale<\/title>\n<meta name=\"robots\" content=\"index, follow, max-snippet:-1, max-image-preview:large, max-video-preview:-1\" \/>\n<link rel=\"canonical\" href=\"https:\/\/www.ladiagonale.net\/index.php\/2023\/06\/24\/monaco-sur-le-podium-des-centres-de-formation-de-ligue-1\/\" \/>\n<meta property=\"og:locale\" content=\"fr_FR\" \/>\n<meta property=\"og:type\" content=\"article\" \/>\n<meta property=\"og:title\" content=\"Monaco sur le podium des centres de formation de Ligue 1 - La Diagonale\" \/>\n<meta property=\"og:description\" content=\"La F\u00e9d\u00e9ration Fran\u00e7aise de Football a publi\u00e9 les performances des centres de formation des clubs professionnels fran\u00e7ais et \u00e9valu\u00e9 leur efficacit\u00e9. Cinqui\u00e8me la saison pass\u00e9e, l\u2019ASM \u00e0 rehauss\u00e9 son niveau avec une note moyenne de 3,7\/5, ce qui lui permet de prendre la troisi\u00e8me place, derri\u00e8re Rennes et Lyon et devant le Paris Saint-Germain. Cinq [...]\" \/>\n<meta property=\"og:url\" content=\"https:\/\/www.ladiagonale.net\/index.php\/2023\/06\/24\/monaco-sur-le-podium-des-centres-de-formation-de-ligue-1\/\" \/>\n<meta property=\"og:site_name\" content=\"La Diagonale\" \/>\n<meta property=\"article:published_time\" content=\"2023-06-24T07:26:53+00:00\" \/>\n<meta property=\"article:modified_time\" content=\"2023-06-24T07:28:49+00:00\" \/>\n<meta property=\"og:image\" content=\"https:\/\/www.ladiagonale.net\/wp-content\/uploads\/2023\/01\/Groupe-elite.png\" \/>\n\t<meta property=\"og:image:width\" content=\"1160\" \/>\n\t<meta property=\"og:image:height\" content=\"650\" \/>\n\t<meta property=\"og:image:type\" content=\"image\/png\" \/>\n<meta name=\"author\" content=\"Damien Dellerba\" \/>\n<meta name=\"twitter:card\" content=\"summary_large_image\" \/>\n<meta name=\"twitter:image\" content=\"https:\/\/www.ladiagonale.net\/wp-content\/uploads\/2023\/01\/Groupe-elite.png\" \/>\n<meta name=\"twitter:label1\" content=\"\u00c9crit par\" \/>\n\t<meta name=\"twitter:data1\" content=\"Damien Dellerba\" \/>\n\t<meta name=\"twitter:label2\" content=\"Dur\u00e9e de lecture estim\u00e9e\" \/>\n\t<meta name=\"twitter:data2\" content=\"3 minutes\" \/>\n<script type=\"application\/ld+json\" class=\"yoast-schema-graph\">{\"@context\":\"https:\/\/schema.org\",\"@graph\":[{\"@type\":\"WebPage\",\"@id\":\"https:\/\/www.ladiagonale.net\/index.php\/2023\/06\/24\/monaco-sur-le-podium-des-centres-de-formation-de-ligue-1\/\",\"url\":\"https:\/\/www.ladiagonale.net\/index.php\/2023\/06\/24\/monaco-sur-le-podium-des-centres-de-formation-de-ligue-1\/\",\"name\":\"Monaco sur le podium des centres de formation de Ligue 1 - La Diagonale\",\"isPartOf\":{\"@id\":\"https:\/\/www.ladiagonale.net\/#website\"},\"datePublished\":\"2023-06-24T07:26:53+00:00\",\"dateModified\":\"2023-06-24T07:28:49+00:00\",\"author\":{\"@id\":\"https:\/\/www.ladiagonale.net\/#\/schema\/person\/79ff1e7b0853ed01b2aa26e64ad300bf\"},\"breadcrumb\":{\"@id\":\"https:\/\/www.ladiagonale.net\/index.php\/2023\/06\/24\/monaco-sur-le-podium-des-centres-de-formation-de-ligue-1\/#breadcrumb\"},\"inLanguage\":\"fr-FR\",\"potentialAction\":[{\"@type\":\"ReadAction\",\"target\":[\"https:\/\/www.ladiagonale.net\/index.php\/2023\/06\/24\/monaco-sur-le-podium-des-centres-de-formation-de-ligue-1\/\"]}]},{\"@type\":\"BreadcrumbList\",\"@id\":\"https:\/\/www.ladiagonale.net\/index.php\/2023\/06\/24\/monaco-sur-le-podium-des-centres-de-formation-de-ligue-1\/#breadcrumb\",\"itemListElement\":[{\"@type\":\"ListItem\",\"position\":1,\"name\":\"Accueil\",\"item\":\"https:\/\/www.ladiagonale.net\/\"},{\"@type\":\"ListItem\",\"position\":2,\"name\":\"Monaco sur le podium des centres de formation de Ligue 1\"}]},{\"@type\":\"WebSite\",\"@id\":\"https:\/\/www.ladiagonale.net\/#website\",\"url\":\"https:\/\/www.ladiagonale.net\/\",\"name\":\"La Diagonale\",\"description\":\"Le site des supporters de l&#039;AS Monaco FC\",\"potentialAction\":[{\"@type\":\"SearchAction\",\"target\":{\"@type\":\"EntryPoint\",\"urlTemplate\":\"https:\/\/www.ladiagonale.net\/?s={search_term_string}\"},\"query-input\":\"required name=search_term_string\"}],\"inLanguage\":\"fr-FR\"},{\"@type\":\"Person\",\"@id\":\"https:\/\/www.ladiagonale.net\/#\/schema\/person\/79ff1e7b0853ed01b2aa26e64ad300bf\",\"name\":\"Damien Dellerba\",\"image\":{\"@type\":\"ImageObject\",\"inLanguage\":\"fr-FR\",\"@id\":\"https:\/\/www.ladiagonale.net\/#\/schema\/person\/image\/\",\"url\":\"https:\/\/secure.gravatar.com\/avatar\/c7850e06d3ff63cdbaee88b7fc16e2f0?s=96&d=mm&r=g\",\"contentUrl\":\"https:\/\/secure.gravatar.com\/avatar\/c7850e06d3ff63cdbaee88b7fc16e2f0?s=96&d=mm&r=g\",\"caption\":\"Damien Dellerba\"},\"url\":\"https:\/\/www.ladiagonale.net\/index.php\/author\/damien\/\"}]}<\/script>\n<!-- \/ Yoast SEO plugin. -->","yoast_head_json":{"title":"Monaco sur le podium des centres de formation de Ligue 1 - La Diagonale","robots":{"index":"index","follow":"follow","max-snippet":"max-snippet:-1","max-image-preview":"max-image-preview:large","max-video-preview":"max-video-preview:-1"},"canonical":"https:\/\/www.ladiagonale.net\/index.php\/2023\/06\/24\/monaco-sur-le-podium-des-centres-de-formation-de-ligue-1\/","og_locale":"fr_FR","og_type":"article","og_title":"Monaco sur le podium des centres de formation de Ligue 1 - La Diagonale","og_description":"La F\u00e9d\u00e9ration Fran\u00e7aise de Football a publi\u00e9 les performances des centres de formation des clubs professionnels fran\u00e7ais et \u00e9valu\u00e9 leur efficacit\u00e9. Cinqui\u00e8me la saison pass\u00e9e, l\u2019ASM \u00e0 rehauss\u00e9 son niveau avec une note moyenne de 3,7\/5, ce qui lui permet de prendre la troisi\u00e8me place, derri\u00e8re Rennes et Lyon et devant le Paris Saint-Germain. Cinq [...]","og_url":"https:\/\/www.ladiagonale.net\/index.php\/2023\/06\/24\/monaco-sur-le-podium-des-centres-de-formation-de-ligue-1\/","og_site_name":"La Diagonale","article_published_time":"2023-06-24T07:26:53+00:00","article_modified_time":"2023-06-24T07:28:49+00:00","og_image":[{"width":1160,"height":650,"url":"https:\/\/www.ladiagonale.net\/wp-content\/uploads\/2023\/01\/Groupe-elite.png","type":"image\/png"}],"author":"Damien Dellerba","twitter_card":"summary_large_image","twitter_image":"https:\/\/www.ladiagonale.net\/wp-content\/uploads\/2023\/01\/Groupe-elite.png","twitter_misc":{"\u00c9crit par":"Damien Dellerba","Dur\u00e9e de lecture estim\u00e9e":"3 minutes"},"schema":{"@context":"https:\/\/schema.org","@graph":[{"@type":"WebPage","@id":"https:\/\/www.ladiagonale.net\/index.php\/2023\/06\/24\/monaco-sur-le-podium-des-centres-de-formation-de-ligue-1\/","url":"https:\/\/www.ladiagonale.net\/index.php\/2023\/06\/24\/monaco-sur-le-podium-des-centres-de-formation-de-ligue-1\/","name":"Monaco sur le podium des centres de formation de Ligue 1 - La Diagonale","isPartOf":{"@id":"https:\/\/www.ladiagonale.net\/#website"},"datePublished":"2023-06-24T07:26:53+00:00","dateModified":"2023-06-24T07:28:49+00:00","author":{"@id":"https:\/\/www.ladiagonale.net\/#\/schema\/person\/79ff1e7b0853ed01b2aa26e64ad300bf"},"breadcrumb":{"@id":"https:\/\/www.ladiagonale.net\/index.php\/2023\/06\/24\/monaco-sur-le-podium-des-centres-de-formation-de-ligue-1\/#breadcrumb"},"inLanguage":"fr-FR","potentialAction":[{"@type":"ReadAction","target":["https:\/\/www.ladiagonale.net\/index.php\/2023\/06\/24\/monaco-sur-le-podium-des-centres-de-formation-de-ligue-1\/"]}]},{"@type":"BreadcrumbList","@id":"https:\/\/www.ladiagonale.net\/index.php\/2023\/06\/24\/monaco-sur-le-podium-des-centres-de-formation-de-ligue-1\/#breadcrumb","itemListElement":[{"@type":"ListItem","position":1,"name":"Accueil","item":"https:\/\/www.ladiagonale.net\/"},{"@type":"ListItem","position":2,"name":"Monaco sur le podium des centres de formation de Ligue 1"}]},{"@type":"WebSite","@id":"https:\/\/www.ladiagonale.net\/#website","url":"https:\/\/www.ladiagonale.net\/","name":"La Diagonale","description":"Le site des supporters de l&#039;AS Monaco FC","potentialAction":[{"@type":"SearchAction","target":{"@type":"EntryPoint","urlTemplate":"https:\/\/www.ladiagonale.net\/?s={search_term_string}"},"query-input":"required name=search_term_string"}],"inLanguage":"fr-FR"},{"@type":"Person","@id":"https:\/\/www.ladiagonale.net\/#\/schema\/person\/79ff1e7b0853ed01b2aa26e64ad300bf","name":"Damien Dellerba","image":{"@type":"ImageObject","inLanguage":"fr-FR","@id":"https:\/\/www.ladiagonale.net\/#\/schema\/person\/image\/","url":"https:\/\/secure.gravatar.com\/avatar\/c7850e06d3ff63cdbaee88b7fc16e2f0?s=96&d=mm&r=g","contentUrl":"https:\/\/secure.gravatar.com\/avatar\/c7850e06d3ff63cdbaee88b7fc16e2f0?s=96&d=mm&r=g","caption":"Damien Dellerba"},"url":"https:\/\/www.ladiagonale.net\/index.php\/author\/damien\/"}]}},"_links":{"self":[{"href":"https:\/\/www.ladiagonale.net\/index.php\/wp-json\/wp\/v2\/posts\/13488"}],"collection":[{"href":"https:\/\/www.ladiagonale.net\/index.php\/wp-json\/wp\/v2\/posts"}],"about":[{"href":"https:\/\/www.ladiagonale.net\/index.php\/wp-json\/wp\/v2\/types\/post"}],"author":[{"embeddable":true,"href":"https:\/\/www.ladiagonale.net\/index.php\/wp-json\/wp\/v2\/users\/2"}],"replies":[{"embeddable":true,"href":"https:\/\/www.ladiagonale.net\/index.php\/wp-json\/wp\/v2\/comments?post=13488"}],"version-history":[{"count":3,"href":"https:\/\/www.ladiagonale.net\/index.php\/wp-json\/wp\/v2\/posts\/13488\/revisions"}],"predecessor-version":[{"id":13491,"href":"https:\/\/www.ladiagonale.net\/index.php\/wp-json\/wp\/v2\/posts\/13488\/revisions\/13491"}],"wp:attachment":[{"href":"https:\/\/www.ladiagonale.net\/index.php\/wp-json\/wp\/v2\/media?parent=13488"}],"wp:term":[{"taxonomy":"category","embeddable":true,"href":"https:\/\/www.ladiagonale.net\/index.php\/wp-json\/wp\/v2\/categories?post=13488"},{"taxonomy":"post_tag","embeddable":true,"href":"https:\/\/www.ladiagonale.net\/index.php\/wp-json\/wp\/v2\/tags?post=13488"}],"curies":[{"name":"wp","href":"https:\/\/api.w.org\/{rel}","templated":true}]}}