{"id":13492,"date":"2023-06-24T20:29:53","date_gmt":"2023-06-24T18:29:53","guid":{"rendered":"https:\/\/www.ladiagonale.net\/?p=13492"},"modified":"2023-06-24T20:40:07","modified_gmt":"2023-06-24T18:40:07","slug":"le-groupe-elite-va-de-nouveau-participer-au-tournoi-europeen-u21","status":"publish","type":"post","link":"https:\/\/www.ladiagonale.net\/index.php\/2023\/06\/24\/le-groupe-elite-va-de-nouveau-participer-au-tournoi-europeen-u21\/","title":{"rendered":"Le Groupe \u00c9lite va de nouveau participer au Tournoi europ\u00e9en U21"},"content":{"rendered":"\n<p>C\u2019\u00e9tait un des premiers rendez-vous du Groupe \u00c9lite la saison derni\u00e8re et cela sera de nouveau le cas cette saison. L\u2019AS Monaco a indiqu\u00e9 sur son site officiel qu\u2019elle prendra part au Tournoi europ\u00e9en U21, qui se tiendra du 28 au 30 juillet au centre technique de Bretagne, \u00e0 Ploufragan. \u00c0 l\u2019exception de Tottenham, remplac\u00e9 par Bournemouth, les \u00e9quipes de l\u2019an dernier ont \u00e9t\u00e9 invit\u00e9es de nouveau elles aussi, comme Rennes, Nice ou le Standard de Li\u00e8ge. <\/p>\n\n\n\n<p>Comme en 2018, Monaco avait perdu en finale l\u2019ann\u00e9e derni\u00e8re. L\u2019\u00e9quipe dirig\u00e9e par Damien Perrinelle avait failli s\u2019imposer mais c\u2019est finalement Guingamp qui avait d\u00e9croch\u00e9 la timbale en battant l\u2019ASM (2-0). La formation bretonne sera d\u2019ailleurs pr\u00e9sente pour d\u00e9fendre son titre. C\u00f4t\u00e9 mon\u00e9gasque, on avait pu se consoler avec le titre de meilleur joueur pour Edan Diop et celui de meilleur gardien pour Lisandru Olmeta.<\/p>\n","protected":false},"excerpt":{"rendered":"<p>C\u2019\u00e9tait un des premiers rendez-vous du Groupe \u00c9lite la saison derni\u00e8re et cela sera de nouveau le cas cette saison. L\u2019AS Monaco a indiqu\u00e9 sur son site officiel qu\u2019elle prendra part au Tournoi europ\u00e9en U21, qui se tiendra du 28 au 30 juillet au centre technique de Bretagne, \u00e0 Ploufragan. \u00c0 l\u2019exception de Tottenham, remplac\u00e9 [&#8230;]\n","protected":false},"author":2,"featured_media":0,"comment_status":"open","ping_status":"open","sticky":false,"template":"","format":"standard","meta":[],"categories":[6],"tags":[76,86,228,581],"yoast_head":"<!-- This site is optimized with the Yoast SEO plugin v19.8 - https:\/\/yoast.com\/wordpress\/plugins\/seo\/ -->\n<title>Le Groupe \u00c9lite va de nouveau participer au Tournoi europ\u00e9en U21 - La Diagonale<\/title>\n<meta name=\"robots\" content=\"index, follow, max-snippet:-1, max-image-preview:large, max-video-preview:-1\" \/>\n<link rel=\"canonical\" href=\"https:\/\/www.ladiagonale.net\/index.php\/2023\/06\/24\/le-groupe-elite-va-de-nouveau-participer-au-tournoi-europeen-u21\/\" \/>\n<meta property=\"og:locale\" content=\"fr_FR\" \/>\n<meta property=\"og:type\" content=\"article\" \/>\n<meta property=\"og:title\" content=\"Le Groupe \u00c9lite va de nouveau participer au Tournoi europ\u00e9en U21 - La Diagonale\" \/>\n<meta property=\"og:description\" content=\"C\u2019\u00e9tait un des premiers rendez-vous du Groupe \u00c9lite la saison derni\u00e8re et cela sera de nouveau le cas cette saison. L\u2019AS Monaco a indiqu\u00e9 sur son site officiel qu\u2019elle prendra part au Tournoi europ\u00e9en U21, qui se tiendra du 28 au 30 juillet au centre technique de Bretagne, \u00e0 Ploufragan. \u00c0 l\u2019exception de Tottenham, remplac\u00e9 [...]\" \/>\n<meta property=\"og:url\" content=\"https:\/\/www.ladiagonale.net\/index.php\/2023\/06\/24\/le-groupe-elite-va-de-nouveau-participer-au-tournoi-europeen-u21\/\" \/>\n<meta property=\"og:site_name\" content=\"La Diagonale\" \/>\n<meta property=\"article:published_time\" content=\"2023-06-24T18:29:53+00:00\" \/>\n<meta property=\"article:modified_time\" content=\"2023-06-24T18:40:07+00:00\" \/>\n<meta property=\"og:image\" content=\"https:\/\/www.ladiagonale.net\/wp-content\/uploads\/2023\/01\/perrinelle.png\" \/>\n\t<meta property=\"og:image:width\" content=\"1160\" \/>\n\t<meta property=\"og:image:height\" content=\"650\" \/>\n\t<meta property=\"og:image:type\" content=\"image\/png\" \/>\n<meta name=\"author\" content=\"Damien Dellerba\" \/>\n<meta name=\"twitter:card\" content=\"summary_large_image\" \/>\n<meta name=\"twitter:image\" content=\"https:\/\/www.ladiagonale.net\/wp-content\/uploads\/2023\/01\/perrinelle.png\" \/>\n<meta name=\"twitter:label1\" content=\"\u00c9crit par\" \/>\n\t<meta name=\"twitter:data1\" content=\"Damien Dellerba\" \/>\n\t<meta name=\"twitter:label2\" content=\"Dur\u00e9e de lecture estim\u00e9e\" \/>\n\t<meta name=\"twitter:data2\" content=\"1 minute\" \/>\n<script type=\"application\/ld+json\" class=\"yoast-schema-graph\">{\"@context\":\"https:\/\/schema.org\",\"@graph\":[{\"@type\":\"WebPage\",\"@id\":\"https:\/\/www.ladiagonale.net\/index.php\/2023\/06\/24\/le-groupe-elite-va-de-nouveau-participer-au-tournoi-europeen-u21\/\",\"url\":\"https:\/\/www.ladiagonale.net\/index.php\/2023\/06\/24\/le-groupe-elite-va-de-nouveau-participer-au-tournoi-europeen-u21\/\",\"name\":\"Le Groupe \u00c9lite va de nouveau participer au Tournoi europ\u00e9en U21 - La Diagonale\",\"isPartOf\":{\"@id\":\"https:\/\/www.ladiagonale.net\/#website\"},\"datePublished\":\"2023-06-24T18:29:53+00:00\",\"dateModified\":\"2023-06-24T18:40:07+00:00\",\"author\":{\"@id\":\"https:\/\/www.ladiagonale.net\/#\/schema\/person\/79ff1e7b0853ed01b2aa26e64ad300bf\"},\"breadcrumb\":{\"@id\":\"https:\/\/www.ladiagonale.net\/index.php\/2023\/06\/24\/le-groupe-elite-va-de-nouveau-participer-au-tournoi-europeen-u21\/#breadcrumb\"},\"inLanguage\":\"fr-FR\",\"potentialAction\":[{\"@type\":\"ReadAction\",\"target\":[\"https:\/\/www.ladiagonale.net\/index.php\/2023\/06\/24\/le-groupe-elite-va-de-nouveau-participer-au-tournoi-europeen-u21\/\"]}]},{\"@type\":\"BreadcrumbList\",\"@id\":\"https:\/\/www.ladiagonale.net\/index.php\/2023\/06\/24\/le-groupe-elite-va-de-nouveau-participer-au-tournoi-europeen-u21\/#breadcrumb\",\"itemListElement\":[{\"@type\":\"ListItem\",\"position\":1,\"name\":\"Accueil\",\"item\":\"https:\/\/www.ladiagonale.net\/\"},{\"@type\":\"ListItem\",\"position\":2,\"name\":\"Le Groupe \u00c9lite va de nouveau participer au Tournoi europ\u00e9en U21\"}]},{\"@type\":\"WebSite\",\"@id\":\"https:\/\/www.ladiagonale.net\/#website\",\"url\":\"https:\/\/www.ladiagonale.net\/\",\"name\":\"La Diagonale\",\"description\":\"Le site des supporters de l&#039;AS Monaco FC\",\"potentialAction\":[{\"@type\":\"SearchAction\",\"target\":{\"@type\":\"EntryPoint\",\"urlTemplate\":\"https:\/\/www.ladiagonale.net\/?s={search_term_string}\"},\"query-input\":\"required name=search_term_string\"}],\"inLanguage\":\"fr-FR\"},{\"@type\":\"Person\",\"@id\":\"https:\/\/www.ladiagonale.net\/#\/schema\/person\/79ff1e7b0853ed01b2aa26e64ad300bf\",\"name\":\"Damien Dellerba\",\"image\":{\"@type\":\"ImageObject\",\"inLanguage\":\"fr-FR\",\"@id\":\"https:\/\/www.ladiagonale.net\/#\/schema\/person\/image\/\",\"url\":\"https:\/\/secure.gravatar.com\/avatar\/c7850e06d3ff63cdbaee88b7fc16e2f0?s=96&d=mm&r=g\",\"contentUrl\":\"https:\/\/secure.gravatar.com\/avatar\/c7850e06d3ff63cdbaee88b7fc16e2f0?s=96&d=mm&r=g\",\"caption\":\"Damien Dellerba\"},\"url\":\"https:\/\/www.ladiagonale.net\/index.php\/author\/damien\/\"}]}<\/script>\n<!-- \/ Yoast SEO plugin. -->","yoast_head_json":{"title":"Le Groupe \u00c9lite va de nouveau participer au Tournoi europ\u00e9en U21 - La Diagonale","robots":{"index":"index","follow":"follow","max-snippet":"max-snippet:-1","max-image-preview":"max-image-preview:large","max-video-preview":"max-video-preview:-1"},"canonical":"https:\/\/www.ladiagonale.net\/index.php\/2023\/06\/24\/le-groupe-elite-va-de-nouveau-participer-au-tournoi-europeen-u21\/","og_locale":"fr_FR","og_type":"article","og_title":"Le Groupe \u00c9lite va de nouveau participer au Tournoi europ\u00e9en U21 - La Diagonale","og_description":"C\u2019\u00e9tait un des premiers rendez-vous du Groupe \u00c9lite la saison derni\u00e8re et cela sera de nouveau le cas cette saison. L\u2019AS Monaco a indiqu\u00e9 sur son site officiel qu\u2019elle prendra part au Tournoi europ\u00e9en U21, qui se tiendra du 28 au 30 juillet au centre technique de Bretagne, \u00e0 Ploufragan. \u00c0 l\u2019exception de Tottenham, remplac\u00e9 [...]","og_url":"https:\/\/www.ladiagonale.net\/index.php\/2023\/06\/24\/le-groupe-elite-va-de-nouveau-participer-au-tournoi-europeen-u21\/","og_site_name":"La Diagonale","article_published_time":"2023-06-24T18:29:53+00:00","article_modified_time":"2023-06-24T18:40:07+00:00","og_image":[{"width":1160,"height":650,"url":"https:\/\/www.ladiagonale.net\/wp-content\/uploads\/2023\/01\/perrinelle.png","type":"image\/png"}],"author":"Damien Dellerba","twitter_card":"summary_large_image","twitter_image":"https:\/\/www.ladiagonale.net\/wp-content\/uploads\/2023\/01\/perrinelle.png","twitter_misc":{"\u00c9crit par":"Damien Dellerba","Dur\u00e9e de lecture estim\u00e9e":"1 minute"},"schema":{"@context":"https:\/\/schema.org","@graph":[{"@type":"WebPage","@id":"https:\/\/www.ladiagonale.net\/index.php\/2023\/06\/24\/le-groupe-elite-va-de-nouveau-participer-au-tournoi-europeen-u21\/","url":"https:\/\/www.ladiagonale.net\/index.php\/2023\/06\/24\/le-groupe-elite-va-de-nouveau-participer-au-tournoi-europeen-u21\/","name":"Le Groupe \u00c9lite va de nouveau participer au Tournoi europ\u00e9en U21 - La Diagonale","isPartOf":{"@id":"https:\/\/www.ladiagonale.net\/#website"},"datePublished":"2023-06-24T18:29:53+00:00","dateModified":"2023-06-24T18:40:07+00:00","author":{"@id":"https:\/\/www.ladiagonale.net\/#\/schema\/person\/79ff1e7b0853ed01b2aa26e64ad300bf"},"breadcrumb":{"@id":"https:\/\/www.ladiagonale.net\/index.php\/2023\/06\/24\/le-groupe-elite-va-de-nouveau-participer-au-tournoi-europeen-u21\/#breadcrumb"},"inLanguage":"fr-FR","potentialAction":[{"@type":"ReadAction","target":["https:\/\/www.ladiagonale.net\/index.php\/2023\/06\/24\/le-groupe-elite-va-de-nouveau-participer-au-tournoi-europeen-u21\/"]}]},{"@type":"BreadcrumbList","@id":"https:\/\/www.ladiagonale.net\/index.php\/2023\/06\/24\/le-groupe-elite-va-de-nouveau-participer-au-tournoi-europeen-u21\/#breadcrumb","itemListElement":[{"@type":"ListItem","position":1,"name":"Accueil","item":"https:\/\/www.ladiagonale.net\/"},{"@type":"ListItem","position":2,"name":"Le Groupe \u00c9lite va de nouveau participer au Tournoi europ\u00e9en U21"}]},{"@type":"WebSite","@id":"https:\/\/www.ladiagonale.net\/#website","url":"https:\/\/www.ladiagonale.net\/","name":"La Diagonale","description":"Le site des supporters de l&#039;AS Monaco FC","potentialAction":[{"@type":"SearchAction","target":{"@type":"EntryPoint","urlTemplate":"https:\/\/www.ladiagonale.net\/?s={search_term_string}"},"query-input":"required name=search_term_string"}],"inLanguage":"fr-FR"},{"@type":"Person","@id":"https:\/\/www.ladiagonale.net\/#\/schema\/person\/79ff1e7b0853ed01b2aa26e64ad300bf","name":"Damien Dellerba","image":{"@type":"ImageObject","inLanguage":"fr-FR","@id":"https:\/\/www.ladiagonale.net\/#\/schema\/person\/image\/","url":"https:\/\/secure.gravatar.com\/avatar\/c7850e06d3ff63cdbaee88b7fc16e2f0?s=96&d=mm&r=g","contentUrl":"https:\/\/secure.gravatar.com\/avatar\/c7850e06d3ff63cdbaee88b7fc16e2f0?s=96&d=mm&r=g","caption":"Damien Dellerba"},"url":"https:\/\/www.ladiagonale.net\/index.php\/author\/damien\/"}]}},"_links":{"self":[{"href":"https:\/\/www.ladiagonale.net\/index.php\/wp-json\/wp\/v2\/posts\/13492"}],"collection":[{"href":"https:\/\/www.ladiagonale.net\/index.php\/wp-json\/wp\/v2\/posts"}],"about":[{"href":"https:\/\/www.ladiagonale.net\/index.php\/wp-json\/wp\/v2\/types\/post"}],"author":[{"embeddable":true,"href":"https:\/\/www.ladiagonale.net\/index.php\/wp-json\/wp\/v2\/users\/2"}],"replies":[{"embeddable":true,"href":"https:\/\/www.ladiagonale.net\/index.php\/wp-json\/wp\/v2\/comments?post=13492"}],"version-history":[{"count":2,"href":"https:\/\/www.ladiagonale.net\/index.php\/wp-json\/wp\/v2\/posts\/13492\/revisions"}],"predecessor-version":[{"id":13494,"href":"https:\/\/www.ladiagonale.net\/index.php\/wp-json\/wp\/v2\/posts\/13492\/revisions\/13494"}],"wp:attachment":[{"href":"https:\/\/www.ladiagonale.net\/index.php\/wp-json\/wp\/v2\/media?parent=13492"}],"wp:term":[{"taxonomy":"category","embeddable":true,"href":"https:\/\/www.ladiagonale.net\/index.php\/wp-json\/wp\/v2\/categories?post=13492"},{"taxonomy":"post_tag","embeddable":true,"href":"https:\/\/www.ladiagonale.net\/index.php\/wp-json\/wp\/v2\/tags?post=13492"}],"curies":[{"name":"wp","href":"https:\/\/api.w.org\/{rel}","templated":true}]}}